{"id":13523,"date":"2022-02-04T15:26:44","date_gmt":"2022-02-04T18:26:44","guid":{"rendered":"https:\/\/radiorevelacionfm.cl\/?p=13523"},"modified":"2022-02-04T15:26:44","modified_gmt":"2022-02-04T18:26:44","slug":"firman-convenio-para-puesta-en-marcha-del-programa-de-salud-oral-en-box-dental-de-escuela-gabriela-mistral","status":"publish","type":"post","link":"https:\/\/radiorevelacionfm.cl\/?p=13523","title":{"rendered":"Firman convenio para puesta en marcha del programa de Salud Oral en Box Dental de Escuela Gabriela Mistral"},"content":{"rendered":"<div class=\"flex_column av_one_full  flex_column_div av-zero-column-padding first  avia-builder-el-0  el_before_av_one_full  avia-builder-el-first  \" style='border-radius:0px; '><div  class='avia-image-container  av-styling-    avia-builder-el-1  avia-builder-el-no-sibling  avia-align-center '  itemprop=\"image\" itemscope=\"itemscope\" itemtype=\"https:\/\/schema.org\/ImageObject\"  ><div class='avia-image-container-inner'><div class='avia-image-overlay-wrap'><img decoding=\"async\" class='wp-image-13524 avia-img-lazy-loading-not-13524 avia_image' src=\"https:\/\/radiorevelacionfm.cl\/wp-content\/uploads\/2022\/02\/273298580_4757709081022715_3889942930040813521_n-3.jpg\" alt='' title='273298580_4757709081022715_3889942930040813521_n-3' height=\"720\" width=\"960\"  itemprop=\"thumbnailUrl\" srcset=\"https:\/\/radiorevelacionfm.cl\/wp-content\/uploads\/2022\/02\/273298580_4757709081022715_3889942930040813521_n-3.jpg 960w, https:\/\/radiorevelacionfm.cl\/wp-content\/uploads\/2022\/02\/273298580_4757709081022715_3889942930040813521_n-3-300x225.jpg 300w, https:\/\/radiorevelacionfm.cl\/wp-content\/uploads\/2022\/02\/273298580_4757709081022715_3889942930040813521_n-3-768x576.jpg 768w, https:\/\/radiorevelacionfm.cl\/wp-content\/uploads\/2022\/02\/273298580_4757709081022715_3889942930040813521_n-3-705x529.jpg 705w, https:\/\/radiorevelacionfm.cl\/wp-content\/uploads\/2022\/02\/273298580_4757709081022715_3889942930040813521_n-3-600x450.jpg 600w\" sizes=\"(max-width: 960px) 100vw, 960px\" \/><\/div><\/div><\/div><\/div><div class=\"flex_column av_one_full  flex_column_div av-zero-column-padding first  avia-builder-el-2  el_after_av_one_full  el_before_av_one_full  column-top-margin\" style='border-radius:0px; '><section class=\"av_textblock_section \"  itemscope=\"itemscope\" itemtype=\"https:\/\/schema.org\/BlogPosting\" itemprop=\"blogPost\" ><div class='avia_textblock  '   itemprop=\"text\" ><p style=\"text-align: center;\"><span style=\"font-size: 18pt;\"><strong>Firman convenio para puesta en marcha del programa de Salud Oral en Box Dental de Escuela Gabriela Mistral<\/strong><\/span><\/p>\n<div id=\"gtx-trans\" style=\"position: absolute; left: -50px; top: 4.31534px;\">\n<div class=\"gtx-trans-icon\"><\/div>\n<\/div>\n<\/div><\/section><\/div><div class=\"flex_column av_one_full  flex_column_div av-zero-column-padding first  avia-builder-el-4  el_after_av_one_full  el_before_av_hr  column-top-margin\" style='border-radius:0px; '><section class=\"av_textblock_section \"  itemscope=\"itemscope\" itemtype=\"https:\/\/schema.org\/BlogPosting\" itemprop=\"blogPost\" ><div class='avia_textblock  '   itemprop=\"text\" ><p style=\"text-align: justify;\">Permitir la puesta en marcha del box dental en la escuela Gabriela Mistral en Puerto Ays\u00e9n, proyectando la atenci\u00f3n de alrededor de 300 estudiantes de establecimientos educacionales municipalizados durante este 2022, es el objetivo de la firma de convenio del Programa de Salud Oral, PSO, que se llev\u00f3 a cabo este viernes entre el municipio aysenino y la direcci\u00f3n regional de la Junta Nacional de Auxilio Escolar y Becas, JUNAEB.<\/p>\n<p style=\"text-align: justify;\">De esta manera, feliz se mostr\u00f3 el alcalde de la comuna, Julio Uribe, quien relev\u00f3 este tipo de iniciativas que apuntan hacia la salud oral, especialmente de las ni\u00f1as y ni\u00f1os ayseninos. \u201cPara nosotros como municipio es muy importante este tipo de acciones, ya que hemos estado trabajando la salud bucal con adultos mayores en Villa Ma\u00f1ihuales, con grandes resultados y ellos muy agradecidos, y hoy d\u00eda estar enfocando esto para nuestros ni\u00f1os de escuelas municipalizadas es maravilloso. Al igual que lo es haber obtenido la resoluci\u00f3n sanitaria de la habilitaci\u00f3n de nuestro box, porque es muy dif\u00edcil cumplir con todos los requerimientos que la autoridad sanitaria exige, y los hemos cumplido\u201d.<\/p>\n<p style=\"text-align: justify;\">La m\u00e1xima autoridad comunal agreg\u00f3 que \u201cesperamos en marzo partir con este trabajo, que de forma tan notable est\u00e1 llevando adelante la Direcci\u00f3n de Educaci\u00f3n Municipal, en esta iniciativa que va a beneficiar a m\u00e1s de 300 ni\u00f1os desde nuestro box dental en la escuela Gabriela Mistral\u201d.<\/p>\n<p style=\"text-align: justify;\">Por su parte, la directora (s) de JUNAEB Ays\u00e9n, Lorena Gayozo, dio cuenta de la alianza estrat\u00e9gica entre ambas instituciones, y cuya concreci\u00f3n, adem\u00e1s de centrarse en la salud como tal, integra los componentes de la prevenci\u00f3n y la educaci\u00f3n, como fundamentales. \u201cEfectivamente, desde el a\u00f1o 2007 que realizamos el convenio con la municipalidad de Ays\u00e9n y estamos muy agradecidos por la buena disposici\u00f3n que tiene siempre la autoridad para con nosotros, y que va en directo beneficio de nuestros ni\u00f1os. Agradecer la buena llegada, y esperamos que los ni\u00f1os y j\u00f3venes lo aprovechen porque es un programa tan lindo y tan bueno, que permite la continuidad en cuanto a diagn\u00f3stico y atenciones desde la preb\u00e1sica a educaci\u00f3n hasta el t\u00e9rmino de la ense\u00f1anza b\u00e1sica\u201d.<\/p>\n<p style=\"text-align: justify;\">As\u00ed lo manifest\u00f3, adem\u00e1s, la profesional cirujano dentista a cargo de box dental de la escuela Poetisa Gabriela Mistral, Paulina A\u00f1azco, quien relev\u00f3 este hito y el positivo impacto que significar\u00e1 para con las comunidades educativas. \u201cEs muy importante este convenio ya que viene a reforzar la buena relaci\u00f3n que existe entre ambas instituciones, y que va en beneficio finalmente de nuestros estudiantes en la comuna. Y tiene que ver tambi\u00e9n con el buen trabajo que ha realizado el equipo dental durante los a\u00f1os anteriores, y con las buenas gestiones que ha realizado el municipio para obtener la resoluci\u00f3n sanitaria. Eso har\u00e1 que podamos entregar una atenci\u00f3n integral y de calidad\u201d.<\/p>\n<p style=\"text-align: justify;\">El PSO est\u00e1 dirigido a estudiantes de educaci\u00f3n preb\u00e1sica hasta octavo a\u00f1o, quienes son atendidos de forma gratuita en el propio establecimiento, respecto a atenci\u00f3n odontol\u00f3gica de nivel primario, como son restauraciones y extracciones, entre otros. Los casos m\u00e1s complejos, como tratamientos conductos, cirug\u00eda y frenillos son derivados a trav\u00e9s de interconsulta y posteriormente se les realiza el seguimiento para ver su evoluci\u00f3n. Asimismo, se realizan acciones preventivas, como son aplicaci\u00f3n de sellantes y fluorizaci\u00f3n, a trav\u00e9s de esta instancia compuesta por tres profesionales que, adem\u00e1s de la cirujano dentista, incorpora una asistente dental y una educadora y que, en promedio, significa unas 300 atenciones de forma anual.<\/p>\n<p style=\"text-align: justify;\"><u>\u00a0<\/u><\/p>\n<\/div><\/section><\/div><div  style='height:50px' class='hr hr-invisible   avia-builder-el-6  el_after_av_one_full  el_before_av_social_share '><span class='hr-inner ' ><span class='hr-inner-style'><\/span><\/span><\/div><\/p>\n<div  class='av-social-sharing-box  avia-builder-el-7  el_after_av_hr  el_before_av_hr  '><div class='av-share-box'><h5 class='av-share-link-description av-no-toc '>Compartir esta noticia<\/h5><ul class='av-share-box-list noLightbox'><li class='av-share-link av-social-link-facebook' ><a target=\"_blank\" aria-label=\"Compartir en Facebook\" href='https:\/\/www.facebook.com\/sharer.php?u=https:\/\/radiorevelacionfm.cl\/?p=13523&#038;t=Firman%20convenio%20para%20puesta%20en%20marcha%20del%20programa%20de%20Salud%20Oral%20en%20Box%20Dental%20de%20Escuela%20Gabriela%20Mistral' aria-hidden='false' data-av_icon='\ue8f3' data-av_iconfont='entypo-fontello' title='' data-avia-related-tooltip='Compartir en Facebook' rel=\"noopener\"><span class='avia_hidden_link_text'>Compartir en Facebook<\/span><\/a><\/li><li class='av-share-link av-social-link-twitter' ><a target=\"_blank\" aria-label=\"Compartir en Twitter\" href='https:\/\/twitter.com\/share?text=Firman%20convenio%20para%20puesta%20en%20marcha%20del%20programa%20de%20Salud%20Oral%20en%20Box%20Dental%20de%20Escuela%20Gabriela%20Mistral&#038;url=https:\/\/radiorevelacionfm.cl\/?p=13523' aria-hidden='false' data-av_icon='\ue8f1' data-av_iconfont='entypo-fontello' title='' data-avia-related-tooltip='Compartir en Twitter' rel=\"noopener\"><span class='avia_hidden_link_text'>Compartir en Twitter<\/span><\/a><\/li><li class='av-share-link av-social-link-whatsapp' ><a target=\"_blank\" aria-label=\"Compartir en Whatsapp\" href='https:\/\/api.whatsapp.com\/send?text=https:\/\/radiorevelacionfm.cl\/?p=13523' aria-hidden='false' data-av_icon='\uf232' data-av_iconfont='entypo-fontello' title='' data-avia-related-tooltip='Compartir en Whatsapp' rel=\"noopener\"><span class='avia_hidden_link_text'>Compartir en Whatsapp<\/span><\/a><\/li><li class='av-share-link av-social-link-linkedin' ><a target=\"_blank\" aria-label=\"Compartir en LinkedIn\" href='https:\/\/linkedin.com\/shareArticle?mini=true&#038;title=Firman%20convenio%20para%20puesta%20en%20marcha%20del%20programa%20de%20Salud%20Oral%20en%20Box%20Dental%20de%20Escuela%20Gabriela%20Mistral&#038;url=https:\/\/radiorevelacionfm.cl\/?p=13523' aria-hidden='false' data-av_icon='\ue8fc' data-av_iconfont='entypo-fontello' title='' data-avia-related-tooltip='Compartir en LinkedIn' rel=\"noopener\"><span class='avia_hidden_link_text'>Compartir en LinkedIn<\/span><\/a><\/li><li class='av-share-link av-social-link-mail' ><a  aria-label=\"Compartir por correo\" href='mailto:?subject=Firman%20convenio%20para%20puesta%20en%20marcha%20del%20programa%20de%20Salud%20Oral%20en%20Box%20Dental%20de%20Escuela%20Gabriela%20Mistral&#038;body=https:\/\/radiorevelacionfm.cl\/?p=13523' aria-hidden='false' data-av_icon='\ue805' data-av_iconfont='entypo-fontello' title='' data-avia-related-tooltip='Compartir por correo'><span class='avia_hidden_link_text'>Compartir por correo<\/span><\/a><\/li><\/ul><\/div><\/div>\n<div  style='height:50px' class='hr hr-invisible   avia-builder-el-8  el_after_av_social_share  el_before_av_comments_list '><span class='hr-inner ' ><span class='hr-inner-style'><\/span><\/span><\/div>\n<div  class='av-buildercomment  av-blog-meta-html-info-disabled av-blog-meta-tag-disabled  '><\/div>\n","protected":false},"excerpt":{"rendered":"","protected":false},"author":1,"featured_media":13524,"comment_status":"open","ping_status":"open","sticky":false,"template":"","format":"standard","meta":{"footnotes":""},"categories":[38],"tags":[],"class_list":["post-13523","post","type-post","status-publish","format-standard","has-post-thumbnail","hentry","category-regional"],"jetpack_featured_media_url":"https:\/\/radiorevelacionfm.cl\/wp-content\/uploads\/2022\/02\/273298580_4757709081022715_3889942930040813521_n-3.jpg","_links":{"self":[{"href":"https:\/\/radiorevelacionfm.cl\/index.php?rest_route=\/wp\/v2\/posts\/13523","targetHints":{"allow":["GET"]}}],"collection":[{"href":"https:\/\/radiorevelacionfm.cl\/index.php?rest_route=\/wp\/v2\/posts"}],"about":[{"href":"https:\/\/radiorevelacionfm.cl\/index.php?rest_route=\/wp\/v2\/types\/post"}],"author":[{"embeddable":true,"href":"https:\/\/radiorevelacionfm.cl\/index.php?rest_route=\/wp\/v2\/users\/1"}],"replies":[{"embeddable":true,"href":"https:\/\/radiorevelacionfm.cl\/index.php?rest_route=%2Fwp%2Fv2%2Fcomments&post=13523"}],"version-history":[{"count":2,"href":"https:\/\/radiorevelacionfm.cl\/index.php?rest_route=\/wp\/v2\/posts\/13523\/revisions"}],"predecessor-version":[{"id":13529,"href":"https:\/\/radiorevelacionfm.cl\/index.php?rest_route=\/wp\/v2\/posts\/13523\/revisions\/13529"}],"wp:featuredmedia":[{"embeddable":true,"href":"https:\/\/radiorevelacionfm.cl\/index.php?rest_route=\/wp\/v2\/media\/13524"}],"wp:attachment":[{"href":"https:\/\/radiorevelacionfm.cl\/index.php?rest_route=%2Fwp%2Fv2%2Fmedia&parent=13523"}],"wp:term":[{"taxonomy":"category","embeddable":true,"href":"https:\/\/radiorevelacionfm.cl\/index.php?rest_route=%2Fwp%2Fv2%2Fcategories&post=13523"},{"taxonomy":"post_tag","embeddable":true,"href":"https:\/\/radiorevelacionfm.cl\/index.php?rest_route=%2Fwp%2Fv2%2Ftags&post=13523"}],"curies":[{"name":"wp","href":"https:\/\/api.w.org\/{rel}","templated":true}]}}