{"id":13520,"date":"2022-02-04T13:13:01","date_gmt":"2022-02-04T16:13:01","guid":{"rendered":"https:\/\/radiorevelacionfm.cl\/?p=13520"},"modified":"2022-02-04T13:13:01","modified_gmt":"2022-02-04T16:13:01","slug":"calisto-critica-a-empresas-por-malas-condiciones-laborales-para-los-buzos-y-pide-mayor-fiscalizacion","status":"publish","type":"post","link":"https:\/\/radiorevelacionfm.cl\/?p=13520","title":{"rendered":"Calisto critica a empresas por malas condiciones laborales para los buzos y pide mayor fiscalizaci\u00f3n"},"content":{"rendered":"<div class=\"flex_column av_one_full  flex_column_div av-zero-column-padding first  avia-builder-el-0  el_before_av_one_full  avia-builder-el-first  \" style='border-radius:0px; '><div  class='avia-image-container  av-styling-    avia-builder-el-1  avia-builder-el-no-sibling  avia-align-center '  itemprop=\"image\" itemscope=\"itemscope\" itemtype=\"https:\/\/schema.org\/ImageObject\"  ><div class='avia-image-container-inner'><div class='avia-image-overlay-wrap'><img decoding=\"async\" class='wp-image-6938 avia-img-lazy-loading-not-6938 avia_image' src=\"https:\/\/radiorevelacionfm.cl\/wp-content\/uploads\/2021\/08\/CALISTO-PESCADORES-1-1.jpg\" alt='' title='CALISTO PESCADORES (1) (1)' height=\"600\" width=\"1067\"  itemprop=\"thumbnailUrl\" srcset=\"https:\/\/radiorevelacionfm.cl\/wp-content\/uploads\/2021\/08\/CALISTO-PESCADORES-1-1.jpg 1067w, https:\/\/radiorevelacionfm.cl\/wp-content\/uploads\/2021\/08\/CALISTO-PESCADORES-1-1-300x169.jpg 300w, https:\/\/radiorevelacionfm.cl\/wp-content\/uploads\/2021\/08\/CALISTO-PESCADORES-1-1-1030x579.jpg 1030w, https:\/\/radiorevelacionfm.cl\/wp-content\/uploads\/2021\/08\/CALISTO-PESCADORES-1-1-768x432.jpg 768w, https:\/\/radiorevelacionfm.cl\/wp-content\/uploads\/2021\/08\/CALISTO-PESCADORES-1-1-705x396.jpg 705w, https:\/\/radiorevelacionfm.cl\/wp-content\/uploads\/2021\/08\/CALISTO-PESCADORES-1-1-600x337.jpg 600w\" sizes=\"(max-width: 1067px) 100vw, 1067px\" \/><\/div><\/div><\/div><\/div><div class=\"flex_column av_one_full  flex_column_div av-zero-column-padding first  avia-builder-el-2  el_after_av_one_full  el_before_av_one_full  column-top-margin\" style='border-radius:0px; '><section class=\"av_textblock_section \"  itemscope=\"itemscope\" itemtype=\"https:\/\/schema.org\/BlogPosting\" itemprop=\"blogPost\" ><div class='avia_textblock  '   itemprop=\"text\" ><p style=\"text-align: center;\"><strong><span style=\"font-size: 18pt;\"><span lang=\"ES\">Calisto critica a empresas por malas condiciones laborales para los buzos y pide mayor fiscalizaci\u00f3n<\/span><\/span><\/strong><\/p>\n<div id=\"gtx-trans\" style=\"position: absolute; left: -50px; top: 4.31534px;\">\n<div class=\"gtx-trans-icon\"><\/div>\n<\/div>\n<\/div><\/section><\/div><div class=\"flex_column av_one_full  flex_column_div av-zero-column-padding first  avia-builder-el-4  el_after_av_one_full  el_before_av_hr  column-top-margin\" style='border-radius:0px; '><section class=\"av_textblock_section \"  itemscope=\"itemscope\" itemtype=\"https:\/\/schema.org\/BlogPosting\" itemprop=\"blogPost\" ><div class='avia_textblock  '   itemprop=\"text\" ><p style=\"text-align: justify;\">Luego de reunirse con la madre de Edgar Mansilla, buzo aisenino que falleci\u00f3 hace algunas semanas mientras realizaba trabajos en una empresa salmonera en la provincia de Palena, el diputado \u00a0Miguel \u00c1ngel Calisto critic\u00f3 las malas condiciones en materia de seguridad en que desarrollan su trabajo los buzos, resaltando la necesidad que exista una mayor fiscalizaci\u00f3n.<\/p>\n<p style=\"text-align: justify;\">Seg\u00fan el diputado Calisto, \u201cen lo que va del a\u00f1o, dos buzos han perdido la vida en las regiones de Ays\u00e9n y Los Lagos, y durante el 2021 fueron 14 los fallecidos.\u00a0 Estamos frente a un dolor tremendo para estas familias. Una vida humana no tiene c\u00f3mo ser devuelta, no se puede valorizar. La vida humana es lo m\u00e1s importante. Cuando vemos casos como el de esta familia, es una situaci\u00f3n irreparable\u201d.<\/p>\n<p style=\"text-align: justify;\">\u201cPor eso ac\u00e1 se requiere de manera urgente avanzar en la ley del Buzo en el Congreso Nacional, el proyecto que modifica la Ley de Pesca en el \u00e1mbito de los recursos bent\u00f3nicos y que se est\u00e1 discutiendo en la Comisi\u00f3n de Pesca en la C\u00e1mara. Vamos a poner todo nuestro esfuerzo, junto a los parlamentarios de nuestra zona y de la D\u00e9cima Regi\u00f3n, con quienes ya estamos en contacto por este tema, para agilizar la tramitaci\u00f3n de este proyecto\u201d, indic\u00f3.<\/p>\n<p style=\"text-align: justify;\">Calisto agreg\u00f3 que \u201cac\u00e1 tambi\u00e9n hay un tema que es importante. Durante a\u00f1os le hemos dado la espalda al mar. Desde el mar viene la riqueza que generan las regiones del sur, pero nos hemos olvidado que trabajan personas, que se sustentan familias. Ah\u00ed tenemos que poner el foco, en c\u00f3mo podemos aumentar la fiscalizaci\u00f3n para que las empresas prestadoras de servicios, las empresas grandes que contratan estos servicios asuman su responsabilidad frente a la p\u00e9rdida de vidas humanas\u201d.<\/p>\n<p style=\"text-align: justify;\">\u201cY lo que es m\u00e1s importante, que estas empresas se puedan anticipar a los riesgos, anticiparse a que sigan sucediendo este tipo de hechos que afectan a las familias de nuestra regi\u00f3n. se requiere m\u00e1s fiscalizaci\u00f3n, se requiere que empresas externas a los prestadores de servicio, supervisen c\u00f3mo est\u00e1n funcionando los equipos, porque esos equipos son los que usan las personas que entran al mar\u201d, se\u00f1al\u00f3.<\/p>\n<p style=\"text-align: justify;\">Calisto se\u00f1al\u00f3 que \u201ces muy importante que se apliquen todas medidas de fiscalizaci\u00f3n, que se normalice la fiscalizaci\u00f3n de los equipos que utilizan los buzos. Nosotros vamos a acompa\u00f1ar a la se\u00f1ora Sandra y su familia, se requiere justicia para tantas familias que han perdido a sus seres queridos en el mar\u201d.<\/p>\n<p style=\"text-align: justify;\">Por su parte, Sandra Gonz\u00e1lez, madre de Edgar Mansilla, quien muri\u00f3 el 9 de enero en el canal Comau en Palena, indic\u00f3 que \u201cel muri\u00f3 de una descompensaci\u00f3n brusca. Estamos hablando de una mala utilizaci\u00f3n de las m\u00e1quinas, que no son supervisadas por los due\u00f1os. A mi hijo me lo mataron, quiero que las autoridades me ayuden a levantar la voz de los buzos y de las madres que est\u00e1n sufriendo, por esas esposas que han quedado solas, porque las grandes empresas no quieren pagar un peso por nada. Quieren arrollar para ellos, hacerse ricos a costas de los pobres, porque los buzos son todos humildes, que trabajan para llevar el pan a sus casas todos los d\u00edas\u201d.<\/p>\n<p style=\"text-align: justify;\">Finalmente, la madre del buzo indic\u00f3 que \u201cle hacemos un llamado a las autoridades para que tomen cartas en el asunto y se pueda aprobar la ley del buzo, para que no haya m\u00e1s buzos muertos, no quiero que pase de nuevo lo que pas\u00f3 con mi hijo\u201d.<\/p>\n<\/div><\/section><\/div><div  style='height:50px' class='hr hr-invisible   avia-builder-el-6  el_after_av_one_full  el_before_av_social_share '><span class='hr-inner ' ><span class='hr-inner-style'><\/span><\/span><\/div><\/p>\n<div  class='av-social-sharing-box  avia-builder-el-7  el_after_av_hr  el_before_av_hr  '><div class='av-share-box'><h5 class='av-share-link-description av-no-toc '>Compartir esta noticia<\/h5><ul class='av-share-box-list noLightbox'><li class='av-share-link av-social-link-facebook' ><a target=\"_blank\" aria-label=\"Compartir en Facebook\" href='https:\/\/www.facebook.com\/sharer.php?u=https:\/\/radiorevelacionfm.cl\/?p=13520&#038;t=Calisto%20critica%20a%20empresas%20por%20malas%20condiciones%20laborales%20para%20los%20buzos%20y%20pide%20mayor%20fiscalizaci%C3%B3n' aria-hidden='false' data-av_icon='\ue8f3' data-av_iconfont='entypo-fontello' title='' data-avia-related-tooltip='Compartir en Facebook' rel=\"noopener\"><span class='avia_hidden_link_text'>Compartir en Facebook<\/span><\/a><\/li><li class='av-share-link av-social-link-twitter' ><a target=\"_blank\" aria-label=\"Compartir en Twitter\" href='https:\/\/twitter.com\/share?text=Calisto%20critica%20a%20empresas%20por%20malas%20condiciones%20laborales%20para%20los%20buzos%20y%20pide%20mayor%20fiscalizaci%C3%B3n&#038;url=https:\/\/radiorevelacionfm.cl\/?p=13520' aria-hidden='false' data-av_icon='\ue8f1' data-av_iconfont='entypo-fontello' title='' data-avia-related-tooltip='Compartir en Twitter' rel=\"noopener\"><span class='avia_hidden_link_text'>Compartir en Twitter<\/span><\/a><\/li><li class='av-share-link av-social-link-whatsapp' ><a target=\"_blank\" aria-label=\"Compartir en Whatsapp\" href='https:\/\/api.whatsapp.com\/send?text=https:\/\/radiorevelacionfm.cl\/?p=13520' aria-hidden='false' data-av_icon='\uf232' data-av_iconfont='entypo-fontello' title='' data-avia-related-tooltip='Compartir en Whatsapp' rel=\"noopener\"><span class='avia_hidden_link_text'>Compartir en Whatsapp<\/span><\/a><\/li><li class='av-share-link av-social-link-linkedin' ><a target=\"_blank\" aria-label=\"Compartir en LinkedIn\" href='https:\/\/linkedin.com\/shareArticle?mini=true&#038;title=Calisto%20critica%20a%20empresas%20por%20malas%20condiciones%20laborales%20para%20los%20buzos%20y%20pide%20mayor%20fiscalizaci%C3%B3n&#038;url=https:\/\/radiorevelacionfm.cl\/?p=13520' aria-hidden='false' data-av_icon='\ue8fc' data-av_iconfont='entypo-fontello' title='' data-avia-related-tooltip='Compartir en LinkedIn' rel=\"noopener\"><span class='avia_hidden_link_text'>Compartir en LinkedIn<\/span><\/a><\/li><li class='av-share-link av-social-link-mail' ><a  aria-label=\"Compartir por correo\" href='mailto:?subject=Calisto%20critica%20a%20empresas%20por%20malas%20condiciones%20laborales%20para%20los%20buzos%20y%20pide%20mayor%20fiscalizaci%C3%B3n&#038;body=https:\/\/radiorevelacionfm.cl\/?p=13520' aria-hidden='false' data-av_icon='\ue805' data-av_iconfont='entypo-fontello' title='' data-avia-related-tooltip='Compartir por correo'><span class='avia_hidden_link_text'>Compartir por correo<\/span><\/a><\/li><\/ul><\/div><\/div>\n<div  style='height:50px' class='hr hr-invisible   avia-builder-el-8  el_after_av_social_share  el_before_av_comments_list '><span class='hr-inner ' ><span class='hr-inner-style'><\/span><\/span><\/div>\n<div  class='av-buildercomment  av-blog-meta-html-info-disabled av-blog-meta-tag-disabled  '><\/div>\n","protected":false},"excerpt":{"rendered":"","protected":false},"author":1,"featured_media":6938,"comment_status":"open","ping_status":"open","sticky":false,"template":"","format":"standard","meta":{"footnotes":""},"categories":[35],"tags":[],"class_list":["post-13520","post","type-post","status-publish","format-standard","has-post-thumbnail","hentry","category-politica"],"jetpack_featured_media_url":"https:\/\/radiorevelacionfm.cl\/wp-content\/uploads\/2021\/08\/CALISTO-PESCADORES-1-1.jpg","_links":{"self":[{"href":"https:\/\/radiorevelacionfm.cl\/index.php?rest_route=\/wp\/v2\/posts\/13520","targetHints":{"allow":["GET"]}}],"collection":[{"href":"https:\/\/radiorevelacionfm.cl\/index.php?rest_route=\/wp\/v2\/posts"}],"about":[{"href":"https:\/\/radiorevelacionfm.cl\/index.php?rest_route=\/wp\/v2\/types\/post"}],"author":[{"embeddable":true,"href":"https:\/\/radiorevelacionfm.cl\/index.php?rest_route=\/wp\/v2\/users\/1"}],"replies":[{"embeddable":true,"href":"https:\/\/radiorevelacionfm.cl\/index.php?rest_route=%2Fwp%2Fv2%2Fcomments&post=13520"}],"version-history":[{"count":2,"href":"https:\/\/radiorevelacionfm.cl\/index.php?rest_route=\/wp\/v2\/posts\/13520\/revisions"}],"predecessor-version":[{"id":13522,"href":"https:\/\/radiorevelacionfm.cl\/index.php?rest_route=\/wp\/v2\/posts\/13520\/revisions\/13522"}],"wp:featuredmedia":[{"embeddable":true,"href":"https:\/\/radiorevelacionfm.cl\/index.php?rest_route=\/wp\/v2\/media\/6938"}],"wp:attachment":[{"href":"https:\/\/radiorevelacionfm.cl\/index.php?rest_route=%2Fwp%2Fv2%2Fmedia&parent=13520"}],"wp:term":[{"taxonomy":"category","embeddable":true,"href":"https:\/\/radiorevelacionfm.cl\/index.php?rest_route=%2Fwp%2Fv2%2Fcategories&post=13520"},{"taxonomy":"post_tag","embeddable":true,"href":"https:\/\/radiorevelacionfm.cl\/index.php?rest_route=%2Fwp%2Fv2%2Ftags&post=13520"}],"curies":[{"name":"wp","href":"https:\/\/api.w.org\/{rel}","templated":true}]}}