{"id":13506,"date":"2022-02-04T08:42:54","date_gmt":"2022-02-04T11:42:54","guid":{"rendered":"https:\/\/radiorevelacionfm.cl\/?p=13506"},"modified":"2022-02-04T08:42:54","modified_gmt":"2022-02-04T11:42:54","slug":"decretan-arraigo-comunal-para-ex-alcalde-de-coyhaique-imputado-por-cohecho-en-caso-luminarias","status":"publish","type":"post","link":"https:\/\/radiorevelacionfm.cl\/?p=13506","title":{"rendered":"Decretan arraigo comunal para ex alcalde de Coyhaique imputado por cohecho en caso luminarias"},"content":{"rendered":"<div class=\"flex_column av_one_full  flex_column_div av-zero-column-padding first  avia-builder-el-0  el_before_av_one_full  avia-builder-el-first  \" style='border-radius:0px; '><div  class='avia-image-container  av-styling-    avia-builder-el-1  avia-builder-el-no-sibling  avia-align-center '  itemprop=\"image\" itemscope=\"itemscope\" itemtype=\"https:\/\/schema.org\/ImageObject\"  ><div class='avia-image-container-inner'><div class='avia-image-overlay-wrap'><img decoding=\"async\" class='wp-image-13508 avia-img-lazy-loading-not-13508 avia_image' src=\"https:\/\/radiorevelacionfm.cl\/wp-content\/uploads\/2022\/02\/audiencia-garantia-caso-luminarias-3_optimized.jpg\" alt='' title='audiencia-garantia-caso-luminarias-3_optimized' height=\"566\" width=\"988\"  itemprop=\"thumbnailUrl\" srcset=\"https:\/\/radiorevelacionfm.cl\/wp-content\/uploads\/2022\/02\/audiencia-garantia-caso-luminarias-3_optimized.jpg 988w, https:\/\/radiorevelacionfm.cl\/wp-content\/uploads\/2022\/02\/audiencia-garantia-caso-luminarias-3_optimized-300x172.jpg 300w, https:\/\/radiorevelacionfm.cl\/wp-content\/uploads\/2022\/02\/audiencia-garantia-caso-luminarias-3_optimized-768x440.jpg 768w, https:\/\/radiorevelacionfm.cl\/wp-content\/uploads\/2022\/02\/audiencia-garantia-caso-luminarias-3_optimized-705x404.jpg 705w, https:\/\/radiorevelacionfm.cl\/wp-content\/uploads\/2022\/02\/audiencia-garantia-caso-luminarias-3_optimized-600x344.jpg 600w\" sizes=\"(max-width: 988px) 100vw, 988px\" \/><\/div><\/div><\/div><\/div><div class=\"flex_column av_one_full  flex_column_div av-zero-column-padding first  avia-builder-el-2  el_after_av_one_full  el_before_av_one_full  column-top-margin\" style='border-radius:0px; '><section class=\"av_textblock_section \"  itemscope=\"itemscope\" itemtype=\"https:\/\/schema.org\/BlogPosting\" itemprop=\"blogPost\" ><div class='avia_textblock  '   itemprop=\"text\" ><p style=\"text-align: center;\"><strong><span style=\"font-size: 18pt;\">Decretan arraigo comunal para ex alcalde de Coyhaique imputado por cohecho en caso luminarias<\/span><\/strong><\/p>\n<div id=\"gtx-trans\" style=\"position: absolute; left: -50px; top: 4.31534px;\">\n<div class=\"gtx-trans-icon\"><\/div>\n<\/div>\n<\/div><\/section><\/div><div class=\"flex_column av_one_full  flex_column_div av-zero-column-padding first  avia-builder-el-4  el_after_av_one_full  el_before_av_hr  column-top-margin\" style='border-radius:0px; '><section class=\"av_textblock_section \"  itemscope=\"itemscope\" itemtype=\"https:\/\/schema.org\/BlogPosting\" itemprop=\"blogPost\" ><div class='avia_textblock  '   itemprop=\"text\" ><p class=\"v1MsoNormal\" style=\"text-align: justify;\">El\u00a0Juzgado\u00a0de\u00a0Garant\u00eda\u00a0de Coyhaique dej\u00f3 este jueves &#8211; 3 de febrero\u2013 sujetos a la medida cautelar de arraigo comunal a Rigoberto Alejandro Huala Canum\u00e1n, exalcalde de la comuna, y a Julio Alejandro Villarroel Rojas, exfuncionario municipal, imputados por el Ministerio P\u00fablico como autores del delito consumado de cohecho. Il\u00edcito que habr\u00edan perpetrado entre 2016 y 2017, periodo en que ejerc\u00edan dichos cargos p\u00fablicos.<\/p>\n<p class=\"v1MsoNormal\" style=\"text-align: justify;\">En la audiencia de formalizaci\u00f3n (causa rol 1.405-2021), el magistrado Mario Devaud Ojeda decret\u00f3 el arresto domiciliario total de los imputados Le\u00f3n Marcelo Lefort Hern\u00e1ndez, Ricardo Enrique Rodr\u00edguez Bizama, Pedro C\u00e9sar Guerra Guerrero y Leonardo Heriberto Bustos Abarz\u00faa, quienes enfrentan cargos como autores del delito de soborno. Adem\u00e1s, fij\u00f3 en 180 d\u00edas el plazo de investigaci\u00f3n.<\/p>\n<p class=\"v1MsoNormal\" style=\"text-align: justify;\">En la audiencia, el tribunal acogi\u00f3 la solicitud de la defensa y program\u00f3 para las 15 horas del pr\u00f3ximo 8 de marzo, audiencia para debatir las cautelares que deber\u00e1n cumplir los coimputados Cristi\u00e1n Luis Ureta Bravo y \u00c1lex Iv\u00e1n Fuenzalida Villalobos.<\/p>\n<p class=\"v1MsoNormal\" style=\"text-align: justify;\">Seg\u00fan el ente persecutor, entre 2016 y 2017, los imputados Rigoberto Alejandro Huala Canum\u00e1n y Julio Alejandro Villarroel Rojas, alcalde de Coyhaique y director de la\u00a0Secretar\u00eda Comunal de Planificaci\u00f3n, respectivamente en dicho periodo, aceptaron $15.000.000 (quince millones de pesos), entregados por representantes de la empresa Itelecom, para asegurar la adjudicaci\u00f3n del proyecto de reposici\u00f3n de luminarias de tecnolog\u00eda LED en el alumbrado p\u00fablico de la ciudad.<\/p>\n<p class=\"v1MsoNormal\" style=\"text-align: justify;\">Previo al pago, los funcionarios p\u00fablicos habr\u00edan entregado las bases t\u00e9cnicas a la empresa, \u00a0la cual fue modificada y adjudicada meses m\u00e1s tarde a Itelecom.<\/p>\n<p class=\"v1MsoNormal\" style=\"text-align: justify;\">En dicho contexto, Le\u00f3n Marcelo Lefort Hern\u00e1ndez, Ricardo Enrique Rodr\u00edguez Bizama, Pedro C\u00e9sar Guerra Guerrero, Leonardo Heriberto Bustos Abarz\u00faa, Cristi\u00e1n Luis Ureta Bravo y \u00c1lex Iv\u00e1n Fuenzalida Villalobos, previamente coordinados, gestionaron pagos de sobornos con el objetivo de asegurar la adjudicaci\u00f3n de licitaciones p\u00fablicas de recambio de luminarias en diversas comunas a lo largo del pa\u00eds que, en el caso de Coyhaique, ascend\u00eda a la suma de $1.802.292.000 (mil ochocientos dos millones doscientos noventa y dos mil pesos).<\/p>\n<\/div><\/section><\/div><div  style='height:50px' class='hr hr-invisible   avia-builder-el-6  el_after_av_one_full  el_before_av_social_share '><span class='hr-inner ' ><span class='hr-inner-style'><\/span><\/span><\/div><\/p>\n<div  class='av-social-sharing-box  avia-builder-el-7  el_after_av_hr  el_before_av_hr  '><div class='av-share-box'><h5 class='av-share-link-description av-no-toc '>Compartir esta noticia<\/h5><ul class='av-share-box-list noLightbox'><li class='av-share-link av-social-link-facebook' ><a target=\"_blank\" aria-label=\"Compartir en Facebook\" href='https:\/\/www.facebook.com\/sharer.php?u=https:\/\/radiorevelacionfm.cl\/?p=13506&#038;t=Decretan%20arraigo%20comunal%20para%20ex%20alcalde%20de%20Coyhaique%20imputado%20por%20cohecho%20en%20caso%20luminarias' aria-hidden='false' data-av_icon='\ue8f3' data-av_iconfont='entypo-fontello' title='' data-avia-related-tooltip='Compartir en Facebook' rel=\"noopener\"><span class='avia_hidden_link_text'>Compartir en Facebook<\/span><\/a><\/li><li class='av-share-link av-social-link-twitter' ><a target=\"_blank\" aria-label=\"Compartir en Twitter\" href='https:\/\/twitter.com\/share?text=Decretan%20arraigo%20comunal%20para%20ex%20alcalde%20de%20Coyhaique%20imputado%20por%20cohecho%20en%20caso%20luminarias&#038;url=https:\/\/radiorevelacionfm.cl\/?p=13506' aria-hidden='false' data-av_icon='\ue8f1' data-av_iconfont='entypo-fontello' title='' data-avia-related-tooltip='Compartir en Twitter' rel=\"noopener\"><span class='avia_hidden_link_text'>Compartir en Twitter<\/span><\/a><\/li><li class='av-share-link av-social-link-whatsapp' ><a target=\"_blank\" aria-label=\"Compartir en Whatsapp\" href='https:\/\/api.whatsapp.com\/send?text=https:\/\/radiorevelacionfm.cl\/?p=13506' aria-hidden='false' data-av_icon='\uf232' data-av_iconfont='entypo-fontello' title='' data-avia-related-tooltip='Compartir en Whatsapp' rel=\"noopener\"><span class='avia_hidden_link_text'>Compartir en Whatsapp<\/span><\/a><\/li><li class='av-share-link av-social-link-linkedin' ><a target=\"_blank\" aria-label=\"Compartir en LinkedIn\" href='https:\/\/linkedin.com\/shareArticle?mini=true&#038;title=Decretan%20arraigo%20comunal%20para%20ex%20alcalde%20de%20Coyhaique%20imputado%20por%20cohecho%20en%20caso%20luminarias&#038;url=https:\/\/radiorevelacionfm.cl\/?p=13506' aria-hidden='false' data-av_icon='\ue8fc' data-av_iconfont='entypo-fontello' title='' data-avia-related-tooltip='Compartir en LinkedIn' rel=\"noopener\"><span class='avia_hidden_link_text'>Compartir en LinkedIn<\/span><\/a><\/li><li class='av-share-link av-social-link-mail' ><a  aria-label=\"Compartir por correo\" href='mailto:?subject=Decretan%20arraigo%20comunal%20para%20ex%20alcalde%20de%20Coyhaique%20imputado%20por%20cohecho%20en%20caso%20luminarias&#038;body=https:\/\/radiorevelacionfm.cl\/?p=13506' aria-hidden='false' data-av_icon='\ue805' data-av_iconfont='entypo-fontello' title='' data-avia-related-tooltip='Compartir por correo'><span class='avia_hidden_link_text'>Compartir por correo<\/span><\/a><\/li><\/ul><\/div><\/div>\n<div  style='height:50px' class='hr hr-invisible   avia-builder-el-8  el_after_av_social_share  el_before_av_comments_list '><span class='hr-inner ' ><span class='hr-inner-style'><\/span><\/span><\/div>\n<div  class='av-buildercomment  av-blog-meta-html-info-disabled av-blog-meta-tag-disabled  '><\/div>\n","protected":false},"excerpt":{"rendered":"","protected":false},"author":1,"featured_media":13508,"comment_status":"open","ping_status":"open","sticky":false,"template":"","format":"standard","meta":{"footnotes":""},"categories":[55],"tags":[],"class_list":["post-13506","post","type-post","status-publish","format-standard","has-post-thumbnail","hentry","category-justicia"],"jetpack_featured_media_url":"https:\/\/radiorevelacionfm.cl\/wp-content\/uploads\/2022\/02\/audiencia-garantia-caso-luminarias-3_optimized.jpg","_links":{"self":[{"href":"https:\/\/radiorevelacionfm.cl\/index.php?rest_route=\/wp\/v2\/posts\/13506","targetHints":{"allow":["GET"]}}],"collection":[{"href":"https:\/\/radiorevelacionfm.cl\/index.php?rest_route=\/wp\/v2\/posts"}],"about":[{"href":"https:\/\/radiorevelacionfm.cl\/index.php?rest_route=\/wp\/v2\/types\/post"}],"author":[{"embeddable":true,"href":"https:\/\/radiorevelacionfm.cl\/index.php?rest_route=\/wp\/v2\/users\/1"}],"replies":[{"embeddable":true,"href":"https:\/\/radiorevelacionfm.cl\/index.php?rest_route=%2Fwp%2Fv2%2Fcomments&post=13506"}],"version-history":[{"count":2,"href":"https:\/\/radiorevelacionfm.cl\/index.php?rest_route=\/wp\/v2\/posts\/13506\/revisions"}],"predecessor-version":[{"id":13510,"href":"https:\/\/radiorevelacionfm.cl\/index.php?rest_route=\/wp\/v2\/posts\/13506\/revisions\/13510"}],"wp:featuredmedia":[{"embeddable":true,"href":"https:\/\/radiorevelacionfm.cl\/index.php?rest_route=\/wp\/v2\/media\/13508"}],"wp:attachment":[{"href":"https:\/\/radiorevelacionfm.cl\/index.php?rest_route=%2Fwp%2Fv2%2Fmedia&parent=13506"}],"wp:term":[{"taxonomy":"category","embeddable":true,"href":"https:\/\/radiorevelacionfm.cl\/index.php?rest_route=%2Fwp%2Fv2%2Fcategories&post=13506"},{"taxonomy":"post_tag","embeddable":true,"href":"https:\/\/radiorevelacionfm.cl\/index.php?rest_route=%2Fwp%2Fv2%2Ftags&post=13506"}],"curies":[{"name":"wp","href":"https:\/\/api.w.org\/{rel}","templated":true}]}}