{"id":13497,"date":"2022-02-05T12:58:27","date_gmt":"2022-02-05T15:58:27","guid":{"rendered":"https:\/\/radiorevelacionfm.cl\/?p=13497"},"modified":"2022-02-05T12:58:27","modified_gmt":"2022-02-05T15:58:27","slug":"servel-y-senadis-firman-convenio-para-que-personas-con-discapacidad-ejerzan-plenamente-sus-derechos-politicos","status":"publish","type":"post","link":"https:\/\/radiorevelacionfm.cl\/?p=13497","title":{"rendered":"Servel y Senadis firman convenio para que personas con discapacidad ejerzan plenamente sus derechos pol\u00edticos"},"content":{"rendered":"<div class=\"flex_column av_one_full  flex_column_div av-zero-column-padding first  avia-builder-el-0  el_before_av_one_full  avia-builder-el-first  \" style='border-radius:0px; '><div  class='avia-image-container  av-styling-    avia-builder-el-1  avia-builder-el-no-sibling  avia-align-center '  itemprop=\"image\" itemscope=\"itemscope\" itemtype=\"https:\/\/schema.org\/ImageObject\"  ><div class='avia-image-container-inner'><div class='avia-image-overlay-wrap'><img decoding=\"async\" class='wp-image-13498 avia-img-lazy-loading-not-13498 avia_image' src=\"https:\/\/radiorevelacionfm.cl\/wp-content\/uploads\/2022\/02\/unnamed-3-2-2.jpg\" alt='' title='unnamed-3-2-2' height=\"600\" width=\"800\"  itemprop=\"thumbnailUrl\" srcset=\"https:\/\/radiorevelacionfm.cl\/wp-content\/uploads\/2022\/02\/unnamed-3-2-2.jpg 800w, https:\/\/radiorevelacionfm.cl\/wp-content\/uploads\/2022\/02\/unnamed-3-2-2-300x225.jpg 300w, https:\/\/radiorevelacionfm.cl\/wp-content\/uploads\/2022\/02\/unnamed-3-2-2-768x576.jpg 768w, https:\/\/radiorevelacionfm.cl\/wp-content\/uploads\/2022\/02\/unnamed-3-2-2-705x529.jpg 705w, https:\/\/radiorevelacionfm.cl\/wp-content\/uploads\/2022\/02\/unnamed-3-2-2-600x450.jpg 600w\" sizes=\"(max-width: 800px) 100vw, 800px\" \/><\/div><\/div><\/div><\/div><div class=\"flex_column av_one_full  flex_column_div av-zero-column-padding first  avia-builder-el-2  el_after_av_one_full  el_before_av_one_full  column-top-margin\" style='border-radius:0px; '><section class=\"av_textblock_section \"  itemscope=\"itemscope\" itemtype=\"https:\/\/schema.org\/BlogPosting\" itemprop=\"blogPost\" ><div class='avia_textblock  '   itemprop=\"text\" ><p style=\"text-align: center;\"><strong><span style=\"font-size: 18pt;\">Servel y Senadis firman convenio para que personas con discapacidad ejerzan plenamente sus derechos pol\u00edticos<\/span><\/strong><\/p>\n<div id=\"gtx-trans\" style=\"position: absolute; left: -50px; top: 4.31534px;\">\n<div class=\"gtx-trans-icon\"><\/div>\n<\/div>\n<\/div><\/section><\/div><div class=\"flex_column av_one_full  flex_column_div av-zero-column-padding first  avia-builder-el-4  el_after_av_one_full  el_before_av_hr  column-top-margin\" style='border-radius:0px; '><section class=\"av_textblock_section \"  itemscope=\"itemscope\" itemtype=\"https:\/\/schema.org\/BlogPosting\" itemprop=\"blogPost\" ><div class='avia_textblock  '   itemprop=\"text\" ><p style=\"text-align: justify;\">Con el objeto de prestarse la m\u00e1s amplia colaboraci\u00f3n en el desarrollo de actividades de inter\u00e9s mutuo, en lo relativo al derecho de las personas con discapacidad a participar en procesos eleccionarios, ejerciendo sus derechos pol\u00edticos, como son su derecho a votar y ser elegidas en cargos de elecci\u00f3n popular en igualdad de condiciones que las dem\u00e1s personas, es que el Servicio Electoral de Chile, Servel, y el Servicio Nacional de la Discapacidad, Senadis, firmaron un convenio de colaboraci\u00f3n.<\/p>\n<p style=\"text-align: justify;\">La firma del convenio se realiz\u00f3 este jueves 3 de febrero, por el Director Nacional de Servel, Ra\u00fal Garc\u00eda, y el Director Nacional de Senadis, Francisco Subercaseaux.<\/p>\n<p style=\"text-align: justify;\">\u201cEste convenio viene a plasmar parte de lo que como Servel hemos estado realizando hace ya bastante tiempo, que es facilitar y contribuir a la participaci\u00f3n de las personas con discapacidad en todos nuestros procesos electorales. Este convenio nos permitir\u00e1 llevar esto m\u00e1s all\u00e1, con estudios, formaci\u00f3n e integraci\u00f3n para avanzar en una democracia m\u00e1s participativa e inclusiva\u201d, se\u00f1al\u00f3 Ra\u00fal Garc\u00eda, Director Nacional de Servel.<\/p>\n<p style=\"text-align: justify;\">A su vez, la Ministra (s) de Desarrollo Social y Familia, Andrea Balladares, agreg\u00f3 que\u00a0\u201ces importante seguir trabajando fuertemente por hacer efectivos los derechos de las personas con discapacidad de nuestro pa\u00eds, disminuir las brechas sociales y generar una inclusi\u00f3n social plena en nuestra sociedad. Las personas con discapacidad tienen derecho a la participaci\u00f3n pol\u00edtica en igualdad de condiciones que las dem\u00e1s, lo que se traduce en su derecho a votar y a ser elegidas en cargos de elecci\u00f3n popular\u201d.<\/p>\n<p style=\"text-align: justify;\">En tanto, el director nacional de Senadis, Francisco Subercaseaux, puntualiz\u00f3 que\u00a0\u201cen Chile hay 2 millones 606 mil personas con discapacidad mayores de 18 a\u00f1os y como Gobierno hemos trabajado para impulsar medidas que promueven la plena inclusi\u00f3n y participaci\u00f3n pol\u00edtica y social de las personas con discapacidad. Este convenio nos fortalecer\u00e1 en esta labor y nos permitir\u00e1 avanzar con acciones concretas hacia una efectiva inclusi\u00f3n\u201d,\u00a0concluy\u00f3.<\/p>\n<p style=\"text-align: justify;\">De esta forma, Servel y Senadis realizar\u00e1n acciones para favorecer la participaci\u00f3n social y pol\u00edtica, as\u00ed como la inclusi\u00f3n social de las personas con discapacidad, a trav\u00e9s de los siguientes compromisos y obligaciones comunes:<\/p>\n<ol style=\"text-align: justify;\">\n<li>Contribuir a la participaci\u00f3n de las personas con discapacidad en los procesos eleccionarios y plebiscitarios, a trav\u00e9s de la realizaci\u00f3n de conferencias o charlas u otros mecanismos, por parte de los funcionarios de ambos Servicios, dirigidos a instituciones p\u00fablicas, instituciones privadas, sociedad civil y academia. As\u00ed como tambi\u00e9n, fomentar la difusi\u00f3n en los medios de comunicaci\u00f3n, que permita visibilizar todo lo que tengan relaci\u00f3n con la participaci\u00f3n de las personas con discapacidad en los procesos eleccionarios, velando porque toda la informaci\u00f3n vinculada a \u00e9stos, tales como derecho a sufragio, voto asistido, derecho a ser elegido, debates entre candidaturas, propaganda electoral, resultados de elecciones, entre otros, cuente con las medidas de accesibilidad necesarias para las personas con discapacidad.<\/li>\n<\/ol>\n<ol style=\"text-align: justify;\" start=\"2\">\n<li>Incorporar en los instructivos y material electoral que se distribuya a quienes participan en el proceso eleccionario y plebiscitario, la variable discapacidad y los derechos de las personas con discapacidad, especialmente en el \u00e1mbito de participaci\u00f3n en procesos eleccionarios.<\/li>\n<li>Incentivar el desarrollo de proyectos y programas de formaci\u00f3n.<\/li>\n<\/ol>\n<ol style=\"text-align: justify;\" start=\"4\">\n<li>Fomentar la realizaci\u00f3n y participaci\u00f3n en cursos, capacitaciones, talleres, seminarios, conferencias, charlas de especializaci\u00f3n u otros, que contribuyan a la formaci\u00f3n de los profesionales, administrativos y t\u00e9cnicos de las instituciones firmantes.<\/li>\n<\/ol>\n<ol style=\"text-align: justify;\" start=\"5\">\n<li>Intercambiar de manera permanente informaci\u00f3n que permita difundir y visibilizar los derechos humanos de las personas con discapacidad.<\/li>\n<\/ol>\n<ol style=\"text-align: justify;\" start=\"6\">\n<li>Promover, a nivel regional y local, actividades conjuntas de inter\u00e9s mutuo con enfoque territorial, de acuerdo a las condiciones, recursos y prioridades de cada una de las partes firmantes.<\/li>\n<\/ol>\n<\/div><\/section><\/div><div  style='height:50px' class='hr hr-invisible   avia-builder-el-6  el_after_av_one_full  el_before_av_social_share '><span class='hr-inner ' ><span class='hr-inner-style'><\/span><\/span><\/div><\/p>\n<div  class='av-social-sharing-box  avia-builder-el-7  el_after_av_hr  el_before_av_hr  '><div class='av-share-box'><h5 class='av-share-link-description av-no-toc '>Compartir esta noticia<\/h5><ul class='av-share-box-list noLightbox'><li class='av-share-link av-social-link-facebook' ><a target=\"_blank\" aria-label=\"Compartir en Facebook\" href='https:\/\/www.facebook.com\/sharer.php?u=https:\/\/radiorevelacionfm.cl\/?p=13497&#038;t=Servel%20y%20Senadis%20firman%20convenio%20para%20que%20personas%20con%20discapacidad%20ejerzan%20plenamente%20sus%20derechos%20pol%C3%ADticos' aria-hidden='false' data-av_icon='\ue8f3' data-av_iconfont='entypo-fontello' title='' data-avia-related-tooltip='Compartir en Facebook' rel=\"noopener\"><span class='avia_hidden_link_text'>Compartir en Facebook<\/span><\/a><\/li><li class='av-share-link av-social-link-twitter' ><a target=\"_blank\" aria-label=\"Compartir en Twitter\" href='https:\/\/twitter.com\/share?text=Servel%20y%20Senadis%20firman%20convenio%20para%20que%20personas%20con%20discapacidad%20ejerzan%20plenamente%20sus%20derechos%20pol%C3%ADticos&#038;url=https:\/\/radiorevelacionfm.cl\/?p=13497' aria-hidden='false' data-av_icon='\ue8f1' data-av_iconfont='entypo-fontello' title='' data-avia-related-tooltip='Compartir en Twitter' rel=\"noopener\"><span class='avia_hidden_link_text'>Compartir en Twitter<\/span><\/a><\/li><li class='av-share-link av-social-link-whatsapp' ><a target=\"_blank\" aria-label=\"Compartir en Whatsapp\" href='https:\/\/api.whatsapp.com\/send?text=https:\/\/radiorevelacionfm.cl\/?p=13497' aria-hidden='false' data-av_icon='\uf232' data-av_iconfont='entypo-fontello' title='' data-avia-related-tooltip='Compartir en Whatsapp' rel=\"noopener\"><span class='avia_hidden_link_text'>Compartir en Whatsapp<\/span><\/a><\/li><li class='av-share-link av-social-link-linkedin' ><a target=\"_blank\" aria-label=\"Compartir en LinkedIn\" href='https:\/\/linkedin.com\/shareArticle?mini=true&#038;title=Servel%20y%20Senadis%20firman%20convenio%20para%20que%20personas%20con%20discapacidad%20ejerzan%20plenamente%20sus%20derechos%20pol%C3%ADticos&#038;url=https:\/\/radiorevelacionfm.cl\/?p=13497' aria-hidden='false' data-av_icon='\ue8fc' data-av_iconfont='entypo-fontello' title='' data-avia-related-tooltip='Compartir en LinkedIn' rel=\"noopener\"><span class='avia_hidden_link_text'>Compartir en LinkedIn<\/span><\/a><\/li><li class='av-share-link av-social-link-mail' ><a  aria-label=\"Compartir por correo\" href='mailto:?subject=Servel%20y%20Senadis%20firman%20convenio%20para%20que%20personas%20con%20discapacidad%20ejerzan%20plenamente%20sus%20derechos%20pol%C3%ADticos&#038;body=https:\/\/radiorevelacionfm.cl\/?p=13497' aria-hidden='false' data-av_icon='\ue805' data-av_iconfont='entypo-fontello' title='' data-avia-related-tooltip='Compartir por correo'><span class='avia_hidden_link_text'>Compartir por correo<\/span><\/a><\/li><\/ul><\/div><\/div>\n<div  style='height:50px' class='hr hr-invisible   avia-builder-el-8  el_after_av_social_share  el_before_av_comments_list '><span class='hr-inner ' ><span class='hr-inner-style'><\/span><\/span><\/div>\n<div  class='av-buildercomment  av-blog-meta-html-info-disabled av-blog-meta-tag-disabled  '><\/div>\n","protected":false},"excerpt":{"rendered":"","protected":false},"author":1,"featured_media":13498,"comment_status":"open","ping_status":"open","sticky":false,"template":"","format":"standard","meta":{"footnotes":""},"categories":[35],"tags":[],"class_list":["post-13497","post","type-post","status-publish","format-standard","has-post-thumbnail","hentry","category-politica"],"jetpack_featured_media_url":"https:\/\/radiorevelacionfm.cl\/wp-content\/uploads\/2022\/02\/unnamed-3-2-2.jpg","_links":{"self":[{"href":"https:\/\/radiorevelacionfm.cl\/index.php?rest_route=\/wp\/v2\/posts\/13497","targetHints":{"allow":["GET"]}}],"collection":[{"href":"https:\/\/radiorevelacionfm.cl\/index.php?rest_route=\/wp\/v2\/posts"}],"about":[{"href":"https:\/\/radiorevelacionfm.cl\/index.php?rest_route=\/wp\/v2\/types\/post"}],"author":[{"embeddable":true,"href":"https:\/\/radiorevelacionfm.cl\/index.php?rest_route=\/wp\/v2\/users\/1"}],"replies":[{"embeddable":true,"href":"https:\/\/radiorevelacionfm.cl\/index.php?rest_route=%2Fwp%2Fv2%2Fcomments&post=13497"}],"version-history":[{"count":2,"href":"https:\/\/radiorevelacionfm.cl\/index.php?rest_route=\/wp\/v2\/posts\/13497\/revisions"}],"predecessor-version":[{"id":13548,"href":"https:\/\/radiorevelacionfm.cl\/index.php?rest_route=\/wp\/v2\/posts\/13497\/revisions\/13548"}],"wp:featuredmedia":[{"embeddable":true,"href":"https:\/\/radiorevelacionfm.cl\/index.php?rest_route=\/wp\/v2\/media\/13498"}],"wp:attachment":[{"href":"https:\/\/radiorevelacionfm.cl\/index.php?rest_route=%2Fwp%2Fv2%2Fmedia&parent=13497"}],"wp:term":[{"taxonomy":"category","embeddable":true,"href":"https:\/\/radiorevelacionfm.cl\/index.php?rest_route=%2Fwp%2Fv2%2Fcategories&post=13497"},{"taxonomy":"post_tag","embeddable":true,"href":"https:\/\/radiorevelacionfm.cl\/index.php?rest_route=%2Fwp%2Fv2%2Ftags&post=13497"}],"curies":[{"name":"wp","href":"https:\/\/api.w.org\/{rel}","templated":true}]}}