{"id":13494,"date":"2022-02-04T09:12:22","date_gmt":"2022-02-04T12:12:22","guid":{"rendered":"https:\/\/radiorevelacionfm.cl\/?p=13494"},"modified":"2022-02-04T09:12:22","modified_gmt":"2022-02-04T12:12:22","slug":"en-el-ex-terminal-de-buses-implementan-centro-comunal-de-busqueda-activa-para-la-deteccion-de-covid","status":"publish","type":"post","link":"https:\/\/radiorevelacionfm.cl\/?p=13494","title":{"rendered":"En el ex Terminal de Buses implementan \u201cCentro comunal de b\u00fasqueda activa\u201d para la detecci\u00f3n de COVID"},"content":{"rendered":"<div class=\"flex_column av_one_full  flex_column_div av-zero-column-padding first  avia-builder-el-0  el_before_av_one_full  avia-builder-el-first  \" style='border-radius:0px; '><div  class='avia-image-container  av-styling-    avia-builder-el-1  avia-builder-el-no-sibling  avia-align-center '  itemprop=\"image\" itemscope=\"itemscope\" itemtype=\"https:\/\/schema.org\/ImageObject\"  ><div class='avia-image-container-inner'><div class='avia-image-overlay-wrap'><img decoding=\"async\" class='wp-image-13495 avia-img-lazy-loading-not-13495 avia_image' src=\"https:\/\/radiorevelacionfm.cl\/wp-content\/uploads\/2022\/02\/Foto1-2-2-2.jpeg\" alt='' title='Foto1 (2)-2-2' height=\"600\" width=\"824\"  itemprop=\"thumbnailUrl\" srcset=\"https:\/\/radiorevelacionfm.cl\/wp-content\/uploads\/2022\/02\/Foto1-2-2-2.jpeg 824w, https:\/\/radiorevelacionfm.cl\/wp-content\/uploads\/2022\/02\/Foto1-2-2-2-300x218.jpeg 300w, https:\/\/radiorevelacionfm.cl\/wp-content\/uploads\/2022\/02\/Foto1-2-2-2-768x559.jpeg 768w, https:\/\/radiorevelacionfm.cl\/wp-content\/uploads\/2022\/02\/Foto1-2-2-2-705x513.jpeg 705w, https:\/\/radiorevelacionfm.cl\/wp-content\/uploads\/2022\/02\/Foto1-2-2-2-600x437.jpeg 600w\" sizes=\"(max-width: 824px) 100vw, 824px\" \/><\/div><\/div><\/div><\/div><div class=\"flex_column av_one_full  flex_column_div av-zero-column-padding first  avia-builder-el-2  el_after_av_one_full  el_before_av_one_full  column-top-margin\" style='border-radius:0px; '><section class=\"av_textblock_section \"  itemscope=\"itemscope\" itemtype=\"https:\/\/schema.org\/BlogPosting\" itemprop=\"blogPost\" ><div class='avia_textblock  '   itemprop=\"text\" ><div style=\"text-align: center;\"><span style=\"font-size: 18pt;\"><b><span lang=\"es-419\">En el ex Terminal de Buses implementan \u201cCentro comunal de b\u00fasqueda activa\u201d para la detecci\u00f3n de COVID<\/span><\/b><\/span><\/div>\n<div id=\"gtx-trans\" style=\"position: absolute; left: -50px; top: 4.31534px;\">\n<div class=\"gtx-trans-icon\"><\/div>\n<\/div>\n<\/div><\/section><\/div><div class=\"flex_column av_one_full  flex_column_div av-zero-column-padding first  avia-builder-el-4  el_after_av_one_full  el_before_av_hr  column-top-margin\" style='border-radius:0px; '><section class=\"av_textblock_section \"  itemscope=\"itemscope\" itemtype=\"https:\/\/schema.org\/BlogPosting\" itemprop=\"blogPost\" ><div class='avia_textblock  '   itemprop=\"text\" ><p style=\"text-align: justify;\">Mediante un punto de prensa, la alcaldesa Subrogante, Gabriela Retamal, el director del Servicio de Salud Ays\u00e9n, Gabriel Burgos y la Subdirectora (S) de Gesti\u00f3n Asistencial de la Red de salud, Natalie Duffau, dieron a conocer la estrategia que permitir\u00e1 a la ciudadan\u00eda, concurrir los siete d\u00edas de la semana, a realizarse el examen, que tanta demanda ha tenido a prop\u00f3sito del aumento en los contagios registrados en todo el Pa\u00eds con la cepa \u00d3micron.<\/p>\n<p style=\"text-align: justify;\">\u201cEl d\u00eda de hoy hemos reportado m\u00e1s de 376 casos de PCR positivo y ant\u00edgeno, y una forma de validar y ordenar la creciente demanda, ha sido colocar este centro de toma de PCR para personas asintom\u00e1ticas y alerta COVID asintom\u00e1ticos, por lo que agradecemos al Municipio de Coyhaique a su Alcalde y a su representante hoy d\u00eda, que hayan prestado o\u00eddos a esta solicitud y nos hayan ayudado a implementar este centro para tomar ex\u00e1menes PCR todo el d\u00eda entre las 09:00 y las 12: 30 horas y por la tarde entre las 14:30 y 19:00 horas, adem\u00e1s de los fines de semana entre las 14:30 y 19:00 horas\u201d, detall\u00f3 Gabriel Burgos, Director del SSA.<\/p>\n<p style=\"text-align: justify;\">De acuerdo a lo expresado por la Slcaldesa Subrogante de Coyhaique, Gabriela Retamal, \u201cEl objetivo es prestar un servicio que es una necesidad urgente hoy d\u00eda, ante el aumento de los casos COVID y alerta COVID, por lo que estamos trabajando en conjunto para que nuestros vecinos y vecinas, puedan realizarse su PCR. Hacemos un llamado a todas las vecinas y vecinos particularmente las personas que atienden p\u00fablico, a que vengan hacerse su examen aqu\u00ed en el ex terminal de buses, para que todos juntos nos preocupemos de cuidar la salud p\u00fablica\u201d, enfatiz\u00f3 la autoridad comunal.<\/p>\n<p style=\"text-align: justify;\">Por su parte, la subdirectora Subrogante de Gesti\u00f3n Asistencial del Servicio de Salud Ays\u00e9n, Natalie Duffau, aport\u00f3 m\u00e1s antecedentes sobre la estrategia implementada que tambi\u00e9n incorpora la atenci\u00f3n a aquellas personas que se encuentren con s\u00edntomas de la enfermedad, en otro recinto habilitado para dicha funci\u00f3n.<\/p>\n<p style=\"text-align: justify;\">\u201cEste centro comunal de b\u00fasqueda activa, es exclusivamente para personas asintom\u00e1ticas y que va a funcionar aqu\u00ed en el ex terminal de buses; adem\u00e1s de ello, como Red Asistencial, estamos potenciando la toma de test de ant\u00edgeno y desde el lunes 7 de febrero, entre las ocho de la ma\u00f1ana y cinco de la tarde, va a funcionar un centro de atenci\u00f3n respiratoria en el ex CECOSF de calle Lautaro en la poblaci\u00f3n CORVI, esto tambi\u00e9n para poder otorgar a la comunidad, mayor acceso a consultas cuando presenten s\u00edntomas\u201c, expres\u00f3 la profesional, agregando que con esto se busca separar las atenciones evitando los contagios.<\/p>\n<p style=\"text-align: justify;\">Cabe destacar, que las autoridades recalcaron al finalizar sus intervenciones, lo importante que es el que la ciudadan\u00eda extreme los cuidados con el lavado de manos, el uso permanente de la mascarilla, evitando adem\u00e1s las aglomeraciones y por supuesto, manteniendo con ello el distanciamiento f\u00edsico.<\/p>\n<\/div><\/section><\/div><div  style='height:50px' class='hr hr-invisible   avia-builder-el-6  el_after_av_one_full  el_before_av_social_share '><span class='hr-inner ' ><span class='hr-inner-style'><\/span><\/span><\/div><\/p>\n<div  class='av-social-sharing-box  avia-builder-el-7  el_after_av_hr  el_before_av_hr  '><div class='av-share-box'><h5 class='av-share-link-description av-no-toc '>Compartir esta noticia<\/h5><ul class='av-share-box-list noLightbox'><li class='av-share-link av-social-link-facebook' ><a target=\"_blank\" aria-label=\"Compartir en Facebook\" href='https:\/\/www.facebook.com\/sharer.php?u=https:\/\/radiorevelacionfm.cl\/?p=13494&#038;t=En%20el%20ex%20Terminal%20de%20Buses%20implementan%20%E2%80%9CCentro%20comunal%20de%20b%C3%BAsqueda%20activa%E2%80%9D%20para%20la%20detecci%C3%B3n%20de%20COVID' aria-hidden='false' data-av_icon='\ue8f3' data-av_iconfont='entypo-fontello' title='' data-avia-related-tooltip='Compartir en Facebook' rel=\"noopener\"><span class='avia_hidden_link_text'>Compartir en Facebook<\/span><\/a><\/li><li class='av-share-link av-social-link-twitter' ><a target=\"_blank\" aria-label=\"Compartir en Twitter\" href='https:\/\/twitter.com\/share?text=En%20el%20ex%20Terminal%20de%20Buses%20implementan%20%E2%80%9CCentro%20comunal%20de%20b%C3%BAsqueda%20activa%E2%80%9D%20para%20la%20detecci%C3%B3n%20de%20COVID&#038;url=https:\/\/radiorevelacionfm.cl\/?p=13494' aria-hidden='false' data-av_icon='\ue8f1' data-av_iconfont='entypo-fontello' title='' data-avia-related-tooltip='Compartir en Twitter' rel=\"noopener\"><span class='avia_hidden_link_text'>Compartir en Twitter<\/span><\/a><\/li><li class='av-share-link av-social-link-whatsapp' ><a target=\"_blank\" aria-label=\"Compartir en Whatsapp\" href='https:\/\/api.whatsapp.com\/send?text=https:\/\/radiorevelacionfm.cl\/?p=13494' aria-hidden='false' data-av_icon='\uf232' data-av_iconfont='entypo-fontello' title='' data-avia-related-tooltip='Compartir en Whatsapp' rel=\"noopener\"><span class='avia_hidden_link_text'>Compartir en Whatsapp<\/span><\/a><\/li><li class='av-share-link av-social-link-linkedin' ><a target=\"_blank\" aria-label=\"Compartir en LinkedIn\" href='https:\/\/linkedin.com\/shareArticle?mini=true&#038;title=En%20el%20ex%20Terminal%20de%20Buses%20implementan%20%E2%80%9CCentro%20comunal%20de%20b%C3%BAsqueda%20activa%E2%80%9D%20para%20la%20detecci%C3%B3n%20de%20COVID&#038;url=https:\/\/radiorevelacionfm.cl\/?p=13494' aria-hidden='false' data-av_icon='\ue8fc' data-av_iconfont='entypo-fontello' title='' data-avia-related-tooltip='Compartir en LinkedIn' rel=\"noopener\"><span class='avia_hidden_link_text'>Compartir en LinkedIn<\/span><\/a><\/li><li class='av-share-link av-social-link-mail' ><a  aria-label=\"Compartir por correo\" href='mailto:?subject=En%20el%20ex%20Terminal%20de%20Buses%20implementan%20%E2%80%9CCentro%20comunal%20de%20b%C3%BAsqueda%20activa%E2%80%9D%20para%20la%20detecci%C3%B3n%20de%20COVID&#038;body=https:\/\/radiorevelacionfm.cl\/?p=13494' aria-hidden='false' data-av_icon='\ue805' data-av_iconfont='entypo-fontello' title='' data-avia-related-tooltip='Compartir por correo'><span class='avia_hidden_link_text'>Compartir por correo<\/span><\/a><\/li><\/ul><\/div><\/div>\n<div  style='height:50px' class='hr hr-invisible   avia-builder-el-8  el_after_av_social_share  el_before_av_comments_list '><span class='hr-inner ' ><span class='hr-inner-style'><\/span><\/span><\/div>\n<div  class='av-buildercomment  av-blog-meta-html-info-disabled av-blog-meta-tag-disabled  '><\/div>\n","protected":false},"excerpt":{"rendered":"","protected":false},"author":1,"featured_media":13495,"comment_status":"open","ping_status":"open","sticky":false,"template":"","format":"standard","meta":{"footnotes":""},"categories":[46],"tags":[],"class_list":["post-13494","post","type-post","status-publish","format-standard","has-post-thumbnail","hentry","category-salud"],"jetpack_featured_media_url":"https:\/\/radiorevelacionfm.cl\/wp-content\/uploads\/2022\/02\/Foto1-2-2-2.jpeg","_links":{"self":[{"href":"https:\/\/radiorevelacionfm.cl\/index.php?rest_route=\/wp\/v2\/posts\/13494","targetHints":{"allow":["GET"]}}],"collection":[{"href":"https:\/\/radiorevelacionfm.cl\/index.php?rest_route=\/wp\/v2\/posts"}],"about":[{"href":"https:\/\/radiorevelacionfm.cl\/index.php?rest_route=\/wp\/v2\/types\/post"}],"author":[{"embeddable":true,"href":"https:\/\/radiorevelacionfm.cl\/index.php?rest_route=\/wp\/v2\/users\/1"}],"replies":[{"embeddable":true,"href":"https:\/\/radiorevelacionfm.cl\/index.php?rest_route=%2Fwp%2Fv2%2Fcomments&post=13494"}],"version-history":[{"count":2,"href":"https:\/\/radiorevelacionfm.cl\/index.php?rest_route=\/wp\/v2\/posts\/13494\/revisions"}],"predecessor-version":[{"id":13515,"href":"https:\/\/radiorevelacionfm.cl\/index.php?rest_route=\/wp\/v2\/posts\/13494\/revisions\/13515"}],"wp:featuredmedia":[{"embeddable":true,"href":"https:\/\/radiorevelacionfm.cl\/index.php?rest_route=\/wp\/v2\/media\/13495"}],"wp:attachment":[{"href":"https:\/\/radiorevelacionfm.cl\/index.php?rest_route=%2Fwp%2Fv2%2Fmedia&parent=13494"}],"wp:term":[{"taxonomy":"category","embeddable":true,"href":"https:\/\/radiorevelacionfm.cl\/index.php?rest_route=%2Fwp%2Fv2%2Fcategories&post=13494"},{"taxonomy":"post_tag","embeddable":true,"href":"https:\/\/radiorevelacionfm.cl\/index.php?rest_route=%2Fwp%2Fv2%2Ftags&post=13494"}],"curies":[{"name":"wp","href":"https:\/\/api.w.org\/{rel}","templated":true}]}}