{"id":13488,"date":"2022-02-04T08:51:03","date_gmt":"2022-02-04T11:51:03","guid":{"rendered":"https:\/\/radiorevelacionfm.cl\/?p=13488"},"modified":"2022-02-04T08:51:03","modified_gmt":"2022-02-04T11:51:03","slug":"el-pilchero-monumento-publico-es-reinstalado-en-plaza-mahuen-por-municipio-de-aysen","status":"publish","type":"post","link":"https:\/\/radiorevelacionfm.cl\/?p=13488","title":{"rendered":"El Pilchero: Monumento p\u00fablico es reinstalado en Plaza Mahu\u00e9n por municipio de Ays\u00e9n"},"content":{"rendered":"<div class=\"flex_column av_one_full  flex_column_div av-zero-column-padding first  avia-builder-el-0  el_before_av_one_full  avia-builder-el-first  \" style='border-radius:0px; '><div  class='avia-image-container  av-styling-    avia-builder-el-1  avia-builder-el-no-sibling  avia-align-center '  itemprop=\"image\" itemscope=\"itemscope\" itemtype=\"https:\/\/schema.org\/ImageObject\"  ><div class='avia-image-container-inner'><div class='avia-image-overlay-wrap'><img decoding=\"async\" class='wp-image-13489 avia-img-lazy-loading-not-13489 avia_image' src=\"https:\/\/radiorevelacionfm.cl\/wp-content\/uploads\/2022\/02\/foto-1-5-3_optimized.jpg\" alt='' title='foto-1-5-3_optimized' height=\"600\" width=\"900\"  itemprop=\"thumbnailUrl\" srcset=\"https:\/\/radiorevelacionfm.cl\/wp-content\/uploads\/2022\/02\/foto-1-5-3_optimized.jpg 900w, https:\/\/radiorevelacionfm.cl\/wp-content\/uploads\/2022\/02\/foto-1-5-3_optimized-300x200.jpg 300w, https:\/\/radiorevelacionfm.cl\/wp-content\/uploads\/2022\/02\/foto-1-5-3_optimized-768x512.jpg 768w, https:\/\/radiorevelacionfm.cl\/wp-content\/uploads\/2022\/02\/foto-1-5-3_optimized-705x470.jpg 705w, https:\/\/radiorevelacionfm.cl\/wp-content\/uploads\/2022\/02\/foto-1-5-3_optimized-600x400.jpg 600w\" sizes=\"(max-width: 900px) 100vw, 900px\" \/><\/div><\/div><\/div><\/div><div class=\"flex_column av_one_full  flex_column_div av-zero-column-padding first  avia-builder-el-2  el_after_av_one_full  el_before_av_one_full  column-top-margin\" style='border-radius:0px; '><section class=\"av_textblock_section \"  itemscope=\"itemscope\" itemtype=\"https:\/\/schema.org\/BlogPosting\" itemprop=\"blogPost\" ><div class='avia_textblock  '   itemprop=\"text\" ><p style=\"text-align: center;\"><strong><span style=\"font-size: 18pt;\">El Pilchero: Monumento p\u00fablico es reinstalado en Plaza Mahu\u00e9n por municipio de Ays\u00e9n<\/span><\/strong><\/p>\n<div id=\"gtx-trans\" style=\"position: absolute; left: -50px; top: 4.31534px;\">\n<div class=\"gtx-trans-icon\"><\/div>\n<\/div>\n<\/div><\/section><\/div><div class=\"flex_column av_one_full  flex_column_div av-zero-column-padding first  avia-builder-el-4  el_after_av_one_full  el_before_av_hr  column-top-margin\" style='border-radius:0px; '><section class=\"av_textblock_section \"  itemscope=\"itemscope\" itemtype=\"https:\/\/schema.org\/BlogPosting\" itemprop=\"blogPost\" ><div class='avia_textblock  '   itemprop=\"text\" ><p style=\"text-align: justify;\">En ceremonia solemne, el viernes pasado en Plaza Mahu\u00e9n, se reinaugur\u00f3 la escultura El Pilchero del artista Eduardo Torrealba. Instancia simb\u00f3lica marcada por la presencia de la primera autoridad municipal, directores de Seguridad P\u00fablica, Secretar\u00eda Comunal de Planificaci\u00f3n (SECPLAN) y Direcci\u00f3n de Aseo, Ornato y Medio Ambiente (DAOMA), tras tres meses de restauraci\u00f3n v\u00eda decreto alcaldicio de la actual administraci\u00f3n.<\/p>\n<p style=\"text-align: justify;\">Tipificada en la categor\u00eda de Monumento P\u00fablico por la institucionalidad patrimonial, la obra compuesta por tres esculturas: pionero, perro y caballo de carga, este \u00faltimo a quien debe su denominaci\u00f3n, finalmente retorn\u00f3 al sitio ocupado desde 2011, luego de ser restaurada por su autor original, Eduardo Torrealba, en las instalaciones del Liceo Polit\u00e9cnico A-1.<\/p>\n<p style=\"text-align: justify;\">\u201cCuando llegamos con esta administraci\u00f3n, buscamos d\u00f3nde estaba El Pilchero y a nuestro escultor para ver si pod\u00eda repararlo porque estaba en muy malas condiciones. Todo se logr\u00f3 con nuestros profesionales municipales y hoy estamos reinaugur\u00e1ndola, lo cual me da mucha alegr\u00eda porque es una deuda que ten\u00edamos con la comunidad, ya le hab\u00edan tomado cari\u00f1o y gracias a Dios se pudo rescatar\u201d, expres\u00f3 con gran gratificaci\u00f3n el alcalde Julio Uribe Alvarado, que previo a gestiones y coordinaci\u00f3n con SECPLAN, dispusieron recursos monetarios y materiales para las faenas.<\/p>\n<p style=\"text-align: justify;\">Sin embargo, el proceso no estuvo exento de complicaciones debido al grave deterioro de la obra en que sobresal\u00eda la estructura de acero, por tanto, la restauraci\u00f3n demor\u00f3 m\u00e1s de lo previsto e involucr\u00f3 la participaci\u00f3n de la arquitecta Nicole Tranamil y personal municipal. \u201cEl proceso fue largo, porque las condiciones en que estaba cuando la fuimos a ver en agosto eran bastantes malas. Hablamos con el escultor y asumi\u00f3 el desafi\u00f3\u201d, detall\u00f3 el director de SECPLAN, Juan Carlos C\u00e1rdenas al ahondar en el proceso y las acciones definidas desde la entidad para responder a los requerimientos ciudadanos.<\/p>\n<p style=\"text-align: justify;\">Partida en noviembre, la restauraci\u00f3n culmin\u00f3 a finales de enero, traslad\u00e1ndose desde el taller del establecimiento educacional a su leg\u00edtima ubicaci\u00f3n bajo medidas especiales. \u201cLogramos coordinar todas las acciones. Al ser una escultura necesita un tratamiento especial para moverla, as\u00ed que se contrat\u00f3 a empresas especializadas en este tipo de servicios\u201d, agreg\u00f3 C\u00e1rdenas.<\/p>\n<p style=\"text-align: justify;\">Finalmente, el Monumento P\u00fablico retorn\u00f3 a su punto inicial para enfatizar las razones de su ubicaci\u00f3n en un espacio neur\u00e1lgico. \u201cEsta escultura m\u00e1s all\u00e1 de la reinauguraci\u00f3n, es el sentir de nuestra comunidad. Recordar que estaba emplazada en esta plaza y cuando fue remodelada la sacaron, todas las personas pensaban que cuando se reinaugurara la plaza iba a estar con El Pilchero y no fue as\u00ed\u201d, declar\u00f3 la autoridad comunal.<\/p>\n<p style=\"text-align: justify;\">Por su parte, Torroalba al ver nuevamente a El Pilchero en la explanada, agradeci\u00f3 los esfuerzos de la regente administraci\u00f3n luego que en 2020 al mejorar el sector no retornara a la mirada p\u00fablica. \u201cQuiero agradecer a SECPLAN, a la se\u00f1orita Nicole (arquitecta) y sobre todo al se\u00f1or alcalde que recuper\u00f3 algo que hab\u00edan botado como escombro y tuvo la gracia de recuperarlo\u201d, manifest\u00f3 el artista.<\/p>\n<p style=\"text-align: justify;\"><strong>Retrato identitario<\/strong><\/p>\n<p style=\"text-align: justify;\">La obra inaugurada en mayo de 2011, relata en tres esculturas la vida y elementos cotidianos en torno a pr\u00e1cticas culturales arraigadas desde principio de silgo XX, cuando los pioneros levantaron puertos y ciudades en la regi\u00f3n. Raz\u00f3n por la que El Pilchero cohesiona la mirada identitaria, clara representaci\u00f3n del caballo de carga que acompa\u00f1\u00f3 en extenuantes jornadas a los trabajadores y trabajadoras al asentarse.<\/p>\n<p style=\"text-align: justify;\">\u201cEn realidad los ayseninos tenemos dos identidades, una que es m\u00e1s del lado de la estepa de Ma\u00f1ihuales y la otra es la parte chilota por el litoral, pero esta representa uno de nuestros hitos importantes, que fue la colonizaci\u00f3n desde el lado de Argentina\u201d, consign\u00f3 el alcalde Julio Uribe Alvarado respecto a los elementos que componen la memoria colectiva, cincelada a la perfecci\u00f3n en la escultura de Torrealba.<\/p>\n<p style=\"text-align: justify;\">Actualmente El Pilchero da la bienvenida a viajeros y lugare\u00f1os, siempre con la vista al horizonte, en un entorno que pone en valor la identidad cultural de la zona y con la glosa: \u201cDedicado a los hombres y mujeres de Ays\u00e9n que con su trabajo y esfuerzo crearon la historia de los caminos de la regi\u00f3n de Ays\u00e9n\u201d.<\/p>\n<\/div><\/section><\/div><div  style='height:50px' class='hr hr-invisible   avia-builder-el-6  el_after_av_one_full  el_before_av_social_share '><span class='hr-inner ' ><span class='hr-inner-style'><\/span><\/span><\/div><\/p>\n<div  class='av-social-sharing-box  avia-builder-el-7  el_after_av_hr  el_before_av_hr  '><div class='av-share-box'><h5 class='av-share-link-description av-no-toc '>Compartir esta noticia<\/h5><ul class='av-share-box-list noLightbox'><li class='av-share-link av-social-link-facebook' ><a target=\"_blank\" aria-label=\"Compartir en Facebook\" href='https:\/\/www.facebook.com\/sharer.php?u=https:\/\/radiorevelacionfm.cl\/?p=13488&#038;t=El%20Pilchero%3A%20Monumento%20p%C3%BAblico%20es%20reinstalado%20en%20Plaza%20Mahu%C3%A9n%20por%20municipio%20de%20Ays%C3%A9n' aria-hidden='false' data-av_icon='\ue8f3' data-av_iconfont='entypo-fontello' title='' data-avia-related-tooltip='Compartir en Facebook' rel=\"noopener\"><span class='avia_hidden_link_text'>Compartir en Facebook<\/span><\/a><\/li><li class='av-share-link av-social-link-twitter' ><a target=\"_blank\" aria-label=\"Compartir en Twitter\" href='https:\/\/twitter.com\/share?text=El%20Pilchero%3A%20Monumento%20p%C3%BAblico%20es%20reinstalado%20en%20Plaza%20Mahu%C3%A9n%20por%20municipio%20de%20Ays%C3%A9n&#038;url=https:\/\/radiorevelacionfm.cl\/?p=13488' aria-hidden='false' data-av_icon='\ue8f1' data-av_iconfont='entypo-fontello' title='' data-avia-related-tooltip='Compartir en Twitter' rel=\"noopener\"><span class='avia_hidden_link_text'>Compartir en Twitter<\/span><\/a><\/li><li class='av-share-link av-social-link-whatsapp' ><a target=\"_blank\" aria-label=\"Compartir en Whatsapp\" href='https:\/\/api.whatsapp.com\/send?text=https:\/\/radiorevelacionfm.cl\/?p=13488' aria-hidden='false' data-av_icon='\uf232' data-av_iconfont='entypo-fontello' title='' data-avia-related-tooltip='Compartir en Whatsapp' rel=\"noopener\"><span class='avia_hidden_link_text'>Compartir en Whatsapp<\/span><\/a><\/li><li class='av-share-link av-social-link-linkedin' ><a target=\"_blank\" aria-label=\"Compartir en LinkedIn\" href='https:\/\/linkedin.com\/shareArticle?mini=true&#038;title=El%20Pilchero%3A%20Monumento%20p%C3%BAblico%20es%20reinstalado%20en%20Plaza%20Mahu%C3%A9n%20por%20municipio%20de%20Ays%C3%A9n&#038;url=https:\/\/radiorevelacionfm.cl\/?p=13488' aria-hidden='false' data-av_icon='\ue8fc' data-av_iconfont='entypo-fontello' title='' data-avia-related-tooltip='Compartir en LinkedIn' rel=\"noopener\"><span class='avia_hidden_link_text'>Compartir en LinkedIn<\/span><\/a><\/li><li class='av-share-link av-social-link-mail' ><a  aria-label=\"Compartir por correo\" href='mailto:?subject=El%20Pilchero%3A%20Monumento%20p%C3%BAblico%20es%20reinstalado%20en%20Plaza%20Mahu%C3%A9n%20por%20municipio%20de%20Ays%C3%A9n&#038;body=https:\/\/radiorevelacionfm.cl\/?p=13488' aria-hidden='false' data-av_icon='\ue805' data-av_iconfont='entypo-fontello' title='' data-avia-related-tooltip='Compartir por correo'><span class='avia_hidden_link_text'>Compartir por correo<\/span><\/a><\/li><\/ul><\/div><\/div>\n<div  style='height:50px' class='hr hr-invisible   avia-builder-el-8  el_after_av_social_share  el_before_av_comments_list '><span class='hr-inner ' ><span class='hr-inner-style'><\/span><\/span><\/div>\n<div  class='av-buildercomment  av-blog-meta-html-info-disabled av-blog-meta-tag-disabled  '><\/div>\n","protected":false},"excerpt":{"rendered":"","protected":false},"author":1,"featured_media":13489,"comment_status":"open","ping_status":"open","sticky":false,"template":"","format":"standard","meta":{"footnotes":""},"categories":[38],"tags":[],"class_list":["post-13488","post","type-post","status-publish","format-standard","has-post-thumbnail","hentry","category-regional"],"jetpack_featured_media_url":"https:\/\/radiorevelacionfm.cl\/wp-content\/uploads\/2022\/02\/foto-1-5-3_optimized.jpg","_links":{"self":[{"href":"https:\/\/radiorevelacionfm.cl\/index.php?rest_route=\/wp\/v2\/posts\/13488","targetHints":{"allow":["GET"]}}],"collection":[{"href":"https:\/\/radiorevelacionfm.cl\/index.php?rest_route=\/wp\/v2\/posts"}],"about":[{"href":"https:\/\/radiorevelacionfm.cl\/index.php?rest_route=\/wp\/v2\/types\/post"}],"author":[{"embeddable":true,"href":"https:\/\/radiorevelacionfm.cl\/index.php?rest_route=\/wp\/v2\/users\/1"}],"replies":[{"embeddable":true,"href":"https:\/\/radiorevelacionfm.cl\/index.php?rest_route=%2Fwp%2Fv2%2Fcomments&post=13488"}],"version-history":[{"count":2,"href":"https:\/\/radiorevelacionfm.cl\/index.php?rest_route=\/wp\/v2\/posts\/13488\/revisions"}],"predecessor-version":[{"id":13511,"href":"https:\/\/radiorevelacionfm.cl\/index.php?rest_route=\/wp\/v2\/posts\/13488\/revisions\/13511"}],"wp:featuredmedia":[{"embeddable":true,"href":"https:\/\/radiorevelacionfm.cl\/index.php?rest_route=\/wp\/v2\/media\/13489"}],"wp:attachment":[{"href":"https:\/\/radiorevelacionfm.cl\/index.php?rest_route=%2Fwp%2Fv2%2Fmedia&parent=13488"}],"wp:term":[{"taxonomy":"category","embeddable":true,"href":"https:\/\/radiorevelacionfm.cl\/index.php?rest_route=%2Fwp%2Fv2%2Fcategories&post=13488"},{"taxonomy":"post_tag","embeddable":true,"href":"https:\/\/radiorevelacionfm.cl\/index.php?rest_route=%2Fwp%2Fv2%2Ftags&post=13488"}],"curies":[{"name":"wp","href":"https:\/\/api.w.org\/{rel}","templated":true}]}}