{"id":13484,"date":"2022-02-03T21:59:44","date_gmt":"2022-02-04T00:59:44","guid":{"rendered":"https:\/\/radiorevelacionfm.cl\/?p=13484"},"modified":"2022-02-03T21:59:44","modified_gmt":"2022-02-04T00:59:44","slug":"en-puerto-aysen-detienen-a-sujeto-por-el-delito-de-amenazas-en-contexto-de-violencia-intrafamiliar","status":"publish","type":"post","link":"https:\/\/radiorevelacionfm.cl\/?p=13484","title":{"rendered":"En Puerto Ays\u00e9n detienen a sujeto por el delito de amenazas en contexto de violencia intrafamiliar"},"content":{"rendered":"<div class=\"flex_column av_one_full  flex_column_div av-zero-column-padding first  avia-builder-el-0  el_before_av_one_full  avia-builder-el-first  \" style='border-radius:0px; '><div  class='avia-image-container  av-styling-    avia-builder-el-1  avia-builder-el-no-sibling  avia-align-center '  itemprop=\"image\" itemscope=\"itemscope\" itemtype=\"https:\/\/schema.org\/ImageObject\"  ><div class='avia-image-container-inner'><div class='avia-image-overlay-wrap'><img decoding=\"async\" class='wp-image-13485 avia-img-lazy-loading-not-13485 avia_image' src=\"https:\/\/radiorevelacionfm.cl\/wp-content\/uploads\/2022\/02\/02-02-2022-bicrim-aysen-evidencia-amenzas-en-contexto-vif-pay-2_optimized.jpeg\" alt='' title='02-02-2022-bicrim-ays\u00e9n---evidencia-amenzas-en-contexto-vif-pay-2_optimized' height=\"600\" width=\"1068\"  itemprop=\"thumbnailUrl\" srcset=\"https:\/\/radiorevelacionfm.cl\/wp-content\/uploads\/2022\/02\/02-02-2022-bicrim-aysen-evidencia-amenzas-en-contexto-vif-pay-2_optimized.jpeg 1068w, https:\/\/radiorevelacionfm.cl\/wp-content\/uploads\/2022\/02\/02-02-2022-bicrim-aysen-evidencia-amenzas-en-contexto-vif-pay-2_optimized-300x169.jpeg 300w, https:\/\/radiorevelacionfm.cl\/wp-content\/uploads\/2022\/02\/02-02-2022-bicrim-aysen-evidencia-amenzas-en-contexto-vif-pay-2_optimized-1030x579.jpeg 1030w, https:\/\/radiorevelacionfm.cl\/wp-content\/uploads\/2022\/02\/02-02-2022-bicrim-aysen-evidencia-amenzas-en-contexto-vif-pay-2_optimized-768x431.jpeg 768w, https:\/\/radiorevelacionfm.cl\/wp-content\/uploads\/2022\/02\/02-02-2022-bicrim-aysen-evidencia-amenzas-en-contexto-vif-pay-2_optimized-705x396.jpeg 705w, https:\/\/radiorevelacionfm.cl\/wp-content\/uploads\/2022\/02\/02-02-2022-bicrim-aysen-evidencia-amenzas-en-contexto-vif-pay-2_optimized-600x337.jpeg 600w\" sizes=\"(max-width: 1068px) 100vw, 1068px\" \/><\/div><\/div><\/div><\/div><div class=\"flex_column av_one_full  flex_column_div av-zero-column-padding first  avia-builder-el-2  el_after_av_one_full  el_before_av_one_full  column-top-margin\" style='border-radius:0px; '><section class=\"av_textblock_section \"  itemscope=\"itemscope\" itemtype=\"https:\/\/schema.org\/BlogPosting\" itemprop=\"blogPost\" ><div class='avia_textblock  '   itemprop=\"text\" ><p style=\"text-align: center;\"><strong><span style=\"font-size: 18pt;\">En Puerto Ays\u00e9n detienen a sujeto por el delito de amenazas en contexto de violencia intrafamiliar<\/span><\/strong><\/p>\n<div id=\"gtx-trans\" style=\"position: absolute; left: -50px; top: 4.31534px;\">\n<div class=\"gtx-trans-icon\"><\/div>\n<\/div>\n<\/div><\/section><\/div><div class=\"flex_column av_one_full  flex_column_div av-zero-column-padding first  avia-builder-el-4  el_after_av_one_full  el_before_av_hr  column-top-margin\" style='border-radius:0px; '><section class=\"av_textblock_section \"  itemscope=\"itemscope\" itemtype=\"https:\/\/schema.org\/BlogPosting\" itemprop=\"blogPost\" ><div class='avia_textblock  '   itemprop=\"text\" ><p style=\"text-align: justify;\">Este martes 1 de febrero, tras recibir una denuncia, detectives de la Prefectura Provincial Ays\u00e9n de la Polic\u00eda de Investigaciones detuvieron a un sujeto, mayor de edad y con antecedentes policiales por tr\u00e1fico il\u00edcito de drogas, por el delito flagrante de amenazas en contexto de violencia intrafamiliar y maltrato habitual, antecedentes que fueron informados al Ministerio P\u00fablico.<\/p>\n<p style=\"text-align: justify;\">Al respecto, el jefe subrogante de la Brigada de Investigaci\u00f3n Criminal (BICRIM) Ays\u00e9n, subcomisario Hans Suazo, inform\u00f3 que \u201cdetectives de Puerto Ays\u00e9n cursaron una denuncia, donde una mujer de 21 a\u00f1os hab\u00eda sido v\u00edctima de amenazas e insultos por parte de su pareja, siendo intimidada con un arma aparentemente de fuego\u201d.<\/p>\n<p style=\"text-align: justify;\">\u201cCon estos antecedentes, los funcionarios policiales se abocaron a establecer los hechos y dar con el paradero del autor del delito y en horas de la tarde, en la v\u00eda p\u00fablica en el sector c\u00e9ntrico de Puerto Ays\u00e9n, procedieron a la detenci\u00f3n del imputado por el delito flagrante de amenazas en contexto de violencia intrafamiliar y maltrato habitual\u201d, agreg\u00f3 el subcomisario Suazo.<\/p>\n<p style=\"text-align: justify;\">Cabe destacar que durante el procedimiento se logr\u00f3 la incautaci\u00f3n de una pistola de fantas\u00eda de aire comprimido, la cual presumiblemente fue utilizada para la comisi\u00f3n del delito, y se estableci\u00f3 la infracci\u00f3n al art\u00edculo 50 de la Ley 20.000, incautando cerca de 12 dosis de cannabis sativa.<\/p>\n<p style=\"text-align: justify;\">Por instrucci\u00f3n de la Fiscal\u00eda se informaron los detalles y se llev\u00f3 a cabo el procedimiento por infracci\u00f3n al art\u00edculo 50 de la Ley 20.000 y se instruy\u00f3 dejar apercibido al imputado a espera de citaci\u00f3n por parte de la Fiscal\u00eda Local de Puerto Ays\u00e9n en el delito de amenazas en contexto de VIF.<\/p>\n<p style=\"text-align: justify;\">Adem\u00e1s, el Juzgado de Familia de Ays\u00e9n instruy\u00f3 la medida cautelar de prohibici\u00f3n de acercarse a la v\u00edctima, a su domicilio o a lugares que frecuente por un plazo de 90 d\u00edas.<\/p>\n<p style=\"text-align: justify;\">Finalmente, el jefe subrogante de la unidad especializada, inst\u00f3 a la ciudadan\u00eda a denunciar hechos en contexto de violencia intrafamiliar, \u201clos delitos en contexto de VIF ocurren en c\u00edrculos de confianza donde es dif\u00edcil detectarlos si no existen antecedentes previos o denuncias, por eso es importante que las v\u00edctimas y testigos denuncien estos hechos, ya que una denuncia oportuna permitir\u00e1 realizar las diligencias pertinentes para esclarecer estas situaciones\u201d, puntualiz\u00f3 el subcomisario Suazo.<\/p>\n<\/div><\/section><\/div><div  style='height:50px' class='hr hr-invisible   avia-builder-el-6  el_after_av_one_full  el_before_av_social_share '><span class='hr-inner ' ><span class='hr-inner-style'><\/span><\/span><\/div><\/p>\n<div  class='av-social-sharing-box  avia-builder-el-7  el_after_av_hr  el_before_av_hr  '><div class='av-share-box'><h5 class='av-share-link-description av-no-toc '>Compartir esta noticia<\/h5><ul class='av-share-box-list noLightbox'><li class='av-share-link av-social-link-facebook' ><a target=\"_blank\" aria-label=\"Compartir en Facebook\" href='https:\/\/www.facebook.com\/sharer.php?u=https:\/\/radiorevelacionfm.cl\/?p=13484&#038;t=En%20Puerto%20Ays%C3%A9n%20detienen%20a%20sujeto%20por%20el%20delito%20de%20amenazas%20en%20contexto%20de%20violencia%20intrafamiliar' aria-hidden='false' data-av_icon='\ue8f3' data-av_iconfont='entypo-fontello' title='' data-avia-related-tooltip='Compartir en Facebook' rel=\"noopener\"><span class='avia_hidden_link_text'>Compartir en Facebook<\/span><\/a><\/li><li class='av-share-link av-social-link-twitter' ><a target=\"_blank\" aria-label=\"Compartir en Twitter\" href='https:\/\/twitter.com\/share?text=En%20Puerto%20Ays%C3%A9n%20detienen%20a%20sujeto%20por%20el%20delito%20de%20amenazas%20en%20contexto%20de%20violencia%20intrafamiliar&#038;url=https:\/\/radiorevelacionfm.cl\/?p=13484' aria-hidden='false' data-av_icon='\ue8f1' data-av_iconfont='entypo-fontello' title='' data-avia-related-tooltip='Compartir en Twitter' rel=\"noopener\"><span class='avia_hidden_link_text'>Compartir en Twitter<\/span><\/a><\/li><li class='av-share-link av-social-link-whatsapp' ><a target=\"_blank\" aria-label=\"Compartir en Whatsapp\" href='https:\/\/api.whatsapp.com\/send?text=https:\/\/radiorevelacionfm.cl\/?p=13484' aria-hidden='false' data-av_icon='\uf232' data-av_iconfont='entypo-fontello' title='' data-avia-related-tooltip='Compartir en Whatsapp' rel=\"noopener\"><span class='avia_hidden_link_text'>Compartir en Whatsapp<\/span><\/a><\/li><li class='av-share-link av-social-link-linkedin' ><a target=\"_blank\" aria-label=\"Compartir en LinkedIn\" href='https:\/\/linkedin.com\/shareArticle?mini=true&#038;title=En%20Puerto%20Ays%C3%A9n%20detienen%20a%20sujeto%20por%20el%20delito%20de%20amenazas%20en%20contexto%20de%20violencia%20intrafamiliar&#038;url=https:\/\/radiorevelacionfm.cl\/?p=13484' aria-hidden='false' data-av_icon='\ue8fc' data-av_iconfont='entypo-fontello' title='' data-avia-related-tooltip='Compartir en LinkedIn' rel=\"noopener\"><span class='avia_hidden_link_text'>Compartir en LinkedIn<\/span><\/a><\/li><li class='av-share-link av-social-link-mail' ><a  aria-label=\"Compartir por correo\" href='mailto:?subject=En%20Puerto%20Ays%C3%A9n%20detienen%20a%20sujeto%20por%20el%20delito%20de%20amenazas%20en%20contexto%20de%20violencia%20intrafamiliar&#038;body=https:\/\/radiorevelacionfm.cl\/?p=13484' aria-hidden='false' data-av_icon='\ue805' data-av_iconfont='entypo-fontello' title='' data-avia-related-tooltip='Compartir por correo'><span class='avia_hidden_link_text'>Compartir por correo<\/span><\/a><\/li><\/ul><\/div><\/div>\n<div  style='height:50px' class='hr hr-invisible   avia-builder-el-8  el_after_av_social_share  el_before_av_comments_list '><span class='hr-inner ' ><span class='hr-inner-style'><\/span><\/span><\/div>\n<div  class='av-buildercomment  av-blog-meta-html-info-disabled av-blog-meta-tag-disabled  '><\/div>\n","protected":false},"excerpt":{"rendered":"","protected":false},"author":1,"featured_media":13485,"comment_status":"open","ping_status":"open","sticky":false,"template":"","format":"standard","meta":{"footnotes":""},"categories":[36],"tags":[],"class_list":["post-13484","post","type-post","status-publish","format-standard","has-post-thumbnail","hentry","category-policial"],"jetpack_featured_media_url":"https:\/\/radiorevelacionfm.cl\/wp-content\/uploads\/2022\/02\/02-02-2022-bicrim-aysen-evidencia-amenzas-en-contexto-vif-pay-2_optimized.jpeg","_links":{"self":[{"href":"https:\/\/radiorevelacionfm.cl\/index.php?rest_route=\/wp\/v2\/posts\/13484","targetHints":{"allow":["GET"]}}],"collection":[{"href":"https:\/\/radiorevelacionfm.cl\/index.php?rest_route=\/wp\/v2\/posts"}],"about":[{"href":"https:\/\/radiorevelacionfm.cl\/index.php?rest_route=\/wp\/v2\/types\/post"}],"author":[{"embeddable":true,"href":"https:\/\/radiorevelacionfm.cl\/index.php?rest_route=\/wp\/v2\/users\/1"}],"replies":[{"embeddable":true,"href":"https:\/\/radiorevelacionfm.cl\/index.php?rest_route=%2Fwp%2Fv2%2Fcomments&post=13484"}],"version-history":[{"count":2,"href":"https:\/\/radiorevelacionfm.cl\/index.php?rest_route=\/wp\/v2\/posts\/13484\/revisions"}],"predecessor-version":[{"id":13487,"href":"https:\/\/radiorevelacionfm.cl\/index.php?rest_route=\/wp\/v2\/posts\/13484\/revisions\/13487"}],"wp:featuredmedia":[{"embeddable":true,"href":"https:\/\/radiorevelacionfm.cl\/index.php?rest_route=\/wp\/v2\/media\/13485"}],"wp:attachment":[{"href":"https:\/\/radiorevelacionfm.cl\/index.php?rest_route=%2Fwp%2Fv2%2Fmedia&parent=13484"}],"wp:term":[{"taxonomy":"category","embeddable":true,"href":"https:\/\/radiorevelacionfm.cl\/index.php?rest_route=%2Fwp%2Fv2%2Fcategories&post=13484"},{"taxonomy":"post_tag","embeddable":true,"href":"https:\/\/radiorevelacionfm.cl\/index.php?rest_route=%2Fwp%2Fv2%2Ftags&post=13484"}],"curies":[{"name":"wp","href":"https:\/\/api.w.org\/{rel}","templated":true}]}}