{"id":13480,"date":"2022-02-03T21:37:40","date_gmt":"2022-02-04T00:37:40","guid":{"rendered":"https:\/\/radiorevelacionfm.cl\/?p=13480"},"modified":"2022-02-03T21:37:40","modified_gmt":"2022-02-04T00:37:40","slug":"en-villa-amengual-firman-convenio-para-implementar-el-programa-pequenas-localidades","status":"publish","type":"post","link":"https:\/\/radiorevelacionfm.cl\/?p=13480","title":{"rendered":"En Villa Amengual firman convenio para implementar el programa \u201cPeque\u00f1as Localidades\u201d"},"content":{"rendered":"<div class=\"flex_column av_one_full  flex_column_div av-zero-column-padding first  avia-builder-el-0  el_before_av_one_full  avia-builder-el-first  \" style='border-radius:0px; '><div  class='avia-image-container  av-styling-    avia-builder-el-1  avia-builder-el-no-sibling  avia-align-center '  itemprop=\"image\" itemscope=\"itemscope\" itemtype=\"https:\/\/schema.org\/ImageObject\"  ><div class='avia-image-container-inner'><div class='avia-image-overlay-wrap'><img decoding=\"async\" class='wp-image-13481 avia-img-lazy-loading-not-13481 avia_image' src=\"https:\/\/radiorevelacionfm.cl\/wp-content\/uploads\/2022\/02\/amengual-pequeNas-localidades-4-2_optimized.jpg\" alt='' title='amengual-peque\u00d1as-localidades-4-2_optimized' height=\"600\" width=\"1067\"  itemprop=\"thumbnailUrl\" srcset=\"https:\/\/radiorevelacionfm.cl\/wp-content\/uploads\/2022\/02\/amengual-pequeNas-localidades-4-2_optimized.jpg 1067w, https:\/\/radiorevelacionfm.cl\/wp-content\/uploads\/2022\/02\/amengual-pequeNas-localidades-4-2_optimized-300x169.jpg 300w, https:\/\/radiorevelacionfm.cl\/wp-content\/uploads\/2022\/02\/amengual-pequeNas-localidades-4-2_optimized-1030x579.jpg 1030w, https:\/\/radiorevelacionfm.cl\/wp-content\/uploads\/2022\/02\/amengual-pequeNas-localidades-4-2_optimized-768x432.jpg 768w, https:\/\/radiorevelacionfm.cl\/wp-content\/uploads\/2022\/02\/amengual-pequeNas-localidades-4-2_optimized-705x396.jpg 705w, https:\/\/radiorevelacionfm.cl\/wp-content\/uploads\/2022\/02\/amengual-pequeNas-localidades-4-2_optimized-600x337.jpg 600w\" sizes=\"(max-width: 1067px) 100vw, 1067px\" \/><\/div><\/div><\/div><\/div><div class=\"flex_column av_one_full  flex_column_div av-zero-column-padding first  avia-builder-el-2  el_after_av_one_full  el_before_av_one_full  column-top-margin\" style='border-radius:0px; '><section class=\"av_textblock_section \"  itemscope=\"itemscope\" itemtype=\"https:\/\/schema.org\/BlogPosting\" itemprop=\"blogPost\" ><div class='avia_textblock  '   itemprop=\"text\" ><p style=\"text-align: center;\"><strong><span style=\"font-size: 18pt;\">En Villa Amengual firman convenio para implementar el programa \u201cPeque\u00f1as Localidades\u201d<\/span><\/strong><\/p>\n<div id=\"gtx-trans\" style=\"position: absolute; left: -50px; top: 4.31534px;\">\n<div class=\"gtx-trans-icon\"><\/div>\n<\/div>\n<\/div><\/section><\/div><div class=\"flex_column av_one_full  flex_column_div av-zero-column-padding first  avia-builder-el-4  el_after_av_one_full  el_before_av_hr  column-top-margin\" style='border-radius:0px; '><section class=\"av_textblock_section \"  itemscope=\"itemscope\" itemtype=\"https:\/\/schema.org\/BlogPosting\" itemprop=\"blogPost\" ><div class='avia_textblock  '   itemprop=\"text\" ><p style=\"text-align: justify;\">En un acto de descentralizaci\u00f3n comunal, el Alcalde Nelson Opazo L\u00f3pez y el Seremi de Vivienda Diego Silva Barrera, firmaron el convenio de implementaci\u00f3n del programa \u201cPeque\u00f1as Localidades\u201d, el que permitir\u00e1 en una primera etapa, la contrataci\u00f3n del equipo de profesionales que elaborar\u00e1n cada una de las iniciativas y proyectos, que claramente ser\u00e1n socializados con los vecinos y vecinas de Lago Verde, Tapera y Villa Amengual, localidad donde se formalizaron los documentos.<\/p>\n<p style=\"text-align: justify;\">El Seremi, Diego Silva, celebr\u00f3 que a trav\u00e9s de este acto se est\u00e9 dando el inicio al programa que en su primera etapa considera una inversi\u00f3n de 1.500 millones de pesos.<\/p>\n<p style=\"text-align: justify;\">\u201cMuy contento junto al Alcalde, junto a los vecinos, junto a nuestros equipos del Ministerio de Vivienda, se est\u00e1 firmando este convenio de colaboraci\u00f3n que le da el vamos oficialmente a este programa de peque\u00f1as localidades. Son 1.500 millones de pesos para ejecutar diferentes obras, as\u00ed es que, estamos muy contentos por eso, porque los polos de desarrollo hay que potenciarlos y en ese sentido el Municipio le ha dado ese enfoque. Yo le quiero agradecer al Alcalde Opazo, por las iniciativas y por levantar este programa, tanto en los procesos de postulaci\u00f3n, los procesos de selecci\u00f3n y, en fin, un mont\u00f3n de otros procesos para poder seleccionarlos y hoy ejecutarlos. Esto va a estar dentro de tres, cuatro a\u00f1os para poder ejecutar las diferentes obras que el mismo Municipio vaya priorizando, todo esto, coordinado con los vecinos de las diferentes localidades de la comuna de Lago Verde\u201d.<\/p>\n<p style=\"text-align: justify;\">Lo importante de cada iniciativa, remarc\u00f3 el Alcalde Nelson Opazo, es que van en directo beneficio de la comunidad.<\/p>\n<p style=\"text-align: justify;\">\u201cEs motivo de satisfacci\u00f3n poder seguir concretando iniciativas, programas, que van en directo beneficio de nuestra gente. En este sentido, el poder contar con 1.500 millones adicionales por los pr\u00f3ximos cuatro a\u00f1os a esta comuna que claramente lo necesita y poder abordar no solamente temas de vivienda, sino que tambi\u00e9n, temas de infraestructura tur\u00edstica, temas de urbanizaci\u00f3n en general en el territorio. Y considerar que, 1.500 millones es el piso que nos adjudicamos, porque, en definitiva, con estos recursos tambi\u00e9n esperamos apalancar m\u00e1s recursos para satisfacer tantas necesidades que nuestra gente tiene. As\u00ed es que, agradecido de todas las personas que nos han colaborado, que han puesto buena disposici\u00f3n para lograr obtener el mejor puntaje entre todos los municipios que postularon a nivel de regi\u00f3n\u201d.<\/p>\n<p style=\"text-align: justify;\">El Concejal de la comuna de Lago Verde, Flavio Reyes, destac\u00f3 el importante logro para el territorio, el haberse adjudicado el programa \u201cPeque\u00f1as Localidades\u201d, por las iniciativas que permitir\u00e1 llevar a cabo. \u201cImportante lo que se acaba de firmar ahora con el Seremi de Vivienda, debido a que esto permitir\u00e1 la implementaci\u00f3n del programa y contratar a los profesionales que se dedicar\u00e1n a elaborar los proyectos que nazcan de la gente, que es la parte importante. Esto va a ser multisectorial, me refiero a que, va a tener que ver con fomento, con vivienda, con turismo, entonces, de esta manera yo creo que vamos a seguir desarroll\u00e1ndonos aqu\u00ed en nuestra comuna\u201d.<\/p>\n<p style=\"text-align: justify;\">Desde la Municipalidad de Lago Verde, encabezada por su Alcalde, Nelson Opazo L\u00f3pez y todo el Concejo Municipal, esperan seguir avanzando de manera integral con esta y otras iniciativas que signifiquen el crecimiento del territorio y aporten a una mejor calidad de vida de sus habitantes.<\/p>\n<\/div><\/section><\/div><div  style='height:50px' class='hr hr-invisible   avia-builder-el-6  el_after_av_one_full  el_before_av_social_share '><span class='hr-inner ' ><span class='hr-inner-style'><\/span><\/span><\/div><\/p>\n<div  class='av-social-sharing-box  avia-builder-el-7  el_after_av_hr  el_before_av_hr  '><div class='av-share-box'><h5 class='av-share-link-description av-no-toc '>Compartir esta noticia<\/h5><ul class='av-share-box-list noLightbox'><li class='av-share-link av-social-link-facebook' ><a target=\"_blank\" aria-label=\"Compartir en Facebook\" href='https:\/\/www.facebook.com\/sharer.php?u=https:\/\/radiorevelacionfm.cl\/?p=13480&#038;t=En%20Villa%20Amengual%20firman%20convenio%20para%20implementar%20el%20programa%20%E2%80%9CPeque%C3%B1as%20Localidades%E2%80%9D' aria-hidden='false' data-av_icon='\ue8f3' data-av_iconfont='entypo-fontello' title='' data-avia-related-tooltip='Compartir en Facebook' rel=\"noopener\"><span class='avia_hidden_link_text'>Compartir en Facebook<\/span><\/a><\/li><li class='av-share-link av-social-link-twitter' ><a target=\"_blank\" aria-label=\"Compartir en Twitter\" href='https:\/\/twitter.com\/share?text=En%20Villa%20Amengual%20firman%20convenio%20para%20implementar%20el%20programa%20%E2%80%9CPeque%C3%B1as%20Localidades%E2%80%9D&#038;url=https:\/\/radiorevelacionfm.cl\/?p=13480' aria-hidden='false' data-av_icon='\ue8f1' data-av_iconfont='entypo-fontello' title='' data-avia-related-tooltip='Compartir en Twitter' rel=\"noopener\"><span class='avia_hidden_link_text'>Compartir en Twitter<\/span><\/a><\/li><li class='av-share-link av-social-link-whatsapp' ><a target=\"_blank\" aria-label=\"Compartir en Whatsapp\" href='https:\/\/api.whatsapp.com\/send?text=https:\/\/radiorevelacionfm.cl\/?p=13480' aria-hidden='false' data-av_icon='\uf232' data-av_iconfont='entypo-fontello' title='' data-avia-related-tooltip='Compartir en Whatsapp' rel=\"noopener\"><span class='avia_hidden_link_text'>Compartir en Whatsapp<\/span><\/a><\/li><li class='av-share-link av-social-link-linkedin' ><a target=\"_blank\" aria-label=\"Compartir en LinkedIn\" href='https:\/\/linkedin.com\/shareArticle?mini=true&#038;title=En%20Villa%20Amengual%20firman%20convenio%20para%20implementar%20el%20programa%20%E2%80%9CPeque%C3%B1as%20Localidades%E2%80%9D&#038;url=https:\/\/radiorevelacionfm.cl\/?p=13480' aria-hidden='false' data-av_icon='\ue8fc' data-av_iconfont='entypo-fontello' title='' data-avia-related-tooltip='Compartir en LinkedIn' rel=\"noopener\"><span class='avia_hidden_link_text'>Compartir en LinkedIn<\/span><\/a><\/li><li class='av-share-link av-social-link-mail' ><a  aria-label=\"Compartir por correo\" href='mailto:?subject=En%20Villa%20Amengual%20firman%20convenio%20para%20implementar%20el%20programa%20%E2%80%9CPeque%C3%B1as%20Localidades%E2%80%9D&#038;body=https:\/\/radiorevelacionfm.cl\/?p=13480' aria-hidden='false' data-av_icon='\ue805' data-av_iconfont='entypo-fontello' title='' data-avia-related-tooltip='Compartir por correo'><span class='avia_hidden_link_text'>Compartir por correo<\/span><\/a><\/li><\/ul><\/div><\/div>\n<div  style='height:50px' class='hr hr-invisible   avia-builder-el-8  el_after_av_social_share  el_before_av_comments_list '><span class='hr-inner ' ><span class='hr-inner-style'><\/span><\/span><\/div>\n<div  class='av-buildercomment  av-blog-meta-html-info-disabled av-blog-meta-tag-disabled  '><\/div>\n","protected":false},"excerpt":{"rendered":"","protected":false},"author":1,"featured_media":13481,"comment_status":"open","ping_status":"open","sticky":false,"template":"","format":"standard","meta":{"footnotes":""},"categories":[38],"tags":[],"class_list":["post-13480","post","type-post","status-publish","format-standard","has-post-thumbnail","hentry","category-regional"],"jetpack_featured_media_url":"https:\/\/radiorevelacionfm.cl\/wp-content\/uploads\/2022\/02\/amengual-pequeNas-localidades-4-2_optimized.jpg","_links":{"self":[{"href":"https:\/\/radiorevelacionfm.cl\/index.php?rest_route=\/wp\/v2\/posts\/13480","targetHints":{"allow":["GET"]}}],"collection":[{"href":"https:\/\/radiorevelacionfm.cl\/index.php?rest_route=\/wp\/v2\/posts"}],"about":[{"href":"https:\/\/radiorevelacionfm.cl\/index.php?rest_route=\/wp\/v2\/types\/post"}],"author":[{"embeddable":true,"href":"https:\/\/radiorevelacionfm.cl\/index.php?rest_route=\/wp\/v2\/users\/1"}],"replies":[{"embeddable":true,"href":"https:\/\/radiorevelacionfm.cl\/index.php?rest_route=%2Fwp%2Fv2%2Fcomments&post=13480"}],"version-history":[{"count":2,"href":"https:\/\/radiorevelacionfm.cl\/index.php?rest_route=\/wp\/v2\/posts\/13480\/revisions"}],"predecessor-version":[{"id":13483,"href":"https:\/\/radiorevelacionfm.cl\/index.php?rest_route=\/wp\/v2\/posts\/13480\/revisions\/13483"}],"wp:featuredmedia":[{"embeddable":true,"href":"https:\/\/radiorevelacionfm.cl\/index.php?rest_route=\/wp\/v2\/media\/13481"}],"wp:attachment":[{"href":"https:\/\/radiorevelacionfm.cl\/index.php?rest_route=%2Fwp%2Fv2%2Fmedia&parent=13480"}],"wp:term":[{"taxonomy":"category","embeddable":true,"href":"https:\/\/radiorevelacionfm.cl\/index.php?rest_route=%2Fwp%2Fv2%2Fcategories&post=13480"},{"taxonomy":"post_tag","embeddable":true,"href":"https:\/\/radiorevelacionfm.cl\/index.php?rest_route=%2Fwp%2Fv2%2Ftags&post=13480"}],"curies":[{"name":"wp","href":"https:\/\/api.w.org\/{rel}","templated":true}]}}