{"id":13472,"date":"2022-02-03T20:55:22","date_gmt":"2022-02-03T23:55:22","guid":{"rendered":"https:\/\/radiorevelacionfm.cl\/?p=13472"},"modified":"2022-02-03T20:55:22","modified_gmt":"2022-02-03T23:55:22","slug":"en-aysen-desarrollan-ruta-patrimonial-para-realzar-hitos-de-la-historia-comunal","status":"publish","type":"post","link":"https:\/\/radiorevelacionfm.cl\/?p=13472","title":{"rendered":"En Ays\u00e9n desarrollan Ruta Patrimonial para realzar hitos de la historia comunal"},"content":{"rendered":"<div class=\"flex_column av_one_full  flex_column_div av-zero-column-padding first  avia-builder-el-0  el_before_av_one_full  avia-builder-el-first  \" style='border-radius:0px; '><div  class='avia-image-container  av-styling-    avia-builder-el-1  avia-builder-el-no-sibling  avia-align-center '  itemprop=\"image\" itemscope=\"itemscope\" itemtype=\"https:\/\/schema.org\/ImageObject\"  ><div class='avia-image-container-inner'><div class='avia-image-overlay-wrap'><img decoding=\"async\" class='wp-image-13473 avia-img-lazy-loading-not-13473 avia_image' src=\"https:\/\/radiorevelacionfm.cl\/wp-content\/uploads\/2022\/02\/rutapatri-muniaysen1-2.jpeg\" alt='' title='rutapatri-muniaysen1-2' height=\"600\" width=\"800\"  itemprop=\"thumbnailUrl\" srcset=\"https:\/\/radiorevelacionfm.cl\/wp-content\/uploads\/2022\/02\/rutapatri-muniaysen1-2.jpeg 800w, https:\/\/radiorevelacionfm.cl\/wp-content\/uploads\/2022\/02\/rutapatri-muniaysen1-2-300x225.jpeg 300w, https:\/\/radiorevelacionfm.cl\/wp-content\/uploads\/2022\/02\/rutapatri-muniaysen1-2-768x576.jpeg 768w, https:\/\/radiorevelacionfm.cl\/wp-content\/uploads\/2022\/02\/rutapatri-muniaysen1-2-705x529.jpeg 705w, https:\/\/radiorevelacionfm.cl\/wp-content\/uploads\/2022\/02\/rutapatri-muniaysen1-2-600x450.jpeg 600w\" sizes=\"(max-width: 800px) 100vw, 800px\" \/><\/div><\/div><\/div><\/div><div class=\"flex_column av_one_full  flex_column_div av-zero-column-padding first  avia-builder-el-2  el_after_av_one_full  el_before_av_one_full  column-top-margin\" style='border-radius:0px; '><section class=\"av_textblock_section \"  itemscope=\"itemscope\" itemtype=\"https:\/\/schema.org\/BlogPosting\" itemprop=\"blogPost\" ><div class='avia_textblock  '   itemprop=\"text\" ><p style=\"text-align: center;\"><strong><span style=\"font-size: 18pt;\">En Ays\u00e9n desarrollan Ruta Patrimonial para realzar hitos de la historia comunal<\/span><\/strong><\/p>\n<div id=\"gtx-trans\" style=\"position: absolute; left: -50px; top: 4.31534px;\">\n<div class=\"gtx-trans-icon\"><\/div>\n<\/div>\n<\/div><\/section><\/div><div class=\"flex_column av_one_full  flex_column_div av-zero-column-padding first  avia-builder-el-4  el_after_av_one_full  el_before_av_hr  column-top-margin\" style='border-radius:0px; '><section class=\"av_textblock_section \"  itemscope=\"itemscope\" itemtype=\"https:\/\/schema.org\/BlogPosting\" itemprop=\"blogPost\" ><div class='avia_textblock  '   itemprop=\"text\" ><p style=\"text-align: justify;\">Con un recorrido a siete puntos claves de la ciudad de Puerto Ays\u00e9n, la Unidad de Turismo de la Ilustre Municipalidad de Ays\u00e9n en colaboraci\u00f3n con sus pares de Patrimonio Hist\u00f3rico efectuaron una invitaci\u00f3n a distintos operadores tur\u00edsticos y Club de Personas Mayores para participar de la primera Ruta Patrimonial Ays\u00e9n 2022. El encuentro permiti\u00f3 a los asistentes abordar a trav\u00e9s de un relato cronol\u00f3gico el nacimiento de la comuna porte\u00f1a y los aspectos claves que marcaron el devenir del territorio hasta la actualidad. Los participantes valoraron positivamente la jornada que culmin\u00f3 con la exhibici\u00f3n del documental \u201cPioneros de Ays\u00e9n: El despertar de la Patagonia\u201d del documentalista Rolando Schmidt en la Biblioteca P\u00fablica.<\/p>\n<p style=\"text-align: justify;\">La Plaza 21 de Mayo, el R\u00edo Ays\u00e9n, El Muelle La Balsa, Calle Teniente Merino (ex Chile &#8211; Argentina), el Puente Presidente Ib\u00e1\u00f1ez, entre otras zonas de inter\u00e9s patrimonial formaron parte del recorrido que encant\u00f3 a los asistentes. Uno de los pasajes poco conocidos de Puerto Ays\u00e9n radica en el Cerrito Mirador, el cu\u00e1l tambi\u00e9n form\u00f3 parte del circuito y que tiene relaci\u00f3n con su formaci\u00f3n en manos del primer agr\u00f3nomo que lleg\u00f3 hasta la Regi\u00f3n Elzo Baquedano; situaci\u00f3n que tambi\u00e9n fue abordada en el desarrollo de la Ruta.<\/p>\n<p style=\"text-align: justify;\">Al respecto, Julio Rossel, profesional de la Unidad de Turismo del municipio aysenino destac\u00f3 la importancia que posee para la instituci\u00f3n que representa contar con la Gu\u00eda Patrimonial, la cual busca entregar un relato comunitario y explicaciones a situaciones como \u201c\u00bfpor qu\u00e9 le llaman Puerto Ays\u00e9n si no veo barcos?, por ejemplo\u201d. Con ello, agreg\u00f3 que esta iniciativa tambi\u00e9n permite contar los avances que presenta esta zona anteriormente circunscrita al territorio del \u00c1isen a fines de la d\u00e9cada del 30, para dar paso a lo que conocemos como comuna y ciudad en la actualidad.<\/p>\n<p style=\"text-align: justify;\">En tanto, Rolando Toledo, quien se desempe\u00f1a como integrante del rubro tur\u00edstico de la comuna porte\u00f1a expres\u00f3 que en su caso particular, al declarar su procedencia se\u00f1ala ser de \u201cla capital hist\u00f3rica de la Regi\u00f3n\u201d, situaci\u00f3n que indica genera cierto tipo de burla, pero a\u00f1ade que \u201cpero lo digo con tanta convicci\u00f3n que termino aterrizando la conversaci\u00f3n y que se pueda generar esto para que se pueda realzar que fuimos la capital hist\u00f3rica a pesar de que Coyhaique nos quit\u00f3 la capital administrativa, pero continuamos siendo la capital hist\u00f3rica, el que se realce esto, que se haga un trabajo de estandarizar conocimientos, de estandarizar un relato le da mucha m\u00e1s potencia a esta idea que ojal\u00e1 se contagie\u201d.<\/p>\n<p style=\"text-align: justify;\">Junto a esto, el emprendedor tur\u00edstico, mencion\u00f3 que ser\u00eda importante no s\u00f3lo sumar a un rubro especifico, sino que a otras \u00e1reas tambi\u00e9n relacionadas con el desarrollo de la ciudad, aclarando que tambi\u00e9n existieron datos desconocidos en la jornada y otros que pudieron aportar a trav\u00e9s de la interacci\u00f3n en la misma. \u201cFelicitaciones de que se haya retomado esto como una punta de lanza para generar mucha m\u00e1s identidad y no solamente en el rubro tur\u00edstico, sino que en general\u201d enfatiz\u00f3 Toledo .<\/p>\n<p style=\"text-align: justify;\">Finalmente, Yolanda y Eliana, dos vecinas integrantes de un Club de Personas Mayores asistentes al encuentro realizaron hincapi\u00e9 en las distintas actividades productivas de anta\u00f1o de las cuales hoy la memoria ha fragilizado, por lo que, relevaron con mucha alegr\u00eda la materializaci\u00f3n de este tipo de actividades para recordar o conocer sobre la ic\u00f3nica ciudad de Puerto Ays\u00e9n.<\/p>\n<\/div><\/section><\/div><div  style='height:50px' class='hr hr-invisible   avia-builder-el-6  el_after_av_one_full  el_before_av_social_share '><span class='hr-inner ' ><span class='hr-inner-style'><\/span><\/span><\/div><\/p>\n<div  class='av-social-sharing-box  avia-builder-el-7  el_after_av_hr  el_before_av_hr  '><div class='av-share-box'><h5 class='av-share-link-description av-no-toc '>Compartir esta noticia<\/h5><ul class='av-share-box-list noLightbox'><li class='av-share-link av-social-link-facebook' ><a target=\"_blank\" aria-label=\"Compartir en Facebook\" href='https:\/\/www.facebook.com\/sharer.php?u=https:\/\/radiorevelacionfm.cl\/?p=13472&#038;t=En%20Ays%C3%A9n%20desarrollan%20Ruta%20Patrimonial%20para%20realzar%20hitos%20de%20la%20historia%20comunal' aria-hidden='false' data-av_icon='\ue8f3' data-av_iconfont='entypo-fontello' title='' data-avia-related-tooltip='Compartir en Facebook' rel=\"noopener\"><span class='avia_hidden_link_text'>Compartir en Facebook<\/span><\/a><\/li><li class='av-share-link av-social-link-twitter' ><a target=\"_blank\" aria-label=\"Compartir en Twitter\" href='https:\/\/twitter.com\/share?text=En%20Ays%C3%A9n%20desarrollan%20Ruta%20Patrimonial%20para%20realzar%20hitos%20de%20la%20historia%20comunal&#038;url=https:\/\/radiorevelacionfm.cl\/?p=13472' aria-hidden='false' data-av_icon='\ue8f1' data-av_iconfont='entypo-fontello' title='' data-avia-related-tooltip='Compartir en Twitter' rel=\"noopener\"><span class='avia_hidden_link_text'>Compartir en Twitter<\/span><\/a><\/li><li class='av-share-link av-social-link-whatsapp' ><a target=\"_blank\" aria-label=\"Compartir en Whatsapp\" href='https:\/\/api.whatsapp.com\/send?text=https:\/\/radiorevelacionfm.cl\/?p=13472' aria-hidden='false' data-av_icon='\uf232' data-av_iconfont='entypo-fontello' title='' data-avia-related-tooltip='Compartir en Whatsapp' rel=\"noopener\"><span class='avia_hidden_link_text'>Compartir en Whatsapp<\/span><\/a><\/li><li class='av-share-link av-social-link-linkedin' ><a target=\"_blank\" aria-label=\"Compartir en LinkedIn\" href='https:\/\/linkedin.com\/shareArticle?mini=true&#038;title=En%20Ays%C3%A9n%20desarrollan%20Ruta%20Patrimonial%20para%20realzar%20hitos%20de%20la%20historia%20comunal&#038;url=https:\/\/radiorevelacionfm.cl\/?p=13472' aria-hidden='false' data-av_icon='\ue8fc' data-av_iconfont='entypo-fontello' title='' data-avia-related-tooltip='Compartir en LinkedIn' rel=\"noopener\"><span class='avia_hidden_link_text'>Compartir en LinkedIn<\/span><\/a><\/li><li class='av-share-link av-social-link-mail' ><a  aria-label=\"Compartir por correo\" href='mailto:?subject=En%20Ays%C3%A9n%20desarrollan%20Ruta%20Patrimonial%20para%20realzar%20hitos%20de%20la%20historia%20comunal&#038;body=https:\/\/radiorevelacionfm.cl\/?p=13472' aria-hidden='false' data-av_icon='\ue805' data-av_iconfont='entypo-fontello' title='' data-avia-related-tooltip='Compartir por correo'><span class='avia_hidden_link_text'>Compartir por correo<\/span><\/a><\/li><\/ul><\/div><\/div>\n<div  style='height:50px' class='hr hr-invisible   avia-builder-el-8  el_after_av_social_share  el_before_av_comments_list '><span class='hr-inner ' ><span class='hr-inner-style'><\/span><\/span><\/div>\n<div  class='av-buildercomment  av-blog-meta-html-info-disabled av-blog-meta-tag-disabled  '><\/div>\n","protected":false},"excerpt":{"rendered":"","protected":false},"author":1,"featured_media":13473,"comment_status":"open","ping_status":"open","sticky":false,"template":"","format":"standard","meta":{"footnotes":""},"categories":[38],"tags":[],"class_list":["post-13472","post","type-post","status-publish","format-standard","has-post-thumbnail","hentry","category-regional"],"jetpack_featured_media_url":"https:\/\/radiorevelacionfm.cl\/wp-content\/uploads\/2022\/02\/rutapatri-muniaysen1-2.jpeg","_links":{"self":[{"href":"https:\/\/radiorevelacionfm.cl\/index.php?rest_route=\/wp\/v2\/posts\/13472","targetHints":{"allow":["GET"]}}],"collection":[{"href":"https:\/\/radiorevelacionfm.cl\/index.php?rest_route=\/wp\/v2\/posts"}],"about":[{"href":"https:\/\/radiorevelacionfm.cl\/index.php?rest_route=\/wp\/v2\/types\/post"}],"author":[{"embeddable":true,"href":"https:\/\/radiorevelacionfm.cl\/index.php?rest_route=\/wp\/v2\/users\/1"}],"replies":[{"embeddable":true,"href":"https:\/\/radiorevelacionfm.cl\/index.php?rest_route=%2Fwp%2Fv2%2Fcomments&post=13472"}],"version-history":[{"count":2,"href":"https:\/\/radiorevelacionfm.cl\/index.php?rest_route=\/wp\/v2\/posts\/13472\/revisions"}],"predecessor-version":[{"id":13475,"href":"https:\/\/radiorevelacionfm.cl\/index.php?rest_route=\/wp\/v2\/posts\/13472\/revisions\/13475"}],"wp:featuredmedia":[{"embeddable":true,"href":"https:\/\/radiorevelacionfm.cl\/index.php?rest_route=\/wp\/v2\/media\/13473"}],"wp:attachment":[{"href":"https:\/\/radiorevelacionfm.cl\/index.php?rest_route=%2Fwp%2Fv2%2Fmedia&parent=13472"}],"wp:term":[{"taxonomy":"category","embeddable":true,"href":"https:\/\/radiorevelacionfm.cl\/index.php?rest_route=%2Fwp%2Fv2%2Fcategories&post=13472"},{"taxonomy":"post_tag","embeddable":true,"href":"https:\/\/radiorevelacionfm.cl\/index.php?rest_route=%2Fwp%2Fv2%2Ftags&post=13472"}],"curies":[{"name":"wp","href":"https:\/\/api.w.org\/{rel}","templated":true}]}}