{"id":13465,"date":"2022-02-03T13:42:35","date_gmt":"2022-02-03T16:42:35","guid":{"rendered":"https:\/\/radiorevelacionfm.cl\/?p=13465"},"modified":"2022-02-03T13:42:35","modified_gmt":"2022-02-03T16:42:35","slug":"calisto-apoya-demanda-de-vecinos-de-puerto-bertrand-que-quieren-depender-de-la-provincia-de-capitan-prat-y-no-de-general-carrera","status":"publish","type":"post","link":"https:\/\/radiorevelacionfm.cl\/?p=13465","title":{"rendered":"Calisto apoya demanda de vecinos de Puerto Bertrand que quieren depender de la Provincia de Capit\u00e1n Prat y no de General Carrera"},"content":{"rendered":"<div class=\"flex_column av_one_full  flex_column_div av-zero-column-padding first  avia-builder-el-0  el_before_av_one_full  avia-builder-el-first  \" style='border-radius:0px; '><div  class='avia-image-container  av-styling-    avia-builder-el-1  avia-builder-el-no-sibling  avia-align-center '  itemprop=\"image\" itemscope=\"itemscope\" itemtype=\"https:\/\/schema.org\/ImageObject\"  ><div class='avia-image-container-inner'><div class='avia-image-overlay-wrap'><img decoding=\"async\" class='wp-image-5665 avia-img-lazy-loading-not-5665 avia_image' src=\"https:\/\/radiorevelacionfm.cl\/wp-content\/uploads\/2021\/06\/CALISTO-FOTO-ARCHIVO-2-1.jpg\" alt='' title='CALISTO FOTO ARCHIVO (2) (1)' height=\"487\" width=\"1052\"  itemprop=\"thumbnailUrl\" srcset=\"https:\/\/radiorevelacionfm.cl\/wp-content\/uploads\/2021\/06\/CALISTO-FOTO-ARCHIVO-2-1.jpg 1052w, https:\/\/radiorevelacionfm.cl\/wp-content\/uploads\/2021\/06\/CALISTO-FOTO-ARCHIVO-2-1-300x139.jpg 300w, https:\/\/radiorevelacionfm.cl\/wp-content\/uploads\/2021\/06\/CALISTO-FOTO-ARCHIVO-2-1-1030x477.jpg 1030w, https:\/\/radiorevelacionfm.cl\/wp-content\/uploads\/2021\/06\/CALISTO-FOTO-ARCHIVO-2-1-768x356.jpg 768w, https:\/\/radiorevelacionfm.cl\/wp-content\/uploads\/2021\/06\/CALISTO-FOTO-ARCHIVO-2-1-705x326.jpg 705w, https:\/\/radiorevelacionfm.cl\/wp-content\/uploads\/2021\/06\/CALISTO-FOTO-ARCHIVO-2-1-600x278.jpg 600w\" sizes=\"(max-width: 1052px) 100vw, 1052px\" \/><\/div><\/div><\/div><\/div><div class=\"flex_column av_one_full  flex_column_div av-zero-column-padding first  avia-builder-el-2  el_after_av_one_full  el_before_av_one_full  column-top-margin\" style='border-radius:0px; '><section class=\"av_textblock_section \"  itemscope=\"itemscope\" itemtype=\"https:\/\/schema.org\/BlogPosting\" itemprop=\"blogPost\" ><div class='avia_textblock  '   itemprop=\"text\" ><p style=\"text-align: center;\"><strong><span style=\"font-size: 18pt;\">Calisto apoya demanda de vecinos de Puerto Bertrand que quieren depender de la Provincia de Capit\u00e1n Prat y no de General Carrera<\/span><\/strong><\/p>\n<div id=\"gtx-trans\" style=\"position: absolute; left: -50px; top: 4.31534px;\">\n<div class=\"gtx-trans-icon\"><\/div>\n<\/div>\n<\/div><\/section><\/div><div class=\"flex_column av_one_full  flex_column_div av-zero-column-padding first  avia-builder-el-4  el_after_av_one_full  el_before_av_hr  column-top-margin\" style='border-radius:0px; '><section class=\"av_textblock_section \"  itemscope=\"itemscope\" itemtype=\"https:\/\/schema.org\/BlogPosting\" itemprop=\"blogPost\" ><div class='avia_textblock  '   itemprop=\"text\" ><p style=\"font-weight: 400; text-align: justify;\">Ante la carta que envi\u00f3 la Junta de Vecinos n\u00famero de 10 de Puerto Bertrand, donde se solicita que esta localidad sea considerada parte de Cochrane y no Chile Chico, el diputado Miguel \u00c1ngel Calisto manifest\u00f3 su apoyo a estos vecinos, argumentando que \u201cest\u00e1n muy alejados de su capital Provincial, donde tienen que hacer todos sus tr\u00e1mites\u201d.<\/p>\n<p style=\"font-weight: 400; text-align: justify;\">Calisto agreg\u00f3 que \u201cla Junta de Vecinos n\u00famero 10 de la localidad de Puerto Bertrand distribuy\u00f3 una carta a las autoridades, donde manifiestan la necesidad de dejar de depender administrativamente de la provincia de General Carrera y piden depender de la provincia de Capit\u00e1n Prat\u201d.<\/p>\n<p style=\"font-weight: 400; text-align: justify;\">\u201cSi tienen que hacer alg\u00fan tr\u00e1mite, deben viajar 140 kil\u00f3metros hasta Chile Chico, que es la capital provincial, siendo que Cochrane est\u00e1 a solo 50 kil\u00f3metros. Adem\u00e1s, a Chile Chico tienen transporte s\u00f3lo dos veces por semana, mientras que a Cochrane todos los d\u00edas, por lo tanto, es un desprop\u00f3sito que ellos sigan dependiendo de una ciudad que les queda tan lejos\u201d, indic\u00f3 el diputado.<\/p>\n<p style=\"font-weight: 400; text-align: justify;\">Finalmente, el legislador asegur\u00f3 que \u201cpor estos motivos apoyo la demanda de los vecinos de Puerto Bertrand, quienes desde hace mucho tiempo vienen planteando este tema. Ahora es el momento de plantear estos cambios a estas situaciones que no tienen ninguna justificaci\u00f3n ni un sustento geogr\u00e1fico que los avale\u201d.<\/p>\n<\/div><\/section><\/div><div  style='height:50px' class='hr hr-invisible   avia-builder-el-6  el_after_av_one_full  el_before_av_social_share '><span class='hr-inner ' ><span class='hr-inner-style'><\/span><\/span><\/div><\/p>\n<div  class='av-social-sharing-box  avia-builder-el-7  el_after_av_hr  el_before_av_hr  '><div class='av-share-box'><h5 class='av-share-link-description av-no-toc '>Compartir esta noticia<\/h5><ul class='av-share-box-list noLightbox'><li class='av-share-link av-social-link-facebook' ><a target=\"_blank\" aria-label=\"Compartir en Facebook\" href='https:\/\/www.facebook.com\/sharer.php?u=https:\/\/radiorevelacionfm.cl\/?p=13465&#038;t=Calisto%20apoya%20demanda%20de%20vecinos%20de%20Puerto%20Bertrand%20que%20quieren%20depender%20de%20la%20Provincia%20de%20Capit%C3%A1n%20Prat%20y%20no%20de%20General%20Carrera' aria-hidden='false' data-av_icon='\ue8f3' data-av_iconfont='entypo-fontello' title='' data-avia-related-tooltip='Compartir en Facebook' rel=\"noopener\"><span class='avia_hidden_link_text'>Compartir en Facebook<\/span><\/a><\/li><li class='av-share-link av-social-link-twitter' ><a target=\"_blank\" aria-label=\"Compartir en Twitter\" href='https:\/\/twitter.com\/share?text=Calisto%20apoya%20demanda%20de%20vecinos%20de%20Puerto%20Bertrand%20que%20quieren%20depender%20de%20la%20Provincia%20de%20Capit%C3%A1n%20Prat%20y%20no%20de%20General%20Carrera&#038;url=https:\/\/radiorevelacionfm.cl\/?p=13465' aria-hidden='false' data-av_icon='\ue8f1' data-av_iconfont='entypo-fontello' title='' data-avia-related-tooltip='Compartir en Twitter' rel=\"noopener\"><span class='avia_hidden_link_text'>Compartir en Twitter<\/span><\/a><\/li><li class='av-share-link av-social-link-whatsapp' ><a target=\"_blank\" aria-label=\"Compartir en Whatsapp\" href='https:\/\/api.whatsapp.com\/send?text=https:\/\/radiorevelacionfm.cl\/?p=13465' aria-hidden='false' data-av_icon='\uf232' data-av_iconfont='entypo-fontello' title='' data-avia-related-tooltip='Compartir en Whatsapp' rel=\"noopener\"><span class='avia_hidden_link_text'>Compartir en Whatsapp<\/span><\/a><\/li><li class='av-share-link av-social-link-linkedin' ><a target=\"_blank\" aria-label=\"Compartir en LinkedIn\" href='https:\/\/linkedin.com\/shareArticle?mini=true&#038;title=Calisto%20apoya%20demanda%20de%20vecinos%20de%20Puerto%20Bertrand%20que%20quieren%20depender%20de%20la%20Provincia%20de%20Capit%C3%A1n%20Prat%20y%20no%20de%20General%20Carrera&#038;url=https:\/\/radiorevelacionfm.cl\/?p=13465' aria-hidden='false' data-av_icon='\ue8fc' data-av_iconfont='entypo-fontello' title='' data-avia-related-tooltip='Compartir en LinkedIn' rel=\"noopener\"><span class='avia_hidden_link_text'>Compartir en LinkedIn<\/span><\/a><\/li><li class='av-share-link av-social-link-mail' ><a  aria-label=\"Compartir por correo\" href='mailto:?subject=Calisto%20apoya%20demanda%20de%20vecinos%20de%20Puerto%20Bertrand%20que%20quieren%20depender%20de%20la%20Provincia%20de%20Capit%C3%A1n%20Prat%20y%20no%20de%20General%20Carrera&#038;body=https:\/\/radiorevelacionfm.cl\/?p=13465' aria-hidden='false' data-av_icon='\ue805' data-av_iconfont='entypo-fontello' title='' data-avia-related-tooltip='Compartir por correo'><span class='avia_hidden_link_text'>Compartir por correo<\/span><\/a><\/li><\/ul><\/div><\/div>\n<div  style='height:50px' class='hr hr-invisible   avia-builder-el-8  el_after_av_social_share  el_before_av_comments_list '><span class='hr-inner ' ><span class='hr-inner-style'><\/span><\/span><\/div>\n<div  class='av-buildercomment  av-blog-meta-html-info-disabled av-blog-meta-tag-disabled  '><\/div>\n","protected":false},"excerpt":{"rendered":"","protected":false},"author":1,"featured_media":5665,"comment_status":"open","ping_status":"open","sticky":false,"template":"","format":"standard","meta":{"footnotes":""},"categories":[35],"tags":[],"class_list":["post-13465","post","type-post","status-publish","format-standard","has-post-thumbnail","hentry","category-politica"],"jetpack_featured_media_url":"https:\/\/radiorevelacionfm.cl\/wp-content\/uploads\/2021\/06\/CALISTO-FOTO-ARCHIVO-2-1.jpg","_links":{"self":[{"href":"https:\/\/radiorevelacionfm.cl\/index.php?rest_route=\/wp\/v2\/posts\/13465","targetHints":{"allow":["GET"]}}],"collection":[{"href":"https:\/\/radiorevelacionfm.cl\/index.php?rest_route=\/wp\/v2\/posts"}],"about":[{"href":"https:\/\/radiorevelacionfm.cl\/index.php?rest_route=\/wp\/v2\/types\/post"}],"author":[{"embeddable":true,"href":"https:\/\/radiorevelacionfm.cl\/index.php?rest_route=\/wp\/v2\/users\/1"}],"replies":[{"embeddable":true,"href":"https:\/\/radiorevelacionfm.cl\/index.php?rest_route=%2Fwp%2Fv2%2Fcomments&post=13465"}],"version-history":[{"count":2,"href":"https:\/\/radiorevelacionfm.cl\/index.php?rest_route=\/wp\/v2\/posts\/13465\/revisions"}],"predecessor-version":[{"id":13467,"href":"https:\/\/radiorevelacionfm.cl\/index.php?rest_route=\/wp\/v2\/posts\/13465\/revisions\/13467"}],"wp:featuredmedia":[{"embeddable":true,"href":"https:\/\/radiorevelacionfm.cl\/index.php?rest_route=\/wp\/v2\/media\/5665"}],"wp:attachment":[{"href":"https:\/\/radiorevelacionfm.cl\/index.php?rest_route=%2Fwp%2Fv2%2Fmedia&parent=13465"}],"wp:term":[{"taxonomy":"category","embeddable":true,"href":"https:\/\/radiorevelacionfm.cl\/index.php?rest_route=%2Fwp%2Fv2%2Fcategories&post=13465"},{"taxonomy":"post_tag","embeddable":true,"href":"https:\/\/radiorevelacionfm.cl\/index.php?rest_route=%2Fwp%2Fv2%2Ftags&post=13465"}],"curies":[{"name":"wp","href":"https:\/\/api.w.org\/{rel}","templated":true}]}}