{"id":13461,"date":"2022-02-03T13:29:41","date_gmt":"2022-02-03T16:29:41","guid":{"rendered":"https:\/\/radiorevelacionfm.cl\/?p=13461"},"modified":"2022-02-03T13:29:41","modified_gmt":"2022-02-03T16:29:41","slug":"detienen-a-dos-personas-por-trafico-de-drogas-en-puerto-cisnes","status":"publish","type":"post","link":"https:\/\/radiorevelacionfm.cl\/?p=13461","title":{"rendered":"Detienen a dos personas por tr\u00e1fico de drogas en Puerto Cisnes"},"content":{"rendered":"<div class=\"flex_column av_one_full  flex_column_div av-zero-column-padding first  avia-builder-el-0  el_before_av_one_full  avia-builder-el-first  \" style='border-radius:0px; '><div  class='avia-image-container  av-styling-    avia-builder-el-1  avia-builder-el-no-sibling  avia-align-center '  itemprop=\"image\" itemscope=\"itemscope\" itemtype=\"https:\/\/schema.org\/ImageObject\"  ><div class='avia-image-container-inner'><div class='avia-image-overlay-wrap'><img decoding=\"async\" class='wp-image-13462 avia-img-lazy-loading-not-13462 avia_image' src=\"https:\/\/radiorevelacionfm.cl\/wp-content\/uploads\/2022\/02\/Detenidos-procedimiento-cisnes-002-1-1.jpg\" alt='' title='Detenidos procedimiento cisnes 002 (1) (1)' height=\"600\" width=\"901\"  itemprop=\"thumbnailUrl\" srcset=\"https:\/\/radiorevelacionfm.cl\/wp-content\/uploads\/2022\/02\/Detenidos-procedimiento-cisnes-002-1-1.jpg 901w, https:\/\/radiorevelacionfm.cl\/wp-content\/uploads\/2022\/02\/Detenidos-procedimiento-cisnes-002-1-1-300x200.jpg 300w, https:\/\/radiorevelacionfm.cl\/wp-content\/uploads\/2022\/02\/Detenidos-procedimiento-cisnes-002-1-1-768x511.jpg 768w, https:\/\/radiorevelacionfm.cl\/wp-content\/uploads\/2022\/02\/Detenidos-procedimiento-cisnes-002-1-1-705x469.jpg 705w, https:\/\/radiorevelacionfm.cl\/wp-content\/uploads\/2022\/02\/Detenidos-procedimiento-cisnes-002-1-1-600x400.jpg 600w\" sizes=\"(max-width: 901px) 100vw, 901px\" \/><\/div><\/div><\/div><\/div><div class=\"flex_column av_one_full  flex_column_div av-zero-column-padding first  avia-builder-el-2  el_after_av_one_full  el_before_av_one_full  column-top-margin\" style='border-radius:0px; '><section class=\"av_textblock_section \"  itemscope=\"itemscope\" itemtype=\"https:\/\/schema.org\/BlogPosting\" itemprop=\"blogPost\" ><div class='avia_textblock  '   itemprop=\"text\" ><p style=\"text-align: center;\"><strong><span style=\"font-size: 18pt;\">Detienen a dos personas por tr\u00e1fico de drogas en Puerto Cisnes<\/span><\/strong><\/p>\n<div id=\"gtx-trans\" style=\"position: absolute; left: -50px; top: 4.31534px;\">\n<div class=\"gtx-trans-icon\"><\/div>\n<\/div>\n<\/div><\/section><\/div><div class=\"flex_column av_one_full  flex_column_div av-zero-column-padding first  avia-builder-el-4  el_after_av_one_full  el_before_av_hr  column-top-margin\" style='border-radius:0px; '><section class=\"av_textblock_section \"  itemscope=\"itemscope\" itemtype=\"https:\/\/schema.org\/BlogPosting\" itemprop=\"blogPost\" ><div class='avia_textblock  '   itemprop=\"text\" ><p style=\"text-align: justify;\">Detectives de la Brigada Antinarc\u00f3ticos y Contra el Crimen Organizado (BRIANCO) Coyhaique, en un trabajo mancomunado con el Ministerio P\u00fablico, durante la tarde del martes 1 de febrero detuvieron a dos individuos, mayores de edad y sin antecedentes policiales, por el delito de tr\u00e1fico de drogas contemplado en la Ley 20.000, hechos ocurridos en la comuna de Puerto Cisnes.<\/p>\n<p style=\"text-align: justify;\">Cabe se\u00f1alar que la diligencia antinarc\u00f3ticos se gest\u00f3 con antecedentes cuyo proceso de an\u00e1lisis criminal e inteligencia policial deriv\u00f3 en \u201cla detenci\u00f3n de dos personas que eran los destinatarios de una gran cantidad de cannabis sativa que ven\u00eda oculta al interior de un cami\u00f3n de transportes en forma de encomienda -proveniente de Santiago- y que posteriormente comercializar\u00edan en la localidad de Puerto Cisnes\u201d, puntualiz\u00f3 el jefe de la unidad especializada, subprefecto Patricio Rojas.<\/p>\n<p style=\"text-align: justify;\">Por su parte, el fiscal jefe de Puerto Ays\u00e9n, Pedro Poblete, indic\u00f3 que \u201cconforme a los antecedentes que fueron entregados por el personal especializado de la BRIANCO de la PDI, la Fiscal\u00eda Local de Puerto Ays\u00e9n de inmediato dispuso una orden de investigar en el marco de las diligencias especiales que provee la Ley 20.000 con la finalidad que este equipo investigador se encargase de realizar las diligencias tendientes al esclarecimiento de un eventual delito de tr\u00e1fico de drogas\u201d.<\/p>\n<p style=\"text-align: justify;\">Durante el procedimiento se logr\u00f3 la incautaci\u00f3n de 936 gramos de cannabis sativa, equivalente a 2.808 dosis de esta sustancia, avaluada en $14.040.000. Sobre esto, el jefe de la BRIANCO Coyhaique se\u00f1al\u00f3 que \u201cse logr\u00f3 ubicar el transporte y, con la utilizaci\u00f3n de los ejemplares caninos que mantiene esta brigada antinarc\u00f3ticos, se logr\u00f3 detectar la droga en el interior\u201d y a\u00f1adi\u00f3 que se trata de \u201c936 gramos de cannabis, lo que se transformar\u00eda en alrededor de 2.700 dosis\u201d.\u00a0 \u201cSi esta droga hubiese sido comercializada en la zona, estos sujetos hubiesen obtenido ganancias de cerca de los 15 millones de pesos\u201d, acot\u00f3 el subprefecto Patricio Rojas.<\/p>\n<p style=\"text-align: justify;\">Sobre la forma de ocultamiento, desde la PDI informaron que los envoltorios con las sustancias ven\u00edan ocultos en cajas y que \u201cparte de esta droga ven\u00eda con una envoltura de pl\u00e1stico y recubierta con caf\u00e9 para evitar que los ejemplares caninos pudieran detectar el alucin\u00f3geno\u201d.<\/p>\n<p style=\"text-align: justify;\">Ambos detenidos fueron puestos a disposici\u00f3n del Juzgado de Garant\u00eda de Puerto Cisnes para su control de detenci\u00f3n y formalizaci\u00f3n por parte de la Fiscal\u00eda.<\/p>\n<p style=\"text-align: justify;\">Al respecto, el fiscal Poblete puntualiz\u00f3 que \u201cfueron puestos a disposici\u00f3n del Tribunal de Cisnes durante el transcurso de la ma\u00f1ana de ayer, siendo formalizados por el delito de tr\u00e1fico de drogas, disponi\u00e9ndose un plazo de investigaci\u00f3n de 60 d\u00edas y decretando el Tribunal la prisi\u00f3n preventiva de uno de los imputados, respecto del segundo se dispusieron medidas cautelares del art\u00edculo 155 del C\u00f3digo Penal, siendo dicha resoluci\u00f3n apelada por parte del Ministerio P\u00fablico\u201d.<\/p>\n<p style=\"text-align: justify;\">Sobre este tipo de hechos, desde la PDI el subprefecto Rojas, realiz\u00f3 un llamado a la comunidad a entregar todo tipo de antecedentes, enfatizando que estos pueden ser en el anonimato.<\/p>\n<\/div><\/section><\/div><div  style='height:50px' class='hr hr-invisible   avia-builder-el-6  el_after_av_one_full  el_before_av_social_share '><span class='hr-inner ' ><span class='hr-inner-style'><\/span><\/span><\/div><\/p>\n<div  class='av-social-sharing-box  avia-builder-el-7  el_after_av_hr  el_before_av_hr  '><div class='av-share-box'><h5 class='av-share-link-description av-no-toc '>Compartir esta noticia<\/h5><ul class='av-share-box-list noLightbox'><li class='av-share-link av-social-link-facebook' ><a target=\"_blank\" aria-label=\"Compartir en Facebook\" href='https:\/\/www.facebook.com\/sharer.php?u=https:\/\/radiorevelacionfm.cl\/?p=13461&#038;t=Detienen%20a%20dos%20personas%20por%20tr%C3%A1fico%20de%20drogas%20en%20Puerto%20Cisnes' aria-hidden='false' data-av_icon='\ue8f3' data-av_iconfont='entypo-fontello' title='' data-avia-related-tooltip='Compartir en Facebook' rel=\"noopener\"><span class='avia_hidden_link_text'>Compartir en Facebook<\/span><\/a><\/li><li class='av-share-link av-social-link-twitter' ><a target=\"_blank\" aria-label=\"Compartir en Twitter\" href='https:\/\/twitter.com\/share?text=Detienen%20a%20dos%20personas%20por%20tr%C3%A1fico%20de%20drogas%20en%20Puerto%20Cisnes&#038;url=https:\/\/radiorevelacionfm.cl\/?p=13461' aria-hidden='false' data-av_icon='\ue8f1' data-av_iconfont='entypo-fontello' title='' data-avia-related-tooltip='Compartir en Twitter' rel=\"noopener\"><span class='avia_hidden_link_text'>Compartir en Twitter<\/span><\/a><\/li><li class='av-share-link av-social-link-whatsapp' ><a target=\"_blank\" aria-label=\"Compartir en Whatsapp\" href='https:\/\/api.whatsapp.com\/send?text=https:\/\/radiorevelacionfm.cl\/?p=13461' aria-hidden='false' data-av_icon='\uf232' data-av_iconfont='entypo-fontello' title='' data-avia-related-tooltip='Compartir en Whatsapp' rel=\"noopener\"><span class='avia_hidden_link_text'>Compartir en Whatsapp<\/span><\/a><\/li><li class='av-share-link av-social-link-linkedin' ><a target=\"_blank\" aria-label=\"Compartir en LinkedIn\" href='https:\/\/linkedin.com\/shareArticle?mini=true&#038;title=Detienen%20a%20dos%20personas%20por%20tr%C3%A1fico%20de%20drogas%20en%20Puerto%20Cisnes&#038;url=https:\/\/radiorevelacionfm.cl\/?p=13461' aria-hidden='false' data-av_icon='\ue8fc' data-av_iconfont='entypo-fontello' title='' data-avia-related-tooltip='Compartir en LinkedIn' rel=\"noopener\"><span class='avia_hidden_link_text'>Compartir en LinkedIn<\/span><\/a><\/li><li class='av-share-link av-social-link-mail' ><a  aria-label=\"Compartir por correo\" href='mailto:?subject=Detienen%20a%20dos%20personas%20por%20tr%C3%A1fico%20de%20drogas%20en%20Puerto%20Cisnes&#038;body=https:\/\/radiorevelacionfm.cl\/?p=13461' aria-hidden='false' data-av_icon='\ue805' data-av_iconfont='entypo-fontello' title='' data-avia-related-tooltip='Compartir por correo'><span class='avia_hidden_link_text'>Compartir por correo<\/span><\/a><\/li><\/ul><\/div><\/div>\n<div  style='height:50px' class='hr hr-invisible   avia-builder-el-8  el_after_av_social_share  el_before_av_comments_list '><span class='hr-inner ' ><span class='hr-inner-style'><\/span><\/span><\/div>\n<div  class='av-buildercomment  av-blog-meta-html-info-disabled av-blog-meta-tag-disabled  '><\/div>\n","protected":false},"excerpt":{"rendered":"","protected":false},"author":1,"featured_media":13462,"comment_status":"open","ping_status":"open","sticky":false,"template":"","format":"standard","meta":{"footnotes":""},"categories":[36],"tags":[],"class_list":["post-13461","post","type-post","status-publish","format-standard","has-post-thumbnail","hentry","category-policial"],"jetpack_featured_media_url":"https:\/\/radiorevelacionfm.cl\/wp-content\/uploads\/2022\/02\/Detenidos-procedimiento-cisnes-002-1-1.jpg","_links":{"self":[{"href":"https:\/\/radiorevelacionfm.cl\/index.php?rest_route=\/wp\/v2\/posts\/13461","targetHints":{"allow":["GET"]}}],"collection":[{"href":"https:\/\/radiorevelacionfm.cl\/index.php?rest_route=\/wp\/v2\/posts"}],"about":[{"href":"https:\/\/radiorevelacionfm.cl\/index.php?rest_route=\/wp\/v2\/types\/post"}],"author":[{"embeddable":true,"href":"https:\/\/radiorevelacionfm.cl\/index.php?rest_route=\/wp\/v2\/users\/1"}],"replies":[{"embeddable":true,"href":"https:\/\/radiorevelacionfm.cl\/index.php?rest_route=%2Fwp%2Fv2%2Fcomments&post=13461"}],"version-history":[{"count":2,"href":"https:\/\/radiorevelacionfm.cl\/index.php?rest_route=\/wp\/v2\/posts\/13461\/revisions"}],"predecessor-version":[{"id":13464,"href":"https:\/\/radiorevelacionfm.cl\/index.php?rest_route=\/wp\/v2\/posts\/13461\/revisions\/13464"}],"wp:featuredmedia":[{"embeddable":true,"href":"https:\/\/radiorevelacionfm.cl\/index.php?rest_route=\/wp\/v2\/media\/13462"}],"wp:attachment":[{"href":"https:\/\/radiorevelacionfm.cl\/index.php?rest_route=%2Fwp%2Fv2%2Fmedia&parent=13461"}],"wp:term":[{"taxonomy":"category","embeddable":true,"href":"https:\/\/radiorevelacionfm.cl\/index.php?rest_route=%2Fwp%2Fv2%2Fcategories&post=13461"},{"taxonomy":"post_tag","embeddable":true,"href":"https:\/\/radiorevelacionfm.cl\/index.php?rest_route=%2Fwp%2Fv2%2Ftags&post=13461"}],"curies":[{"name":"wp","href":"https:\/\/api.w.org\/{rel}","templated":true}]}}