{"id":13456,"date":"2022-02-05T13:46:51","date_gmt":"2022-02-05T16:46:51","guid":{"rendered":"https:\/\/radiorevelacionfm.cl\/?p=13456"},"modified":"2022-02-05T13:46:51","modified_gmt":"2022-02-05T16:46:51","slug":"municipios-se-reunen-con-ministro-de-salud-para-coordinar-estrategias-y-enfrentar-dificil-etapa-de-la-pandemia","status":"publish","type":"post","link":"https:\/\/radiorevelacionfm.cl\/?p=13456","title":{"rendered":"Municipios se re\u00fanen con Ministro de Salud para coordinar estrategias y enfrentar dif\u00edcil etapa de la pandemia"},"content":{"rendered":"<div class=\"flex_column av_one_full  flex_column_div av-zero-column-padding first  avia-builder-el-0  el_before_av_one_full  avia-builder-el-first  \" style='border-radius:0px; '><div  class='avia-image-container  av-styling-    avia-builder-el-1  avia-builder-el-no-sibling  avia-align-center '  itemprop=\"image\" itemscope=\"itemscope\" itemtype=\"https:\/\/schema.org\/ImageObject\"  ><div class='avia-image-container-inner'><div class='avia-image-overlay-wrap'><img decoding=\"async\" class='wp-image-13457 avia-img-lazy-loading-not-13457 avia_image' src=\"https:\/\/radiorevelacionfm.cl\/wp-content\/uploads\/2022\/02\/ACHM-Ministro-1-1.jpg\" alt='' title='ACHM-Ministro (1) (1)' height=\"600\" width=\"1129\"  itemprop=\"thumbnailUrl\" srcset=\"https:\/\/radiorevelacionfm.cl\/wp-content\/uploads\/2022\/02\/ACHM-Ministro-1-1.jpg 1129w, https:\/\/radiorevelacionfm.cl\/wp-content\/uploads\/2022\/02\/ACHM-Ministro-1-1-300x159.jpg 300w, https:\/\/radiorevelacionfm.cl\/wp-content\/uploads\/2022\/02\/ACHM-Ministro-1-1-1030x547.jpg 1030w, https:\/\/radiorevelacionfm.cl\/wp-content\/uploads\/2022\/02\/ACHM-Ministro-1-1-768x408.jpg 768w, https:\/\/radiorevelacionfm.cl\/wp-content\/uploads\/2022\/02\/ACHM-Ministro-1-1-705x375.jpg 705w, https:\/\/radiorevelacionfm.cl\/wp-content\/uploads\/2022\/02\/ACHM-Ministro-1-1-600x319.jpg 600w\" sizes=\"(max-width: 1129px) 100vw, 1129px\" \/><\/div><\/div><\/div><\/div><div class=\"flex_column av_one_full  flex_column_div av-zero-column-padding first  avia-builder-el-2  el_after_av_one_full  el_before_av_one_full  column-top-margin\" style='border-radius:0px; '><section class=\"av_textblock_section \"  itemscope=\"itemscope\" itemtype=\"https:\/\/schema.org\/BlogPosting\" itemprop=\"blogPost\" ><div class='avia_textblock  '   itemprop=\"text\" ><p style=\"text-align: center;\"><span style=\"font-size: 18pt;\"><strong>Municipios se re\u00fanen con Ministro de Salud para coordinar estrategias y enfrentar dif\u00edcil etapa de la pandemia<\/strong><\/span><\/p>\n<div id=\"gtx-trans\" style=\"position: absolute; left: -50px; top: 4.31534px;\">\n<div class=\"gtx-trans-icon\"><\/div>\n<\/div>\n<\/div><\/section><\/div><div class=\"flex_column av_one_full  flex_column_div av-zero-column-padding first  avia-builder-el-4  el_after_av_one_full  el_before_av_hr  column-top-margin\" style='border-radius:0px; '><section class=\"av_textblock_section \"  itemscope=\"itemscope\" itemtype=\"https:\/\/schema.org\/BlogPosting\" itemprop=\"blogPost\" ><div class='avia_textblock  '   itemprop=\"text\" ><p class=\"v1MsoNormal\" style=\"text-align: justify;\">Una reuni\u00f3n con el Ministro de Salud,\u00a0Enrique Paris\u00a0sostuvieron los alcaldes de Chile, con el objetivo de mejorar la coordinaci\u00f3n, principalmente relacionada con la toma de PCR y el diagn\u00f3stico hospitalario de pacientes Covid, advirtiendo que el stress y agotamiento en las atenciones de los centros de atenci\u00f3n primaria puede generar un colapso que hay que evitar.<\/p>\n<p class=\"v1MsoNormal\" style=\"text-align: justify;\">En la cita, los alcaldes insistieron en la creciente preocupaci\u00f3n por mayores fondos destinados a resolver las altas demandas sanitarias de la poblaci\u00f3n, as\u00ed como la\u00a0\u00a0readecuaci\u00f3n de estrategias de focalizaci\u00f3n de manera de mantener la trazabilidad. En el encuentro particip\u00f3 el presidente de la Asociaci\u00f3n Chilena de Municipalidades (ACHM), alcalde de Huechuraba,\u00a0Carlos Cuadrado,\u00a0\u00a0se\u00f1alando adem\u00e1s\u00a0\u00a0que \u00abcreo que hay un tema estructural que agrupa todos los problemas que estamos viviendo, hay que reformular el diagn\u00f3stico cl\u00ednico para los casos intradomiciliarios y para los extradomiciliarios mantener la toma de PCR y el ant\u00edgeno\u00bb, agregando que no debemos \u00abnormalizar\u00bb el estado actual de la pandemia, \u00abno podemos bajar los brazos, debemos seguir con los operativos como lo hac\u00edamos en los momentos m\u00e1s dif\u00edciles del comienzo de la crisis sanitaria, as\u00ed como en la b\u00fasqueda activa de casos\u00bb.<\/p>\n<p class=\"v1MsoNormal\" style=\"text-align: justify;\">Por su parte, el alcalde de La Granja y presidente de la comisi\u00f3n de Salud de la ACHM,\u00a0Felipe Delpin\u00a0declar\u00f3 que \u00abel n\u00famero de ex\u00e1menes PCR con los que contamos, ha disminuido, por lo tanto se instala la preocupaci\u00f3n y queremos saber cu\u00e1l es la postura y acci\u00f3n del Ministerio\u00bb, agregando que \u00abcomo municipios hemos intentado comprar ant\u00edgenos, pero estos han subido de precio y como en muchas otras necesidades que nos ha generado la pandemia,\u00a0\u00a0los recursos son insuficientes\u00bb.<\/p>\n<p class=\"v1MsoNormal\" style=\"text-align: justify;\">A las preocupaciones de los casi 200 ediles que participaron en la reuni\u00f3n, el Ministro Paris, se\u00f1al\u00f3 que \u00abvamos a intentar acelerar la entrega de recursos, como Ministerio hemos siempre agradecido el rol de los municipios, quienes a trav\u00e9s de la atenci\u00f3n primaria, nos han permitido tener uno de los sistemas de vacunaci\u00f3n m\u00e1s exitosos del mundo\u00bb. As\u00ed mismo agreg\u00f3 que \u00abevidentemente el virus ha cambiado y hoy estamos ante un escenario de un virus m\u00e1s contagioso pero menos letal, y en ese sentido comparto la preocupaci\u00f3n de los alcaldes aqu\u00ed expuesta\u00bb. Respecto de la necesidad de contar con mayores insumos para los test y ant\u00edgenos aclar\u00f3 que \u00ablos niveles de contagios de hoy en el mundo entero hace m\u00e1s dif\u00edcil\u00a0\u00a0la adquisici\u00f3n de estos productos en los mercados internacionales &#8230;pero, saldremos adelante de estos dif\u00edciles momentos\u00bb.<\/p>\n<p class=\"v1MsoNormal\" style=\"text-align: justify;\">El Ministro y su equipo de subsecretarios agradecieron el importante aporte de los municipios y se comprometieron a revisar las propuestas municipales, para fortalecer una estrategia que haga frente a la pandemia y sus nuevas variantes.<\/p>\n<div style=\"text-align: justify;\"><\/div>\n<\/div><\/section><\/div><div  style='height:50px' class='hr hr-invisible   avia-builder-el-6  el_after_av_one_full  el_before_av_social_share '><span class='hr-inner ' ><span class='hr-inner-style'><\/span><\/span><\/div><\/p>\n<div  class='av-social-sharing-box  avia-builder-el-7  el_after_av_hr  el_before_av_hr  '><div class='av-share-box'><h5 class='av-share-link-description av-no-toc '>Compartir esta noticia<\/h5><ul class='av-share-box-list noLightbox'><li class='av-share-link av-social-link-facebook' ><a target=\"_blank\" aria-label=\"Compartir en Facebook\" href='https:\/\/www.facebook.com\/sharer.php?u=https:\/\/radiorevelacionfm.cl\/?p=13456&#038;t=Municipios%20se%20re%C3%BAnen%20con%20Ministro%20de%20Salud%20para%20coordinar%20estrategias%20y%20enfrentar%20dif%C3%ADcil%20etapa%20de%20la%20pandemia' aria-hidden='false' data-av_icon='\ue8f3' data-av_iconfont='entypo-fontello' title='' data-avia-related-tooltip='Compartir en Facebook' rel=\"noopener\"><span class='avia_hidden_link_text'>Compartir en Facebook<\/span><\/a><\/li><li class='av-share-link av-social-link-twitter' ><a target=\"_blank\" aria-label=\"Compartir en Twitter\" href='https:\/\/twitter.com\/share?text=Municipios%20se%20re%C3%BAnen%20con%20Ministro%20de%20Salud%20para%20coordinar%20estrategias%20y%20enfrentar%20dif%C3%ADcil%20etapa%20de%20la%20pandemia&#038;url=https:\/\/radiorevelacionfm.cl\/?p=13456' aria-hidden='false' data-av_icon='\ue8f1' data-av_iconfont='entypo-fontello' title='' data-avia-related-tooltip='Compartir en Twitter' rel=\"noopener\"><span class='avia_hidden_link_text'>Compartir en Twitter<\/span><\/a><\/li><li class='av-share-link av-social-link-whatsapp' ><a target=\"_blank\" aria-label=\"Compartir en Whatsapp\" href='https:\/\/api.whatsapp.com\/send?text=https:\/\/radiorevelacionfm.cl\/?p=13456' aria-hidden='false' data-av_icon='\uf232' data-av_iconfont='entypo-fontello' title='' data-avia-related-tooltip='Compartir en Whatsapp' rel=\"noopener\"><span class='avia_hidden_link_text'>Compartir en Whatsapp<\/span><\/a><\/li><li class='av-share-link av-social-link-linkedin' ><a target=\"_blank\" aria-label=\"Compartir en LinkedIn\" href='https:\/\/linkedin.com\/shareArticle?mini=true&#038;title=Municipios%20se%20re%C3%BAnen%20con%20Ministro%20de%20Salud%20para%20coordinar%20estrategias%20y%20enfrentar%20dif%C3%ADcil%20etapa%20de%20la%20pandemia&#038;url=https:\/\/radiorevelacionfm.cl\/?p=13456' aria-hidden='false' data-av_icon='\ue8fc' data-av_iconfont='entypo-fontello' title='' data-avia-related-tooltip='Compartir en LinkedIn' rel=\"noopener\"><span class='avia_hidden_link_text'>Compartir en LinkedIn<\/span><\/a><\/li><li class='av-share-link av-social-link-mail' ><a  aria-label=\"Compartir por correo\" href='mailto:?subject=Municipios%20se%20re%C3%BAnen%20con%20Ministro%20de%20Salud%20para%20coordinar%20estrategias%20y%20enfrentar%20dif%C3%ADcil%20etapa%20de%20la%20pandemia&#038;body=https:\/\/radiorevelacionfm.cl\/?p=13456' aria-hidden='false' data-av_icon='\ue805' data-av_iconfont='entypo-fontello' title='' data-avia-related-tooltip='Compartir por correo'><span class='avia_hidden_link_text'>Compartir por correo<\/span><\/a><\/li><\/ul><\/div><\/div>\n<div  style='height:50px' class='hr hr-invisible   avia-builder-el-8  el_after_av_social_share  el_before_av_comments_list '><span class='hr-inner ' ><span class='hr-inner-style'><\/span><\/span><\/div>\n<div  class='av-buildercomment  av-blog-meta-html-info-disabled av-blog-meta-tag-disabled  '><\/div>\n","protected":false},"excerpt":{"rendered":"","protected":false},"author":1,"featured_media":13457,"comment_status":"open","ping_status":"open","sticky":false,"template":"","format":"standard","meta":{"footnotes":""},"categories":[46],"tags":[],"class_list":["post-13456","post","type-post","status-publish","format-standard","has-post-thumbnail","hentry","category-salud"],"jetpack_featured_media_url":"https:\/\/radiorevelacionfm.cl\/wp-content\/uploads\/2022\/02\/ACHM-Ministro-1-1.jpg","_links":{"self":[{"href":"https:\/\/radiorevelacionfm.cl\/index.php?rest_route=\/wp\/v2\/posts\/13456","targetHints":{"allow":["GET"]}}],"collection":[{"href":"https:\/\/radiorevelacionfm.cl\/index.php?rest_route=\/wp\/v2\/posts"}],"about":[{"href":"https:\/\/radiorevelacionfm.cl\/index.php?rest_route=\/wp\/v2\/types\/post"}],"author":[{"embeddable":true,"href":"https:\/\/radiorevelacionfm.cl\/index.php?rest_route=\/wp\/v2\/users\/1"}],"replies":[{"embeddable":true,"href":"https:\/\/radiorevelacionfm.cl\/index.php?rest_route=%2Fwp%2Fv2%2Fcomments&post=13456"}],"version-history":[{"count":2,"href":"https:\/\/radiorevelacionfm.cl\/index.php?rest_route=\/wp\/v2\/posts\/13456\/revisions"}],"predecessor-version":[{"id":13549,"href":"https:\/\/radiorevelacionfm.cl\/index.php?rest_route=\/wp\/v2\/posts\/13456\/revisions\/13549"}],"wp:featuredmedia":[{"embeddable":true,"href":"https:\/\/radiorevelacionfm.cl\/index.php?rest_route=\/wp\/v2\/media\/13457"}],"wp:attachment":[{"href":"https:\/\/radiorevelacionfm.cl\/index.php?rest_route=%2Fwp%2Fv2%2Fmedia&parent=13456"}],"wp:term":[{"taxonomy":"category","embeddable":true,"href":"https:\/\/radiorevelacionfm.cl\/index.php?rest_route=%2Fwp%2Fv2%2Fcategories&post=13456"},{"taxonomy":"post_tag","embeddable":true,"href":"https:\/\/radiorevelacionfm.cl\/index.php?rest_route=%2Fwp%2Fv2%2Ftags&post=13456"}],"curies":[{"name":"wp","href":"https:\/\/api.w.org\/{rel}","templated":true}]}}