{"id":13444,"date":"2022-02-02T17:31:44","date_gmt":"2022-02-02T20:31:44","guid":{"rendered":"https:\/\/radiorevelacionfm.cl\/?p=13444"},"modified":"2022-02-02T17:31:44","modified_gmt":"2022-02-02T20:31:44","slug":"club-deportivo-austral-ejecuta-evento-deportivo-recreativo-fondeporte","status":"publish","type":"post","link":"https:\/\/radiorevelacionfm.cl\/?p=13444","title":{"rendered":"Club Deportivo Austral ejecuta evento Deportivo Recreativo Fondeporte"},"content":{"rendered":"<div class=\"flex_column av_one_full  flex_column_div av-zero-column-padding first  avia-builder-el-0  el_before_av_one_full  avia-builder-el-first  \" style='border-radius:0px; '><div  class='avia-image-container  av-styling-    avia-builder-el-1  avia-builder-el-no-sibling  avia-align-center '  itemprop=\"image\" itemscope=\"itemscope\" itemtype=\"https:\/\/schema.org\/ImageObject\"  ><div class='avia-image-container-inner'><div class='avia-image-overlay-wrap'><img decoding=\"async\" class='wp-image-13446 avia-img-lazy-loading-not-13446 avia_image' src=\"https:\/\/radiorevelacionfm.cl\/wp-content\/uploads\/2022\/02\/aaaaaokokok-1-1.jpeg\" alt='' title='aaaaaokokok (1) (1)' height=\"600\" width=\"800\"  itemprop=\"thumbnailUrl\" srcset=\"https:\/\/radiorevelacionfm.cl\/wp-content\/uploads\/2022\/02\/aaaaaokokok-1-1.jpeg 800w, https:\/\/radiorevelacionfm.cl\/wp-content\/uploads\/2022\/02\/aaaaaokokok-1-1-300x225.jpeg 300w, https:\/\/radiorevelacionfm.cl\/wp-content\/uploads\/2022\/02\/aaaaaokokok-1-1-768x576.jpeg 768w, https:\/\/radiorevelacionfm.cl\/wp-content\/uploads\/2022\/02\/aaaaaokokok-1-1-705x529.jpeg 705w, https:\/\/radiorevelacionfm.cl\/wp-content\/uploads\/2022\/02\/aaaaaokokok-1-1-600x450.jpeg 600w\" sizes=\"(max-width: 800px) 100vw, 800px\" \/><\/div><\/div><\/div><\/div><div class=\"flex_column av_one_full  flex_column_div av-zero-column-padding first  avia-builder-el-2  el_after_av_one_full  el_before_av_one_full  column-top-margin\" style='border-radius:0px; '><section class=\"av_textblock_section \"  itemscope=\"itemscope\" itemtype=\"https:\/\/schema.org\/BlogPosting\" itemprop=\"blogPost\" ><div class='avia_textblock  '   itemprop=\"text\" ><p style=\"text-align: center;\"><span style=\"font-size: 18pt;\"><b>Club Deportivo Austral ejecuta evento Deportivo Recreativo Fondeporte<\/b><\/span><\/p>\n<div id=\"gtx-trans\" style=\"position: absolute; left: -50px; top: 4.31534px;\">\n<div class=\"gtx-trans-icon\"><\/div>\n<\/div>\n<\/div><\/section><\/div><div class=\"flex_column av_one_full  flex_column_div av-zero-column-padding first  avia-builder-el-4  el_after_av_one_full  el_before_av_hr  column-top-margin\" style='border-radius:0px; '><section class=\"av_textblock_section \"  itemscope=\"itemscope\" itemtype=\"https:\/\/schema.org\/BlogPosting\" itemprop=\"blogPost\" ><div class='avia_textblock  '   itemprop=\"text\" ><div dir=\"ltr\">\n<div>\n<div dir=\"ltr\">\n<div dir=\"ltr\">\n<div>\n<p class=\"v1MsoNormal\" style=\"text-align: justify;\">Una verdadera fiesta deportiva se vivi\u00f3 el fin de semana pasado en el cuadrangular\u00a0que el club Club Deportivo Austral ejecut\u00f3 a trav\u00e9s del Fondo Nacional para el\u00a0Fomento del Deporte del MIndep-Ind.\u00a0La iniciativa convoc\u00f3 a deportistas, vecinos y amigos del club a participar en una jornada de f\u00fatbol y camarader\u00eda deportiva.<\/p>\n<p class=\"v1MsoNormal\" style=\"text-align: justify;\">\u00abEste domingo 30 de enero por fin pudimos realizar este evento deportivo que tuvimos que suspender anteriormente por la pandemia, y durante este d\u00eda realizamos dos cuadrangulares de damas y varones, comenzamos a las 10AM y finalizamos cerca de las 21.00 horas, la actividad cumpli\u00f3 su objetivo, \u00a0particip\u00f3 el club Santa Elena, club San Luis de Villa Ortega, Deportivo Simpson y los locales Club Austral, agradecemos al IND por haber respaldado este proyecto que adem\u00e1s cont\u00f3 con un linda premiaci\u00f3n\u00bb, se\u00f1al\u00f3 Jos\u00e9 Masilla Presidente del club \u00a0Deportivo Austral.<\/p>\n<p class=\"v1MsoNormal\" style=\"text-align: justify;\">Asimismo, el Seremi del Deporte Rodrigo Cubilla Retamal, destac\u00f3 la iniciativa presentada por el club Deportivo Austral, \u00abestamos muy contentos como Mindep y junto al IND Regional por el trabajo que ha desarrollado este Club y su Presidente Jos\u00e9 Mansilla, ellos fueron beneficiados a trav\u00e9s del concurso Fondeporte obteniendo recursos por $4.312.500, esperamos seguir apoy\u00e1ndolos en sus actividades\u00bb.<\/p>\n<p class=\"v1MsoNormal\" style=\"text-align: justify;\">A trav\u00e9s de este proyecto, el club adquiri\u00f3 balones, implementaci\u00f3n deportiva, trofeos y est\u00edmulos para los participantes, contrataci\u00f3n de servicios del coordinador t\u00e9cnico de la actividad, entre otros.<\/p>\n<\/div>\n<\/div>\n<\/div>\n<\/div>\n<\/div>\n<\/div><\/section><\/div><div  style='height:50px' class='hr hr-invisible   avia-builder-el-6  el_after_av_one_full  el_before_av_social_share '><span class='hr-inner ' ><span class='hr-inner-style'><\/span><\/span><\/div><\/p>\n<div  class='av-social-sharing-box  avia-builder-el-7  el_after_av_hr  el_before_av_hr  '><div class='av-share-box'><h5 class='av-share-link-description av-no-toc '>Compartir esta noticia<\/h5><ul class='av-share-box-list noLightbox'><li class='av-share-link av-social-link-facebook' ><a target=\"_blank\" aria-label=\"Compartir en Facebook\" href='https:\/\/www.facebook.com\/sharer.php?u=https:\/\/radiorevelacionfm.cl\/?p=13444&#038;t=Club%20Deportivo%20Austral%20ejecuta%20evento%20Deportivo%20Recreativo%20Fondeporte' aria-hidden='false' data-av_icon='\ue8f3' data-av_iconfont='entypo-fontello' title='' data-avia-related-tooltip='Compartir en Facebook' rel=\"noopener\"><span class='avia_hidden_link_text'>Compartir en Facebook<\/span><\/a><\/li><li class='av-share-link av-social-link-twitter' ><a target=\"_blank\" aria-label=\"Compartir en Twitter\" href='https:\/\/twitter.com\/share?text=Club%20Deportivo%20Austral%20ejecuta%20evento%20Deportivo%20Recreativo%20Fondeporte&#038;url=https:\/\/radiorevelacionfm.cl\/?p=13444' aria-hidden='false' data-av_icon='\ue8f1' data-av_iconfont='entypo-fontello' title='' data-avia-related-tooltip='Compartir en Twitter' rel=\"noopener\"><span class='avia_hidden_link_text'>Compartir en Twitter<\/span><\/a><\/li><li class='av-share-link av-social-link-whatsapp' ><a target=\"_blank\" aria-label=\"Compartir en Whatsapp\" href='https:\/\/api.whatsapp.com\/send?text=https:\/\/radiorevelacionfm.cl\/?p=13444' aria-hidden='false' data-av_icon='\uf232' data-av_iconfont='entypo-fontello' title='' data-avia-related-tooltip='Compartir en Whatsapp' rel=\"noopener\"><span class='avia_hidden_link_text'>Compartir en Whatsapp<\/span><\/a><\/li><li class='av-share-link av-social-link-linkedin' ><a target=\"_blank\" aria-label=\"Compartir en LinkedIn\" href='https:\/\/linkedin.com\/shareArticle?mini=true&#038;title=Club%20Deportivo%20Austral%20ejecuta%20evento%20Deportivo%20Recreativo%20Fondeporte&#038;url=https:\/\/radiorevelacionfm.cl\/?p=13444' aria-hidden='false' data-av_icon='\ue8fc' data-av_iconfont='entypo-fontello' title='' data-avia-related-tooltip='Compartir en LinkedIn' rel=\"noopener\"><span class='avia_hidden_link_text'>Compartir en LinkedIn<\/span><\/a><\/li><li class='av-share-link av-social-link-mail' ><a  aria-label=\"Compartir por correo\" href='mailto:?subject=Club%20Deportivo%20Austral%20ejecuta%20evento%20Deportivo%20Recreativo%20Fondeporte&#038;body=https:\/\/radiorevelacionfm.cl\/?p=13444' aria-hidden='false' data-av_icon='\ue805' data-av_iconfont='entypo-fontello' title='' data-avia-related-tooltip='Compartir por correo'><span class='avia_hidden_link_text'>Compartir por correo<\/span><\/a><\/li><\/ul><\/div><\/div>\n<div  style='height:50px' class='hr hr-invisible   avia-builder-el-8  el_after_av_social_share  el_before_av_comments_list '><span class='hr-inner ' ><span class='hr-inner-style'><\/span><\/span><\/div>\n<div  class='av-buildercomment  av-blog-meta-html-info-disabled av-blog-meta-tag-disabled  '><\/div>\n","protected":false},"excerpt":{"rendered":"","protected":false},"author":1,"featured_media":13446,"comment_status":"open","ping_status":"open","sticky":false,"template":"","format":"standard","meta":{"footnotes":""},"categories":[40],"tags":[],"class_list":["post-13444","post","type-post","status-publish","format-standard","has-post-thumbnail","hentry","category-deportes"],"jetpack_featured_media_url":"https:\/\/radiorevelacionfm.cl\/wp-content\/uploads\/2022\/02\/aaaaaokokok-1-1.jpeg","_links":{"self":[{"href":"https:\/\/radiorevelacionfm.cl\/index.php?rest_route=\/wp\/v2\/posts\/13444","targetHints":{"allow":["GET"]}}],"collection":[{"href":"https:\/\/radiorevelacionfm.cl\/index.php?rest_route=\/wp\/v2\/posts"}],"about":[{"href":"https:\/\/radiorevelacionfm.cl\/index.php?rest_route=\/wp\/v2\/types\/post"}],"author":[{"embeddable":true,"href":"https:\/\/radiorevelacionfm.cl\/index.php?rest_route=\/wp\/v2\/users\/1"}],"replies":[{"embeddable":true,"href":"https:\/\/radiorevelacionfm.cl\/index.php?rest_route=%2Fwp%2Fv2%2Fcomments&post=13444"}],"version-history":[{"count":2,"href":"https:\/\/radiorevelacionfm.cl\/index.php?rest_route=\/wp\/v2\/posts\/13444\/revisions"}],"predecessor-version":[{"id":13448,"href":"https:\/\/radiorevelacionfm.cl\/index.php?rest_route=\/wp\/v2\/posts\/13444\/revisions\/13448"}],"wp:featuredmedia":[{"embeddable":true,"href":"https:\/\/radiorevelacionfm.cl\/index.php?rest_route=\/wp\/v2\/media\/13446"}],"wp:attachment":[{"href":"https:\/\/radiorevelacionfm.cl\/index.php?rest_route=%2Fwp%2Fv2%2Fmedia&parent=13444"}],"wp:term":[{"taxonomy":"category","embeddable":true,"href":"https:\/\/radiorevelacionfm.cl\/index.php?rest_route=%2Fwp%2Fv2%2Fcategories&post=13444"},{"taxonomy":"post_tag","embeddable":true,"href":"https:\/\/radiorevelacionfm.cl\/index.php?rest_route=%2Fwp%2Fv2%2Ftags&post=13444"}],"curies":[{"name":"wp","href":"https:\/\/api.w.org\/{rel}","templated":true}]}}