{"id":13435,"date":"2022-02-02T13:31:50","date_gmt":"2022-02-02T16:31:50","guid":{"rendered":"https:\/\/radiorevelacionfm.cl\/?p=13435"},"modified":"2022-02-02T13:31:50","modified_gmt":"2022-02-02T16:31:50","slug":"nueve-medicos-especialistas-se-suman-al-staff-del-hospital-regional-coyhaique-este-2022","status":"publish","type":"post","link":"https:\/\/radiorevelacionfm.cl\/?p=13435","title":{"rendered":"Nueve m\u00e9dicos especialistas se suman al staff del Hospital Regional Coyhaique este 2022"},"content":{"rendered":"<div class=\"flex_column av_one_full  flex_column_div av-zero-column-padding first  avia-builder-el-0  el_before_av_one_full  avia-builder-el-first  \" style='border-radius:0px; '><div  class='avia-image-container  av-styling-    avia-builder-el-1  avia-builder-el-no-sibling  avia-align-center '  itemprop=\"image\" itemscope=\"itemscope\" itemtype=\"https:\/\/schema.org\/ImageObject\"  ><div class='avia-image-container-inner'><div class='avia-image-overlay-wrap'><img decoding=\"async\" class='wp-image-13436 avia-img-lazy-loading-not-13436 avia_image' src=\"https:\/\/radiorevelacionfm.cl\/wp-content\/uploads\/2022\/02\/NOTA-ESPECIALISTAS-2022-0-1-1.jpg\" alt='' title='NOTA ESPECIALISTAS 2022 (0) (1) (1)' height=\"600\" width=\"881\"  itemprop=\"thumbnailUrl\" srcset=\"https:\/\/radiorevelacionfm.cl\/wp-content\/uploads\/2022\/02\/NOTA-ESPECIALISTAS-2022-0-1-1.jpg 881w, https:\/\/radiorevelacionfm.cl\/wp-content\/uploads\/2022\/02\/NOTA-ESPECIALISTAS-2022-0-1-1-300x204.jpg 300w, https:\/\/radiorevelacionfm.cl\/wp-content\/uploads\/2022\/02\/NOTA-ESPECIALISTAS-2022-0-1-1-768x523.jpg 768w, https:\/\/radiorevelacionfm.cl\/wp-content\/uploads\/2022\/02\/NOTA-ESPECIALISTAS-2022-0-1-1-705x480.jpg 705w, https:\/\/radiorevelacionfm.cl\/wp-content\/uploads\/2022\/02\/NOTA-ESPECIALISTAS-2022-0-1-1-600x409.jpg 600w\" sizes=\"(max-width: 881px) 100vw, 881px\" \/><\/div><\/div><\/div><\/div><div class=\"flex_column av_one_full  flex_column_div av-zero-column-padding first  avia-builder-el-2  el_after_av_one_full  el_before_av_one_full  column-top-margin\" style='border-radius:0px; '><section class=\"av_textblock_section \"  itemscope=\"itemscope\" itemtype=\"https:\/\/schema.org\/BlogPosting\" itemprop=\"blogPost\" ><div class='avia_textblock  '   itemprop=\"text\" ><p style=\"text-align: center;\"><span style=\"font-size: 18pt;\"><strong>Nueve m\u00e9dicos especialistas se suman al staff del Hospital Regional Coyhaique este 2022<\/strong><\/span><\/p>\n<div id=\"gtx-trans\" style=\"position: absolute; left: -50px; top: 4.31534px;\">\n<div class=\"gtx-trans-icon\"><\/div>\n<\/div>\n<\/div><\/section><\/div><div class=\"flex_column av_one_full  flex_column_div av-zero-column-padding first  avia-builder-el-4  el_after_av_one_full  el_before_av_hr  column-top-margin\" style='border-radius:0px; '><section class=\"av_textblock_section \"  itemscope=\"itemscope\" itemtype=\"https:\/\/schema.org\/BlogPosting\" itemprop=\"blogPost\" ><div class='avia_textblock  '   itemprop=\"text\" ><p style=\"text-align: justify;\">Un total de 9 especialistas llegar\u00e1n durante el primer semestre de 2022 a integrar el equipo m\u00e9dico del Hospital Regional Coyhaique, reforzando las especialidades de Pediatr\u00eda, Medicina Interna, Ginecolog\u00eda y Obstetricia, Neurolog\u00eda (infantil y adulto) y Salud P\u00fablica.<\/p>\n<p style=\"text-align: justify;\">Los profesionales arribar\u00e1n a la regi\u00f3n mediante el Per\u00edodo Asistencial Obligatorio (PAO), programa ministerial que consiste en la devoluci\u00f3n de la beca de especialidad trabajando en hospitales o consultorios el doble del tiempo que dura su especializaci\u00f3n, en el mismo servicio de salud que entreg\u00f3 la beca o en otro recinto p\u00fablico del pa\u00eds, previa autorizaci\u00f3n de \u00e9ste.<\/p>\n<p style=\"text-align: justify;\">\u201cEste es un programa del Ministerio de Salud que ha permitido a las regiones contar con especialidades que de otra forma no podr\u00edamos tener, que se agrupan principalmente en las grandes ciudades\u201d, explica el subdirector m\u00e9dico del Hospital Regional Coyhaique, Dr. Pedro Pablo Pinto, agregando que \u201cestamos muy contentos de seguir complejizando el establecimiento base de esta regi\u00f3n, para as\u00ed poder responder a las demandas y necesidades de la poblaci\u00f3n\u201d.<\/p>\n<p style=\"text-align: justify;\">El subdirector m\u00e9dico del HRC destac\u00f3 que la llegada de especialistas mediante PAO, permite asegurar por una importante cantidad de a\u00f1os que el profesional se mantenga en la regi\u00f3n, lo que sin duda da mayor seguridad a los usuarios del \u00fanico hospital de alta complejidad de Ays\u00e9n. \u201cLa ventaja es que estos m\u00e9dicos deben cumplir un per\u00edodo obligatorio, lo que hace que su permanencia se mantenga en el tiempo, y no estemos suscitados a los vaivenes de los traslados o de buscar otros horizontes\u201d, sostuvo.<\/p>\n<p style=\"text-align: justify;\"><strong>ESPECIALIDADES<\/strong><\/p>\n<p style=\"text-align: justify;\">\u201cEste a\u00f1o van a llegar principalmente m\u00e9dicos pediatras, lo cual fortalecer\u00e1 especialmente la Urgencia Pedi\u00e1trica, que es un dispositivo nuevo que se cre\u00f3 en el marco de la pandemia\u201d, indic\u00f3 el Dr. Pinto, destacando la llegada de tres pediatras y una neur\u00f3loga infantil. Tambi\u00e9n se incorporar\u00e1 un m\u00e9dico especialista en ginecolog\u00eda y obstetricia.<\/p>\n<p style=\"text-align: justify;\">\u201cEs importante destacar la llegada de 2 neur\u00f3logos, tanto infantil como adulto, lo que nos va a permitir dar una mayor cobertura en este campo. Adem\u00e1s, nuestra poblaci\u00f3n ha ido envejeciendo y los accidentes vasculares cerebrales son el episodio m\u00e1s complejo, que requiere la resoluci\u00f3n de un m\u00e9dico de manera inmediata\u201d, agreg\u00f3 el subdirector m\u00e9dico del HRC.<\/p>\n<p style=\"text-align: justify;\">Otra \u00e1rea que ser\u00e1 reforzada es salud p\u00fablica, con la llegada de una especialista, que junto con dos nuevos profesionales de medicina interna, ser\u00e1n sin duda un recurso muy trascendente para el manejo del Covid-19.<\/p>\n<\/div><\/section><\/div><div  style='height:50px' class='hr hr-invisible   avia-builder-el-6  el_after_av_one_full  el_before_av_social_share '><span class='hr-inner ' ><span class='hr-inner-style'><\/span><\/span><\/div><\/p>\n<div  class='av-social-sharing-box  avia-builder-el-7  el_after_av_hr  el_before_av_hr  '><div class='av-share-box'><h5 class='av-share-link-description av-no-toc '>Compartir esta noticia<\/h5><ul class='av-share-box-list noLightbox'><li class='av-share-link av-social-link-facebook' ><a target=\"_blank\" aria-label=\"Compartir en Facebook\" href='https:\/\/www.facebook.com\/sharer.php?u=https:\/\/radiorevelacionfm.cl\/?p=13435&#038;t=Nueve%20m%C3%A9dicos%20especialistas%20se%20suman%20al%20staff%20del%20Hospital%20Regional%20Coyhaique%20este%202022' aria-hidden='false' data-av_icon='\ue8f3' data-av_iconfont='entypo-fontello' title='' data-avia-related-tooltip='Compartir en Facebook' rel=\"noopener\"><span class='avia_hidden_link_text'>Compartir en Facebook<\/span><\/a><\/li><li class='av-share-link av-social-link-twitter' ><a target=\"_blank\" aria-label=\"Compartir en Twitter\" href='https:\/\/twitter.com\/share?text=Nueve%20m%C3%A9dicos%20especialistas%20se%20suman%20al%20staff%20del%20Hospital%20Regional%20Coyhaique%20este%202022&#038;url=https:\/\/radiorevelacionfm.cl\/?p=13435' aria-hidden='false' data-av_icon='\ue8f1' data-av_iconfont='entypo-fontello' title='' data-avia-related-tooltip='Compartir en Twitter' rel=\"noopener\"><span class='avia_hidden_link_text'>Compartir en Twitter<\/span><\/a><\/li><li class='av-share-link av-social-link-whatsapp' ><a target=\"_blank\" aria-label=\"Compartir en Whatsapp\" href='https:\/\/api.whatsapp.com\/send?text=https:\/\/radiorevelacionfm.cl\/?p=13435' aria-hidden='false' data-av_icon='\uf232' data-av_iconfont='entypo-fontello' title='' data-avia-related-tooltip='Compartir en Whatsapp' rel=\"noopener\"><span class='avia_hidden_link_text'>Compartir en Whatsapp<\/span><\/a><\/li><li class='av-share-link av-social-link-linkedin' ><a target=\"_blank\" aria-label=\"Compartir en LinkedIn\" href='https:\/\/linkedin.com\/shareArticle?mini=true&#038;title=Nueve%20m%C3%A9dicos%20especialistas%20se%20suman%20al%20staff%20del%20Hospital%20Regional%20Coyhaique%20este%202022&#038;url=https:\/\/radiorevelacionfm.cl\/?p=13435' aria-hidden='false' data-av_icon='\ue8fc' data-av_iconfont='entypo-fontello' title='' data-avia-related-tooltip='Compartir en LinkedIn' rel=\"noopener\"><span class='avia_hidden_link_text'>Compartir en LinkedIn<\/span><\/a><\/li><li class='av-share-link av-social-link-mail' ><a  aria-label=\"Compartir por correo\" href='mailto:?subject=Nueve%20m%C3%A9dicos%20especialistas%20se%20suman%20al%20staff%20del%20Hospital%20Regional%20Coyhaique%20este%202022&#038;body=https:\/\/radiorevelacionfm.cl\/?p=13435' aria-hidden='false' data-av_icon='\ue805' data-av_iconfont='entypo-fontello' title='' data-avia-related-tooltip='Compartir por correo'><span class='avia_hidden_link_text'>Compartir por correo<\/span><\/a><\/li><\/ul><\/div><\/div>\n<div  style='height:50px' class='hr hr-invisible   avia-builder-el-8  el_after_av_social_share  el_before_av_comments_list '><span class='hr-inner ' ><span class='hr-inner-style'><\/span><\/span><\/div>\n<div  class='av-buildercomment  av-blog-meta-html-info-disabled av-blog-meta-tag-disabled  '><\/div>\n","protected":false},"excerpt":{"rendered":"","protected":false},"author":1,"featured_media":13436,"comment_status":"open","ping_status":"open","sticky":false,"template":"","format":"standard","meta":{"footnotes":""},"categories":[46],"tags":[],"class_list":["post-13435","post","type-post","status-publish","format-standard","has-post-thumbnail","hentry","category-salud"],"jetpack_featured_media_url":"https:\/\/radiorevelacionfm.cl\/wp-content\/uploads\/2022\/02\/NOTA-ESPECIALISTAS-2022-0-1-1.jpg","_links":{"self":[{"href":"https:\/\/radiorevelacionfm.cl\/index.php?rest_route=\/wp\/v2\/posts\/13435","targetHints":{"allow":["GET"]}}],"collection":[{"href":"https:\/\/radiorevelacionfm.cl\/index.php?rest_route=\/wp\/v2\/posts"}],"about":[{"href":"https:\/\/radiorevelacionfm.cl\/index.php?rest_route=\/wp\/v2\/types\/post"}],"author":[{"embeddable":true,"href":"https:\/\/radiorevelacionfm.cl\/index.php?rest_route=\/wp\/v2\/users\/1"}],"replies":[{"embeddable":true,"href":"https:\/\/radiorevelacionfm.cl\/index.php?rest_route=%2Fwp%2Fv2%2Fcomments&post=13435"}],"version-history":[{"count":2,"href":"https:\/\/radiorevelacionfm.cl\/index.php?rest_route=\/wp\/v2\/posts\/13435\/revisions"}],"predecessor-version":[{"id":13438,"href":"https:\/\/radiorevelacionfm.cl\/index.php?rest_route=\/wp\/v2\/posts\/13435\/revisions\/13438"}],"wp:featuredmedia":[{"embeddable":true,"href":"https:\/\/radiorevelacionfm.cl\/index.php?rest_route=\/wp\/v2\/media\/13436"}],"wp:attachment":[{"href":"https:\/\/radiorevelacionfm.cl\/index.php?rest_route=%2Fwp%2Fv2%2Fmedia&parent=13435"}],"wp:term":[{"taxonomy":"category","embeddable":true,"href":"https:\/\/radiorevelacionfm.cl\/index.php?rest_route=%2Fwp%2Fv2%2Fcategories&post=13435"},{"taxonomy":"post_tag","embeddable":true,"href":"https:\/\/radiorevelacionfm.cl\/index.php?rest_route=%2Fwp%2Fv2%2Ftags&post=13435"}],"curies":[{"name":"wp","href":"https:\/\/api.w.org\/{rel}","templated":true}]}}