{"id":13432,"date":"2022-02-02T17:05:01","date_gmt":"2022-02-02T20:05:01","guid":{"rendered":"https:\/\/radiorevelacionfm.cl\/?p=13432"},"modified":"2022-02-02T17:05:01","modified_gmt":"2022-02-02T20:05:01","slug":"sence-aysen-invita-a-iniciar-el-proceso-de-certificacion-del-gasto-2021","status":"publish","type":"post","link":"https:\/\/radiorevelacionfm.cl\/?p=13432","title":{"rendered":"Sence Ays\u00e9n invita a iniciar el Proceso de Certificaci\u00f3n del Gasto 2021"},"content":{"rendered":"<div class=\"flex_column av_one_full  flex_column_div av-zero-column-padding first  avia-builder-el-0  el_before_av_one_full  avia-builder-el-first  \" style='border-radius:0px; '><div  class='avia-image-container  av-styling-    avia-builder-el-1  avia-builder-el-no-sibling  avia-align-center '  itemprop=\"image\" itemscope=\"itemscope\" itemtype=\"https:\/\/schema.org\/ImageObject\"  ><div class='avia-image-container-inner'><div class='avia-image-overlay-wrap'><img decoding=\"async\" class='wp-image-13433 avia-img-lazy-loading-not-13433 avia_image' src=\"https:\/\/radiorevelacionfm.cl\/wp-content\/uploads\/2022\/02\/subdirector-sence-aysen1-1-1.jpg\" alt='' title='subdirector sence aysen1 (1) (1)' height=\"600\" width=\"713\"  itemprop=\"thumbnailUrl\" srcset=\"https:\/\/radiorevelacionfm.cl\/wp-content\/uploads\/2022\/02\/subdirector-sence-aysen1-1-1.jpg 713w, https:\/\/radiorevelacionfm.cl\/wp-content\/uploads\/2022\/02\/subdirector-sence-aysen1-1-1-300x252.jpg 300w, https:\/\/radiorevelacionfm.cl\/wp-content\/uploads\/2022\/02\/subdirector-sence-aysen1-1-1-705x593.jpg 705w, https:\/\/radiorevelacionfm.cl\/wp-content\/uploads\/2022\/02\/subdirector-sence-aysen1-1-1-600x505.jpg 600w\" sizes=\"(max-width: 713px) 100vw, 713px\" \/><\/div><\/div><\/div><\/div><div class=\"flex_column av_one_full  flex_column_div av-zero-column-padding first  avia-builder-el-2  el_after_av_one_full  el_before_av_one_full  column-top-margin\" style='border-radius:0px; '><section class=\"av_textblock_section \"  itemscope=\"itemscope\" itemtype=\"https:\/\/schema.org\/BlogPosting\" itemprop=\"blogPost\" ><div class='avia_textblock  '   itemprop=\"text\" ><p style=\"text-align: center;\"><strong><span style=\"font-size: 18pt;\">Sence Ays\u00e9n invita a iniciar el Proceso de Certificaci\u00f3n del Gasto 2021<\/span><\/strong><\/p>\n<div id=\"gtx-trans\" style=\"position: absolute; left: -50px; top: 4.31534px;\">\n<div class=\"gtx-trans-icon\"><\/div>\n<\/div>\n<\/div><\/section><\/div><div class=\"flex_column av_one_full  flex_column_div av-zero-column-padding first  avia-builder-el-4  el_after_av_one_full  el_before_av_hr  column-top-margin\" style='border-radius:0px; '><section class=\"av_textblock_section \"  itemscope=\"itemscope\" itemtype=\"https:\/\/schema.org\/BlogPosting\" itemprop=\"blogPost\" ><div class='avia_textblock  '   itemprop=\"text\" ><p class=\"v1MsoNormal\" style=\"text-align: justify;\"><span lang=\"ES-CL\">La Certificaci\u00f3n del Gasto de Franquicia Tributaria\u00a0es el proceso por cual se certifican todos los gastos imputables de las actividades de capacitaci\u00f3n y\/o evaluaci\u00f3n de certificaci\u00f3n de competencias laborales, sean estos los correspondientes a actividades liquidadas ante el SENCE y\/o al aporte que efectu\u00f3 al OTIC durante el a\u00f1o 2021.<\/span><\/p>\n<p class=\"v1MsoNormal\" style=\"text-align: justify;\"><span lang=\"ES-CL\">Para el proceso han sido definidas cuatro fechas claves, iniciando el 20 de enero donde qued\u00f3 disponible para descarga el formulario Declaraci\u00f3n Jurada 2021. El d\u00eda 1 de marzo ser\u00e1 el \u00faltimo plazo para liquidar acciones de capacitaci\u00f3n y\/o Evaluaci\u00f3n y Certificaci\u00f3n de Competencias Laborales, finalizados el 31 de diciembre del 2021. Hasta el d\u00eda 11 de marzo pueden presentar la documentaci\u00f3n de respaldo del gasto del Estudio de detecci\u00f3n de necesidades\u00a0de Capacitaci\u00f3n y de la Administraci\u00f3n de la Unidad de Capacitaci\u00f3n,\u00a0al mail\u00a0<\/span><span lang=\"ES-CL\"><a href=\"mailto:cromero@sence.cl\" rel=\"noreferrer\">cromero@sence.cl<\/a><\/span><span lang=\"ES-CL\">\u00a0o tomado los resguardos sanitarios en la d<\/span><span lang=\"ES-CL\">irecci\u00f3n regional de Ays\u00e9n, ubicada en calle Condell N\u00b0141 de la ciudad de Coyhaique.<b>\u00a0<\/b>Finalmente, a partir del 17 de marzo se podr\u00e1 obtener el certificado de Acreditaci\u00f3n del gasto 2021, emitido por SENCE (para presentar la informaci\u00f3n al SII).<\/span><\/p>\n<p class=\"v1MsoNormal\" style=\"text-align: justify;\"><span lang=\"ES-CL\">Si bien el Formulario puede ser presentado durante todo el a\u00f1o, para el proceso de Certificaci\u00f3n del Gasto 2021, se recomienda presentarlo hasta el viernes 11 de marzo 2022 para que as\u00ed puedan descargar su certificado a contar del jueves 17 de marzo 2022.<\/span><\/p>\n<p class=\"v1gmail-rtejustify\" style=\"text-align: justify;\"><span lang=\"ES-CL\">Para dar un buen inicio a este proceso el director regional Subrogante del SENCE Ays\u00e9n, Samuel Santana indic\u00f3, \u00ab<\/span><span lang=\"ES-CL\">Aquellas empresas que utilizaron Franquicia Tributaria durante el a\u00f1o 2021 podr\u00e1n descontar de sus impuestos los gastos incurridos en capacitaci\u00f3n y\/o evaluaci\u00f3n y certificaci\u00f3n de competencias laborales. Se\u00f1alar, que aquellos que sean presentados despu\u00e9s de esta fecha, obtendr\u00e1n su certificado a la semana subsiguiente de su entrega. Recuerde que para obtener el beneficio de Franquicia Tributaria\u00a0las empresas deben tener pagadas las cotizaciones previsionales correspondientes a las remuneraciones del a\u00f1o 2021. En conclusi\u00f3n, los invitamos a seguir utilizando este beneficio Tributario, a trav\u00e9s del cual esperamos que se siga aportando a la sostenibilidad y crecimiento de sus negocios, ya sea a trav\u00e9s de capacitaci\u00f3n y\/o la evaluaci\u00f3n y certificaci\u00f3n de competencias laborales (ECCL) de sus colaboradores\u00bb se\u00f1al\u00f3.<\/span><\/p>\n<p class=\"v1gmail-rtejustify\" style=\"text-align: justify;\"><span lang=\"ES-CL\">Accediendo a trav\u00e9s del Link\u00a0<\/span><span lang=\"ES-CL\"><a href=\"https:\/\/sence.gob.cl\/empresas\/certificacion-del-gasto-2021\" target=\"_blank\" rel=\"noopener noreferrer\">https:\/\/sence.gob.cl\/empresas\/certificacion-del-gasto-2021<\/a><\/span><span lang=\"ES-CL\">,\u00a0habilitado para esta gesti\u00f3n, se ha diferenciado el proceso en tres sencillos pasos para facilitar el tr\u00e1mite. En el primer paso, est\u00e1n contenidos los siguientes documentos: Formulario declaraci\u00f3n jurada de cotizaciones 2021, Instructivo declaraci\u00f3n Jurada nueva plataforma 2021, Formulario Liquidaci\u00f3n Gasto de la Unidad de Capacitaci\u00f3n 2021, con su Instructivo Formulario gasto de la Unidad de Capacitaci\u00f3n 2021, fundamentales en su inicio. Asociado a estos pasos est\u00e1n indicadas las fechas de cada proceso y las preguntas m\u00e1s frecuentes.<\/span><\/p>\n<\/div><\/section><\/div><div  style='height:50px' class='hr hr-invisible   avia-builder-el-6  el_after_av_one_full  el_before_av_social_share '><span class='hr-inner ' ><span class='hr-inner-style'><\/span><\/span><\/div><\/p>\n<div  class='av-social-sharing-box  avia-builder-el-7  el_after_av_hr  el_before_av_hr  '><div class='av-share-box'><h5 class='av-share-link-description av-no-toc '>Compartir esta noticia<\/h5><ul class='av-share-box-list noLightbox'><li class='av-share-link av-social-link-facebook' ><a target=\"_blank\" aria-label=\"Compartir en Facebook\" href='https:\/\/www.facebook.com\/sharer.php?u=https:\/\/radiorevelacionfm.cl\/?p=13432&#038;t=Sence%20Ays%C3%A9n%20invita%20a%20iniciar%20el%20Proceso%20de%20Certificaci%C3%B3n%20del%20Gasto%202021' aria-hidden='false' data-av_icon='\ue8f3' data-av_iconfont='entypo-fontello' title='' data-avia-related-tooltip='Compartir en Facebook' rel=\"noopener\"><span class='avia_hidden_link_text'>Compartir en Facebook<\/span><\/a><\/li><li class='av-share-link av-social-link-twitter' ><a target=\"_blank\" aria-label=\"Compartir en Twitter\" href='https:\/\/twitter.com\/share?text=Sence%20Ays%C3%A9n%20invita%20a%20iniciar%20el%20Proceso%20de%20Certificaci%C3%B3n%20del%20Gasto%202021&#038;url=https:\/\/radiorevelacionfm.cl\/?p=13432' aria-hidden='false' data-av_icon='\ue8f1' data-av_iconfont='entypo-fontello' title='' data-avia-related-tooltip='Compartir en Twitter' rel=\"noopener\"><span class='avia_hidden_link_text'>Compartir en Twitter<\/span><\/a><\/li><li class='av-share-link av-social-link-whatsapp' ><a target=\"_blank\" aria-label=\"Compartir en Whatsapp\" href='https:\/\/api.whatsapp.com\/send?text=https:\/\/radiorevelacionfm.cl\/?p=13432' aria-hidden='false' data-av_icon='\uf232' data-av_iconfont='entypo-fontello' title='' data-avia-related-tooltip='Compartir en Whatsapp' rel=\"noopener\"><span class='avia_hidden_link_text'>Compartir en Whatsapp<\/span><\/a><\/li><li class='av-share-link av-social-link-linkedin' ><a target=\"_blank\" aria-label=\"Compartir en LinkedIn\" href='https:\/\/linkedin.com\/shareArticle?mini=true&#038;title=Sence%20Ays%C3%A9n%20invita%20a%20iniciar%20el%20Proceso%20de%20Certificaci%C3%B3n%20del%20Gasto%202021&#038;url=https:\/\/radiorevelacionfm.cl\/?p=13432' aria-hidden='false' data-av_icon='\ue8fc' data-av_iconfont='entypo-fontello' title='' data-avia-related-tooltip='Compartir en LinkedIn' rel=\"noopener\"><span class='avia_hidden_link_text'>Compartir en LinkedIn<\/span><\/a><\/li><li class='av-share-link av-social-link-mail' ><a  aria-label=\"Compartir por correo\" href='mailto:?subject=Sence%20Ays%C3%A9n%20invita%20a%20iniciar%20el%20Proceso%20de%20Certificaci%C3%B3n%20del%20Gasto%202021&#038;body=https:\/\/radiorevelacionfm.cl\/?p=13432' aria-hidden='false' data-av_icon='\ue805' data-av_iconfont='entypo-fontello' title='' data-avia-related-tooltip='Compartir por correo'><span class='avia_hidden_link_text'>Compartir por correo<\/span><\/a><\/li><\/ul><\/div><\/div>\n<div  style='height:50px' class='hr hr-invisible   avia-builder-el-8  el_after_av_social_share  el_before_av_comments_list '><span class='hr-inner ' ><span class='hr-inner-style'><\/span><\/span><\/div>\n<div  class='av-buildercomment  av-blog-meta-html-info-disabled av-blog-meta-tag-disabled  '><\/div>\n","protected":false},"excerpt":{"rendered":"","protected":false},"author":1,"featured_media":13433,"comment_status":"open","ping_status":"open","sticky":false,"template":"","format":"standard","meta":{"footnotes":""},"categories":[38],"tags":[],"class_list":["post-13432","post","type-post","status-publish","format-standard","has-post-thumbnail","hentry","category-regional"],"jetpack_featured_media_url":"https:\/\/radiorevelacionfm.cl\/wp-content\/uploads\/2022\/02\/subdirector-sence-aysen1-1-1.jpg","_links":{"self":[{"href":"https:\/\/radiorevelacionfm.cl\/index.php?rest_route=\/wp\/v2\/posts\/13432","targetHints":{"allow":["GET"]}}],"collection":[{"href":"https:\/\/radiorevelacionfm.cl\/index.php?rest_route=\/wp\/v2\/posts"}],"about":[{"href":"https:\/\/radiorevelacionfm.cl\/index.php?rest_route=\/wp\/v2\/types\/post"}],"author":[{"embeddable":true,"href":"https:\/\/radiorevelacionfm.cl\/index.php?rest_route=\/wp\/v2\/users\/1"}],"replies":[{"embeddable":true,"href":"https:\/\/radiorevelacionfm.cl\/index.php?rest_route=%2Fwp%2Fv2%2Fcomments&post=13432"}],"version-history":[{"count":2,"href":"https:\/\/radiorevelacionfm.cl\/index.php?rest_route=\/wp\/v2\/posts\/13432\/revisions"}],"predecessor-version":[{"id":13443,"href":"https:\/\/radiorevelacionfm.cl\/index.php?rest_route=\/wp\/v2\/posts\/13432\/revisions\/13443"}],"wp:featuredmedia":[{"embeddable":true,"href":"https:\/\/radiorevelacionfm.cl\/index.php?rest_route=\/wp\/v2\/media\/13433"}],"wp:attachment":[{"href":"https:\/\/radiorevelacionfm.cl\/index.php?rest_route=%2Fwp%2Fv2%2Fmedia&parent=13432"}],"wp:term":[{"taxonomy":"category","embeddable":true,"href":"https:\/\/radiorevelacionfm.cl\/index.php?rest_route=%2Fwp%2Fv2%2Fcategories&post=13432"},{"taxonomy":"post_tag","embeddable":true,"href":"https:\/\/radiorevelacionfm.cl\/index.php?rest_route=%2Fwp%2Fv2%2Ftags&post=13432"}],"curies":[{"name":"wp","href":"https:\/\/api.w.org\/{rel}","templated":true}]}}