{"id":13427,"date":"2022-02-02T13:00:54","date_gmt":"2022-02-02T16:00:54","guid":{"rendered":"https:\/\/radiorevelacionfm.cl\/?p=13427"},"modified":"2022-02-02T13:00:54","modified_gmt":"2022-02-02T16:00:54","slug":"sag-aysen-recuerda-postular-al-concurso-del-sistema-de-incentivos-para-la-sustentabilidad-agroambiental-de-los-suelos-agropecuarios","status":"publish","type":"post","link":"https:\/\/radiorevelacionfm.cl\/?p=13427","title":{"rendered":"SAG Ays\u00e9n recuerda postular al concurso del Sistema de Incentivos para la Sustentabilidad Agroambiental de los Suelos Agropecuarios"},"content":{"rendered":"<div class=\"flex_column av_one_full  flex_column_div av-zero-column-padding first  avia-builder-el-0  el_before_av_one_full  avia-builder-el-first  \" style='border-radius:0px; '><div  class='avia-image-container  av-styling-    avia-builder-el-1  avia-builder-el-no-sibling  avia-align-center '  itemprop=\"image\" itemscope=\"itemscope\" itemtype=\"https:\/\/schema.org\/ImageObject\"  ><div class='avia-image-container-inner'><div class='avia-image-overlay-wrap'><img decoding=\"async\" class='wp-image-13428 avia-img-lazy-loading-not-13428 avia_image' src=\"https:\/\/radiorevelacionfm.cl\/wp-content\/uploads\/2022\/02\/img_suelos-1_optimized.jpg\" alt='' title='img_suelos-(1)_optimized' height=\"600\" width=\"900\"  itemprop=\"thumbnailUrl\" srcset=\"https:\/\/radiorevelacionfm.cl\/wp-content\/uploads\/2022\/02\/img_suelos-1_optimized.jpg 900w, https:\/\/radiorevelacionfm.cl\/wp-content\/uploads\/2022\/02\/img_suelos-1_optimized-300x200.jpg 300w, https:\/\/radiorevelacionfm.cl\/wp-content\/uploads\/2022\/02\/img_suelos-1_optimized-768x512.jpg 768w, https:\/\/radiorevelacionfm.cl\/wp-content\/uploads\/2022\/02\/img_suelos-1_optimized-705x470.jpg 705w, https:\/\/radiorevelacionfm.cl\/wp-content\/uploads\/2022\/02\/img_suelos-1_optimized-600x400.jpg 600w\" sizes=\"(max-width: 900px) 100vw, 900px\" \/><\/div><\/div><\/div><\/div><div class=\"flex_column av_one_full  flex_column_div av-zero-column-padding first  avia-builder-el-2  el_after_av_one_full  el_before_av_one_full  column-top-margin\" style='border-radius:0px; '><section class=\"av_textblock_section \"  itemscope=\"itemscope\" itemtype=\"https:\/\/schema.org\/BlogPosting\" itemprop=\"blogPost\" ><div class='avia_textblock  '   itemprop=\"text\" ><p style=\"text-align: center;\"><span style=\"font-size: 18pt;\"><strong>SAG Ays\u00e9n recuerda postular al concurso del Sistema de Incentivos para la Sustentabilidad Agroambiental de los Suelos Agropecuarios<\/strong><\/span><\/p>\n<div id=\"gtx-trans\" style=\"position: absolute; left: -50px; top: 4.31534px;\">\n<div class=\"gtx-trans-icon\"><\/div>\n<\/div>\n<\/div><\/section><\/div><div class=\"flex_column av_one_full  flex_column_div av-zero-column-padding first  avia-builder-el-4  el_after_av_one_full  el_before_av_hr  column-top-margin\" style='border-radius:0px; '><section class=\"av_textblock_section \"  itemscope=\"itemscope\" itemtype=\"https:\/\/schema.org\/BlogPosting\" itemprop=\"blogPost\" ><div class='avia_textblock  '   itemprop=\"text\" ><p style=\"text-align: justify;\">Desde el 12 de enero hasta el 09 de marzo del a\u00f1o en curso, se encuntran abiertas las postulaciones para el segundo concurso del Sistema de Incentivos para la Sustentabilidad Agroambiental de los Suelos Agropecuarios focalizado en las comunas de Coyhaique y Ays\u00e9n.<\/p>\n<p style=\"text-align: justify;\">Los recursos del Programa de Recuperaci\u00f3n de Suelos Degradados est\u00e1n dirigidos a\u00a0todos los productores y productoras agr\u00edcolas de la regi\u00f3n de Ays\u00e9n ya sean personas naturales o jur\u00eddicas, y tengan la calidad de propietario\/a, arrendatario\/a, comodatario\/a, usufructuario\/a o mediero\/a y que cumplan con los requisitos establecidos en la normativa.\u00a0Quedan excluidas las personas que califican como peque\u00f1os usuarios de INDAP.<\/p>\n<p style=\"text-align: justify;\">Las pr\u00e1cticas que beneficiar\u00e1 el programa y que se encuentran disponibles son:<\/p>\n<ul style=\"text-align: justify;\">\n<li>Incorporaci\u00f3n de fertilizantes de base fosforada.<\/li>\n<li>Incorporaci\u00f3n de elementos qu\u00edmicos esenciales<\/li>\n<li>Establecimiento de una cubierta vegetal en suelos descubiertos o\u00a0\u00a0\u00a0\u00a0\u00a0\u00a0 con\u00a0 cobertura deteriorada.<\/li>\n<li>Empleo de m\u00e9todos de intervenci\u00f3n del suelo, entre otros, la rotaci\u00f3n de cultivos, orientados a evitar su p\u00e9rdida y erosi\u00f3n y a favorecer su conservaci\u00f3n.<\/li>\n<li>Eliminaci\u00f3n, limpieza o confinamiento de impedimentos f\u00edsicos o qu\u00edmicos.<\/li>\n<\/ul>\n<p style=\"text-align: justify;\">Para participar de estos concursos se debe presentar un plan de manejo y un informe t\u00e9cnico, que debe ser elaborado por un operador\/a acreditado\/a, cuyo listado tambi\u00e9n est\u00e1 disponible en www.sag.cl y en las oficinas Sectoriales SAG de la regi\u00f3n de Ays\u00e9n.<\/p>\n<p style=\"text-align: justify;\">Claudia Pe\u00f1a, Coordinadora Regional SIRSD, indic\u00f3 \u201ces importante que los operadores acreditados, en caso que lo requieran, recuerden que deber\u00e1n ingresar las muestras de suelos de los predios postulantes hasta el d\u00eda 14 de febrero, en el laboratorio regional Tamel Aike para su an\u00e1lisis. Lo anterior asegurar\u00e1 contar con los resultados de dichas muestras en los plazos definidos en las bases de este concurso, cuyo cierre est\u00e1 contemplado para el pr\u00f3ximo d\u00eda 09 de marzo del a\u00f1o en curso\u201d.<\/p>\n<p style=\"text-align: justify;\">Finalmente, la profesional del Servicio,\u00a0 comenta que los llamados a concurso se realizan con anticipaci\u00f3n,\u00a0 para poder contar con los listados definitivos y recursos comprometidos a m\u00e1s tardar en el mes de mayo y as\u00ed avanzar en el a\u00f1o, en la ejecuci\u00f3n de las labores agropecuarias y pagos de los beneficios contemplados en este instrumento de fomento.<\/p>\n<\/div><\/section><\/div><div  style='height:50px' class='hr hr-invisible   avia-builder-el-6  el_after_av_one_full  el_before_av_social_share '><span class='hr-inner ' ><span class='hr-inner-style'><\/span><\/span><\/div><\/p>\n<div  class='av-social-sharing-box  avia-builder-el-7  el_after_av_hr  el_before_av_hr  '><div class='av-share-box'><h5 class='av-share-link-description av-no-toc '>Compartir esta noticia<\/h5><ul class='av-share-box-list noLightbox'><li class='av-share-link av-social-link-facebook' ><a target=\"_blank\" aria-label=\"Compartir en Facebook\" href='https:\/\/www.facebook.com\/sharer.php?u=https:\/\/radiorevelacionfm.cl\/?p=13427&#038;t=SAG%20Ays%C3%A9n%20recuerda%20postular%20al%20concurso%20del%20Sistema%20de%20Incentivos%20para%20la%20Sustentabilidad%20Agroambiental%20de%20los%20Suelos%20Agropecuarios' aria-hidden='false' data-av_icon='\ue8f3' data-av_iconfont='entypo-fontello' title='' data-avia-related-tooltip='Compartir en Facebook' rel=\"noopener\"><span class='avia_hidden_link_text'>Compartir en Facebook<\/span><\/a><\/li><li class='av-share-link av-social-link-twitter' ><a target=\"_blank\" aria-label=\"Compartir en Twitter\" href='https:\/\/twitter.com\/share?text=SAG%20Ays%C3%A9n%20recuerda%20postular%20al%20concurso%20del%20Sistema%20de%20Incentivos%20para%20la%20Sustentabilidad%20Agroambiental%20de%20los%20Suelos%20Agropecuarios&#038;url=https:\/\/radiorevelacionfm.cl\/?p=13427' aria-hidden='false' data-av_icon='\ue8f1' data-av_iconfont='entypo-fontello' title='' data-avia-related-tooltip='Compartir en Twitter' rel=\"noopener\"><span class='avia_hidden_link_text'>Compartir en Twitter<\/span><\/a><\/li><li class='av-share-link av-social-link-whatsapp' ><a target=\"_blank\" aria-label=\"Compartir en Whatsapp\" href='https:\/\/api.whatsapp.com\/send?text=https:\/\/radiorevelacionfm.cl\/?p=13427' aria-hidden='false' data-av_icon='\uf232' data-av_iconfont='entypo-fontello' title='' data-avia-related-tooltip='Compartir en Whatsapp' rel=\"noopener\"><span class='avia_hidden_link_text'>Compartir en Whatsapp<\/span><\/a><\/li><li class='av-share-link av-social-link-linkedin' ><a target=\"_blank\" aria-label=\"Compartir en LinkedIn\" href='https:\/\/linkedin.com\/shareArticle?mini=true&#038;title=SAG%20Ays%C3%A9n%20recuerda%20postular%20al%20concurso%20del%20Sistema%20de%20Incentivos%20para%20la%20Sustentabilidad%20Agroambiental%20de%20los%20Suelos%20Agropecuarios&#038;url=https:\/\/radiorevelacionfm.cl\/?p=13427' aria-hidden='false' data-av_icon='\ue8fc' data-av_iconfont='entypo-fontello' title='' data-avia-related-tooltip='Compartir en LinkedIn' rel=\"noopener\"><span class='avia_hidden_link_text'>Compartir en LinkedIn<\/span><\/a><\/li><li class='av-share-link av-social-link-mail' ><a  aria-label=\"Compartir por correo\" href='mailto:?subject=SAG%20Ays%C3%A9n%20recuerda%20postular%20al%20concurso%20del%20Sistema%20de%20Incentivos%20para%20la%20Sustentabilidad%20Agroambiental%20de%20los%20Suelos%20Agropecuarios&#038;body=https:\/\/radiorevelacionfm.cl\/?p=13427' aria-hidden='false' data-av_icon='\ue805' data-av_iconfont='entypo-fontello' title='' data-avia-related-tooltip='Compartir por correo'><span class='avia_hidden_link_text'>Compartir por correo<\/span><\/a><\/li><\/ul><\/div><\/div>\n<div  style='height:50px' class='hr hr-invisible   avia-builder-el-8  el_after_av_social_share  el_before_av_comments_list '><span class='hr-inner ' ><span class='hr-inner-style'><\/span><\/span><\/div>\n<div  class='av-buildercomment  av-blog-meta-html-info-disabled av-blog-meta-tag-disabled  '><\/div>\n","protected":false},"excerpt":{"rendered":"","protected":false},"author":1,"featured_media":13428,"comment_status":"open","ping_status":"open","sticky":false,"template":"","format":"standard","meta":{"footnotes":""},"categories":[58],"tags":[],"class_list":["post-13427","post","type-post","status-publish","format-standard","has-post-thumbnail","hentry","category-agricultura"],"jetpack_featured_media_url":"https:\/\/radiorevelacionfm.cl\/wp-content\/uploads\/2022\/02\/img_suelos-1_optimized.jpg","_links":{"self":[{"href":"https:\/\/radiorevelacionfm.cl\/index.php?rest_route=\/wp\/v2\/posts\/13427","targetHints":{"allow":["GET"]}}],"collection":[{"href":"https:\/\/radiorevelacionfm.cl\/index.php?rest_route=\/wp\/v2\/posts"}],"about":[{"href":"https:\/\/radiorevelacionfm.cl\/index.php?rest_route=\/wp\/v2\/types\/post"}],"author":[{"embeddable":true,"href":"https:\/\/radiorevelacionfm.cl\/index.php?rest_route=\/wp\/v2\/users\/1"}],"replies":[{"embeddable":true,"href":"https:\/\/radiorevelacionfm.cl\/index.php?rest_route=%2Fwp%2Fv2%2Fcomments&post=13427"}],"version-history":[{"count":2,"href":"https:\/\/radiorevelacionfm.cl\/index.php?rest_route=\/wp\/v2\/posts\/13427\/revisions"}],"predecessor-version":[{"id":13431,"href":"https:\/\/radiorevelacionfm.cl\/index.php?rest_route=\/wp\/v2\/posts\/13427\/revisions\/13431"}],"wp:featuredmedia":[{"embeddable":true,"href":"https:\/\/radiorevelacionfm.cl\/index.php?rest_route=\/wp\/v2\/media\/13428"}],"wp:attachment":[{"href":"https:\/\/radiorevelacionfm.cl\/index.php?rest_route=%2Fwp%2Fv2%2Fmedia&parent=13427"}],"wp:term":[{"taxonomy":"category","embeddable":true,"href":"https:\/\/radiorevelacionfm.cl\/index.php?rest_route=%2Fwp%2Fv2%2Fcategories&post=13427"},{"taxonomy":"post_tag","embeddable":true,"href":"https:\/\/radiorevelacionfm.cl\/index.php?rest_route=%2Fwp%2Fv2%2Ftags&post=13427"}],"curies":[{"name":"wp","href":"https:\/\/api.w.org\/{rel}","templated":true}]}}