{"id":13424,"date":"2022-02-02T10:58:32","date_gmt":"2022-02-02T13:58:32","guid":{"rendered":"https:\/\/radiorevelacionfm.cl\/?p=13424"},"modified":"2022-02-02T10:58:32","modified_gmt":"2022-02-02T13:58:32","slug":"fondo-solidario-de-eleccion-de-vivienda-ministro-ward-anuncia-mas-de-5-600-familias-beneficiadas","status":"publish","type":"post","link":"https:\/\/radiorevelacionfm.cl\/?p=13424","title":{"rendered":"Fondo Solidario de Elecci\u00f3n de Vivienda: Ministro Ward anuncia m\u00e1s de 5.600 familias beneficiadas"},"content":{"rendered":"<div class=\"flex_column av_one_full  flex_column_div av-zero-column-padding first  avia-builder-el-0  el_before_av_one_full  avia-builder-el-first  \" style='border-radius:0px; '><div  class='avia-image-container  av-styling-    avia-builder-el-1  avia-builder-el-no-sibling  avia-align-center '  itemprop=\"image\" itemscope=\"itemscope\" itemtype=\"https:\/\/schema.org\/ImageObject\"  ><div class='avia-image-container-inner'><div class='avia-image-overlay-wrap'><img decoding=\"async\" class='wp-image-0 avia-img-lazy-loading-not-0 avia_image' src=\"https:\/\/radiorevelacionfm.cl\/wp-content\/uploads\/2021\/05\/Ministro-de-Vivienda-Felipe-Ward-E.jpg\" alt='' title=''   itemprop=\"thumbnailUrl\"  \/><\/div><\/div><\/div><\/div><div class=\"flex_column av_one_full  flex_column_div av-zero-column-padding first  avia-builder-el-2  el_after_av_one_full  el_before_av_one_full  column-top-margin\" style='border-radius:0px; '><section class=\"av_textblock_section \"  itemscope=\"itemscope\" itemtype=\"https:\/\/schema.org\/BlogPosting\" itemprop=\"blogPost\" ><div class='avia_textblock  '   itemprop=\"text\" ><p style=\"text-align: center;\"><span style=\"font-size: 18pt;\"><strong>Fondo Solidario de Elecci\u00f3n de Vivienda: Ministro Ward anuncia m\u00e1s de 5.600 familias beneficiadas<\/strong><\/span><\/p>\n<div id=\"gtx-trans\" style=\"position: absolute; left: -50px; top: 4.31534px;\">\n<div class=\"gtx-trans-icon\"><\/div>\n<\/div>\n<\/div><\/section><\/div><div class=\"flex_column av_one_full  flex_column_div av-zero-column-padding first  avia-builder-el-4  el_after_av_one_full  el_before_av_hr  column-top-margin\" style='border-radius:0px; '><section class=\"av_textblock_section \"  itemscope=\"itemscope\" itemtype=\"https:\/\/schema.org\/BlogPosting\" itemprop=\"blogPost\" ><div class='avia_textblock  '   itemprop=\"text\" ><p style=\"text-align: justify;\">El Ministro de Vivienda y Urbanismo,\u00a0<b>Felipe Ward<\/b>, anunci\u00f3 la selecci\u00f3n de 5.668 familias a nivel nacional, que fueron favorecidas con los \u00faltimos resultados del Fondo Solidario de Elecci\u00f3n de Vivienda DS49, en la alternativa de postulaci\u00f3n colectiva para proyectos de construcci\u00f3n en nuevos terrenos. En esta oportunidad se seleccionaron un total de 34 proyectos.<u><\/u><u><\/u><\/p>\n<p style=\"text-align: justify;\">Al respecto, el titular de la cartera asegur\u00f3 que \u201cdesde el Ministerio de Vivienda y Urbanismo estamos muy contentos de poder seguir entregando buenas noticias para las familias del pa\u00eds. Esta vez con la entrega de un total de 5.668 subsidios a nivel nacional correspondientes al Fondo Solidario de Elecci\u00f3n de Vivienda DS49 en la alternativa de postulaci\u00f3n colectiva, un beneficio que se ha transformado en un gran alivio para miles de familias y que en esta oportunidad favorecer\u00e1 a 34 proyectos a lo largo de todo Chile\u201d.<u><\/u><u><\/u><\/p>\n<p style=\"text-align: justify;\">El Fondo Solidario de Elecci\u00f3n de Vivienda es un programa del Ministerio de Vivienda y Urbanismo que permite a familias que viven en una situaci\u00f3n de vulnerabilidad social y que no son due\u00f1as de una vivienda, puedan acceder a una sin deuda hipotecaria, a trav\u00e9s de las modalidades de construcci\u00f3n o compraventa. Para poder postular, se debe contar con una cuenta de ahorro para la vivienda a nombre de quien postule y en ella tener como m\u00ednimo 10 UF. En el caso de las postulaciones colectivas, si la persona pertenece a un tramo mayor al 40% seg\u00fan el Registro Social de Hogares (RSH), tendr\u00e1 que contar con un ahorro de 15 UF.<u><\/u><u><\/u><\/p>\n<p style=\"text-align: justify;\">Este beneficio cuenta con dos modalidades de postulaci\u00f3n. La primera de ellas, se realiza de forma individual y entrega la posibilidad de adquirir una vivienda nueva o usada que tenga un valor inferior a las 950 UF. Durante este gobierno, ya se ha beneficiado a m\u00e1s de 25.400 personas en dicha categor\u00eda. La segunda alternativa de postulaci\u00f3n es a trav\u00e9s de una modalidad colectiva donde, desde 2018 a la fecha, se han beneficiado un total de 67.452 familias, organizadas en comit\u00e9s de vivienda. De las alternativas de construcci\u00f3n que ofrece el subsidio, el presente llamado est\u00e1 orientado a la construcci\u00f3n en nuevos terrenos de proyectos habitacionales que tienen entre 10 y 160 viviendas, o bien megaproyectos de hasta 600 viviendas, los que incluyen urbanizaci\u00f3n, equipamiento y \u00e1reas verdes.<u><\/u><u><\/u><\/p>\n<p style=\"text-align: justify;\">En total, desde 2018, tanto la modalidad colectiva como la individual, han beneficiado a 93 mil personas, transformando a este subsidio en una verdadera ayuda y alivio para las familias que m\u00e1s lo necesitan.\u00a0<u><\/u><u><\/u><\/p>\n<p style=\"text-align: justify;\">\n<\/div><\/section><\/div><div  style='height:50px' class='hr hr-invisible   avia-builder-el-6  el_after_av_one_full  el_before_av_social_share '><span class='hr-inner ' ><span class='hr-inner-style'><\/span><\/span><\/div><\/p>\n<div  class='av-social-sharing-box  avia-builder-el-7  el_after_av_hr  el_before_av_hr  '><div class='av-share-box'><h5 class='av-share-link-description av-no-toc '>Compartir esta noticia<\/h5><ul class='av-share-box-list noLightbox'><li class='av-share-link av-social-link-facebook' ><a target=\"_blank\" aria-label=\"Compartir en Facebook\" href='https:\/\/www.facebook.com\/sharer.php?u=https:\/\/radiorevelacionfm.cl\/?p=13424&#038;t=Fondo%20Solidario%20de%20Elecci%C3%B3n%20de%20Vivienda%3A%20Ministro%20Ward%20anuncia%20m%C3%A1s%20de%205.600%20familias%20beneficiadas' aria-hidden='false' data-av_icon='\ue8f3' data-av_iconfont='entypo-fontello' title='' data-avia-related-tooltip='Compartir en Facebook' rel=\"noopener\"><span class='avia_hidden_link_text'>Compartir en Facebook<\/span><\/a><\/li><li class='av-share-link av-social-link-twitter' ><a target=\"_blank\" aria-label=\"Compartir en Twitter\" href='https:\/\/twitter.com\/share?text=Fondo%20Solidario%20de%20Elecci%C3%B3n%20de%20Vivienda%3A%20Ministro%20Ward%20anuncia%20m%C3%A1s%20de%205.600%20familias%20beneficiadas&#038;url=https:\/\/radiorevelacionfm.cl\/?p=13424' aria-hidden='false' data-av_icon='\ue8f1' data-av_iconfont='entypo-fontello' title='' data-avia-related-tooltip='Compartir en Twitter' rel=\"noopener\"><span class='avia_hidden_link_text'>Compartir en Twitter<\/span><\/a><\/li><li class='av-share-link av-social-link-whatsapp' ><a target=\"_blank\" aria-label=\"Compartir en Whatsapp\" href='https:\/\/api.whatsapp.com\/send?text=https:\/\/radiorevelacionfm.cl\/?p=13424' aria-hidden='false' data-av_icon='\uf232' data-av_iconfont='entypo-fontello' title='' data-avia-related-tooltip='Compartir en Whatsapp' rel=\"noopener\"><span class='avia_hidden_link_text'>Compartir en Whatsapp<\/span><\/a><\/li><li class='av-share-link av-social-link-linkedin' ><a target=\"_blank\" aria-label=\"Compartir en LinkedIn\" href='https:\/\/linkedin.com\/shareArticle?mini=true&#038;title=Fondo%20Solidario%20de%20Elecci%C3%B3n%20de%20Vivienda%3A%20Ministro%20Ward%20anuncia%20m%C3%A1s%20de%205.600%20familias%20beneficiadas&#038;url=https:\/\/radiorevelacionfm.cl\/?p=13424' aria-hidden='false' data-av_icon='\ue8fc' data-av_iconfont='entypo-fontello' title='' data-avia-related-tooltip='Compartir en LinkedIn' rel=\"noopener\"><span class='avia_hidden_link_text'>Compartir en LinkedIn<\/span><\/a><\/li><li class='av-share-link av-social-link-mail' ><a  aria-label=\"Compartir por correo\" href='mailto:?subject=Fondo%20Solidario%20de%20Elecci%C3%B3n%20de%20Vivienda%3A%20Ministro%20Ward%20anuncia%20m%C3%A1s%20de%205.600%20familias%20beneficiadas&#038;body=https:\/\/radiorevelacionfm.cl\/?p=13424' aria-hidden='false' data-av_icon='\ue805' data-av_iconfont='entypo-fontello' title='' data-avia-related-tooltip='Compartir por correo'><span class='avia_hidden_link_text'>Compartir por correo<\/span><\/a><\/li><\/ul><\/div><\/div>\n<div  style='height:50px' class='hr hr-invisible   avia-builder-el-8  el_after_av_social_share  el_before_av_comments_list '><span class='hr-inner ' ><span class='hr-inner-style'><\/span><\/span><\/div>\n<div  class='av-buildercomment  av-blog-meta-html-info-disabled av-blog-meta-tag-disabled  '><\/div>\n","protected":false},"excerpt":{"rendered":"","protected":false},"author":1,"featured_media":0,"comment_status":"open","ping_status":"open","sticky":false,"template":"","format":"standard","meta":{"footnotes":""},"categories":[57],"tags":[],"class_list":["post-13424","post","type-post","status-publish","format-standard","hentry","category-vivienda"],"jetpack_featured_media_url":"","_links":{"self":[{"href":"https:\/\/radiorevelacionfm.cl\/index.php?rest_route=\/wp\/v2\/posts\/13424","targetHints":{"allow":["GET"]}}],"collection":[{"href":"https:\/\/radiorevelacionfm.cl\/index.php?rest_route=\/wp\/v2\/posts"}],"about":[{"href":"https:\/\/radiorevelacionfm.cl\/index.php?rest_route=\/wp\/v2\/types\/post"}],"author":[{"embeddable":true,"href":"https:\/\/radiorevelacionfm.cl\/index.php?rest_route=\/wp\/v2\/users\/1"}],"replies":[{"embeddable":true,"href":"https:\/\/radiorevelacionfm.cl\/index.php?rest_route=%2Fwp%2Fv2%2Fcomments&post=13424"}],"version-history":[{"count":2,"href":"https:\/\/radiorevelacionfm.cl\/index.php?rest_route=\/wp\/v2\/posts\/13424\/revisions"}],"predecessor-version":[{"id":13426,"href":"https:\/\/radiorevelacionfm.cl\/index.php?rest_route=\/wp\/v2\/posts\/13424\/revisions\/13426"}],"wp:attachment":[{"href":"https:\/\/radiorevelacionfm.cl\/index.php?rest_route=%2Fwp%2Fv2%2Fmedia&parent=13424"}],"wp:term":[{"taxonomy":"category","embeddable":true,"href":"https:\/\/radiorevelacionfm.cl\/index.php?rest_route=%2Fwp%2Fv2%2Fcategories&post=13424"},{"taxonomy":"post_tag","embeddable":true,"href":"https:\/\/radiorevelacionfm.cl\/index.php?rest_route=%2Fwp%2Fv2%2Ftags&post=13424"}],"curies":[{"name":"wp","href":"https:\/\/api.w.org\/{rel}","templated":true}]}}