{"id":13415,"date":"2022-02-02T09:26:16","date_gmt":"2022-02-02T12:26:16","guid":{"rendered":"https:\/\/radiorevelacionfm.cl\/?p=13415"},"modified":"2022-02-02T09:26:16","modified_gmt":"2022-02-02T12:26:16","slug":"mas-de-230-empresas-regionales-de-sectores-estrategicos-han-sido-apoyadas-por-el-programa-gore-aysen-y-corfo","status":"publish","type":"post","link":"https:\/\/radiorevelacionfm.cl\/?p=13415","title":{"rendered":"M\u00e1s de 230 empresas regionales de sectores estrat\u00e9gicos han sido apoyadas por el Programa Gore Ays\u00e9n y Corfo"},"content":{"rendered":"<div class=\"flex_column av_one_full  flex_column_div av-zero-column-padding first  avia-builder-el-0  el_before_av_one_full  avia-builder-el-first  \" style='border-radius:0px; '><div  class='avia-image-container  av-styling-    avia-builder-el-1  avia-builder-el-no-sibling  avia-align-center '  itemprop=\"image\" itemscope=\"itemscope\" itemtype=\"https:\/\/schema.org\/ImageObject\"  ><div class='avia-image-container-inner'><div class='avia-image-overlay-wrap'><img decoding=\"async\" class='wp-image-13416 avia-img-lazy-loading-not-13416 avia_image' src=\"https:\/\/radiorevelacionfm.cl\/wp-content\/uploads\/2022\/02\/emprendimientos-1_optimized.jpg\" alt='' title='emprendimientos-(1)_optimized' height=\"600\" width=\"600\"  itemprop=\"thumbnailUrl\" srcset=\"https:\/\/radiorevelacionfm.cl\/wp-content\/uploads\/2022\/02\/emprendimientos-1_optimized.jpg 600w, https:\/\/radiorevelacionfm.cl\/wp-content\/uploads\/2022\/02\/emprendimientos-1_optimized-300x300.jpg 300w, https:\/\/radiorevelacionfm.cl\/wp-content\/uploads\/2022\/02\/emprendimientos-1_optimized-80x80.jpg 80w, https:\/\/radiorevelacionfm.cl\/wp-content\/uploads\/2022\/02\/emprendimientos-1_optimized-36x36.jpg 36w, https:\/\/radiorevelacionfm.cl\/wp-content\/uploads\/2022\/02\/emprendimientos-1_optimized-180x180.jpg 180w, https:\/\/radiorevelacionfm.cl\/wp-content\/uploads\/2022\/02\/emprendimientos-1_optimized-100x100.jpg 100w\" sizes=\"(max-width: 600px) 100vw, 600px\" \/><\/div><\/div><\/div><\/div><div class=\"flex_column av_one_full  flex_column_div av-zero-column-padding first  avia-builder-el-2  el_after_av_one_full  el_before_av_one_full  column-top-margin\" style='border-radius:0px; '><section class=\"av_textblock_section \"  itemscope=\"itemscope\" itemtype=\"https:\/\/schema.org\/BlogPosting\" itemprop=\"blogPost\" ><div class='avia_textblock  '   itemprop=\"text\" ><p style=\"text-align: center;\"><strong><span style=\"font-size: 18pt;\">M\u00e1s de 230 empresas regionales de sectores estrat\u00e9gicos han sido apoyadas por el Programa Gore Ays\u00e9n y Corfo <\/span><\/strong><\/p>\n<div id=\"gtx-trans\" style=\"position: absolute; left: -50px; top: 4.31534px;\">\n<div class=\"gtx-trans-icon\"><\/div>\n<\/div>\n<\/div><\/section><\/div><div class=\"flex_column av_one_full  flex_column_div av-zero-column-padding first  avia-builder-el-4  el_after_av_one_full  el_before_av_hr  column-top-margin\" style='border-radius:0px; '><section class=\"av_textblock_section \"  itemscope=\"itemscope\" itemtype=\"https:\/\/schema.org\/BlogPosting\" itemprop=\"blogPost\" ><div class='avia_textblock  '   itemprop=\"text\" ><p style=\"font-weight: 400; text-align: justify;\">Gracias a los tres mil millones de pesos del programa \u201cFomento a Proyectos Estrat\u00e9gicos e Inversi\u00f3n Productiva Regional\u201d, financiado por el Gobierno Regional de Ays\u00e9n, y que est\u00e1 en etapa de cierre por parte de Corfo, m\u00e1s de 230 iniciativas de toda la regi\u00f3n han sido apoyadas, con \u00e9nfasis en las micro y peque\u00f1as empresas.<\/p>\n<p style=\"font-weight: 400; text-align: justify;\">As\u00ed lo inform\u00f3 el director de la corporaci\u00f3n, Omar Mu\u00f1oz Sierra, qui\u00e9n detall\u00f3 que \u201cCorfo Ays\u00e9n es la unidad t\u00e9cnica del Gobierno Regional para ejecutar este programa, con instrumentos que han permitido apoyar la inversi\u00f3n privada, crear nuevos negocios y mejorar la competitividad de 235 mipymes, contribuyendo a la reactivaci\u00f3n de la econom\u00eda regional y, por ende, a la generaci\u00f3n de nuevos empleos\u201d, se\u00f1al\u00f3.<\/p>\n<p style=\"font-weight: 400; text-align: justify;\">Junto con agradecer la confianza depositada por el Gore Ays\u00e9n, Mu\u00f1oz explic\u00f3 c\u00f3mo este programa inyect\u00f3 dinamismo a la econom\u00eda en la regi\u00f3n. \u201cPor ejemplo,\u00a0<a href=\"https:\/\/www.facebook.com\/HOPPERDIETZEL\/\" data-saferedirecturl=\"https:\/\/www.google.com\/url?q=https:\/\/www.facebook.com\/HOPPERDIETZEL\/&amp;source=gmail&amp;ust=1643829415019000&amp;usg=AOvVaw3yMvJI7XP7ItA-nVUfUcOq\">Cervecer\u00eda Hopperdietzel<\/a>\u00a0pas\u00f3 de producir 3.500 litros de cerveza a 12 mil litros, lo que es un salto enorme para la empresa, gracias al programa Desarrolla Inversi\u00f3n.\u00a0<a href=\"https:\/\/www.instagram.com\/quillango\/\" data-saferedirecturl=\"https:\/\/www.google.com\/url?q=https:\/\/www.instagram.com\/quillango\/&amp;source=gmail&amp;ust=1643829415019000&amp;usg=AOvVaw1A4S-vRNWxrLzvsVw6hrw7\">Tejidos Quillango<\/a>\u00a0hoy tiene sus productos en distintas plataformas permiti\u00e9ndoles vender fuera de la regi\u00f3n y abriendo camino fuera de las fronteras de nuestro pa\u00eds, a trav\u00e9s del PAR Impulsa Empresarias. O el caso de\u00a0<a href=\"https:\/\/www.instagram.com\/patagonia_bees\/\" data-saferedirecturl=\"https:\/\/www.google.com\/url?q=https:\/\/www.instagram.com\/patagonia_bees\/&amp;source=gmail&amp;ust=1643829415019000&amp;usg=AOvVaw1X2ScbC4L3VnCgoTdpJSwC\">PatagoniaBees<\/a>\u00a0que est\u00e1 vendiendo en otras regiones del pa\u00eds, sus c\u00e1psulas antioxidantes y otras de fortalecimiento, gracias al programa Semilla Inicia. Los ejemplos son muchos y no hacen otra cosa que reflejar el impacto que este tipo de programas tiene en el trabajo que desarrollan cientos de emprendedores y emprendedoras de nuestro territorio\u201d.<\/p>\n<p style=\"font-weight: 400; text-align: justify;\">El Consejero Regional Ra\u00fal Rudolphi destac\u00f3 la ejecuci\u00f3n de este convenio que aport\u00f3 a la reactivaci\u00f3n econ\u00f3mica de la regi\u00f3n. \u201cEl haber llegado con estos recursos de manera oportuna permiti\u00f3 en muchos casos, que varias empresas muy peque\u00f1as, principalmente micro y peque\u00f1as empresas, no quebraran. Junto con aquello el poder mantener las fuentes de trabajo, el poder prestar los servicios, no solamente en Coyhaique y Ays\u00e9n, sino que tambi\u00e9n en los distintos puntos de la regi\u00f3n. Y ese es el compromiso: ser equitativos a la hora de asignar los recursos. Bienvenido este trabajo conjunto desde Corfo con los recursos del Gobierno Regional imprimiendo una inyecci\u00f3n importante en la recuperaci\u00f3n econ\u00f3mica de nuestra Regi\u00f3n de Ays\u00e9n\u201d.<\/p>\n<p style=\"font-weight: 400; text-align: justify;\">Por su parte, Luis Co\u00f1uecar, Consejero Regional, indic\u00f3 que \u201cfue un tremendo programa que desarroll\u00f3 diferentes proyectos que beneficiaron a distintas comunidades del territorio, mipymes o nuevos emprendedores, de norte a sur, de nuestra regi\u00f3n, lo que sin duda vino a apoyar y a ayudar a que nuestros emprendedores, nuestras peque\u00f1as y medianas empresas pueden fortalecerse y seguir avanzando directo en el desarrollo de sus diferente iniciativas\u201d, concluy\u00f3.<\/p>\n<p style=\"font-weight: 400; text-align: justify;\"><strong>RESULTADOS<\/strong><\/p>\n<p style=\"font-weight: 400; text-align: justify;\">A trav\u00e9s del programa se ejecutaron distintas l\u00edneas de apoyo al emprendimiento. De esta forma, 16 iniciativas de la zona norte como Islas Huichas, Puerto Gala, Gaviota, Melinka, Caleta Andrade y Puerto Aguirre fueron apoyadas con el programa\u00a0Activa \u00c1reas de Manejo\u00a0que permiti\u00f3 a organizaciones de pescadores y pescadoras artesanales acceder a cofinanciamiento de consultor\u00eda especializada para la realizaci\u00f3n de Estudios de Situaci\u00f3n Base (ESBAS), y para informes de seguimiento, con m\u00e1s de 35 millones de pesos que los mismos beneficiados cofinanciaron.<\/p>\n<p style=\"font-weight: 400; text-align: justify;\">Con el prop\u00f3sito de mejorar la competitividad de empresas regionales, con el\u00a0Programa PAR Impulsa\u00a0162 empresas, desde La Junta hasta Villa O\u2019Higgins, fueron apoyadas a trav\u00e9s de diferentes convocatorias, como las territoriales para las provincias Capit\u00e1n Prat, General Carrera y Ays\u00e9n, y una para la comuna de Lago Verde; y sectores como Medios de Comunicaci\u00f3n, Armadores de Embarcaciones y, finalmente, Empresas lideradas por mujeres de la provincia de Coyhaique, permiti\u00e9ndoles reactivar su negocio o iniciar una actividad econ\u00f3mica distinta, recuperando o mejorando su potencial productivo y de gesti\u00f3n.<\/p>\n<p style=\"font-weight: 400; text-align: justify;\">Para fomentar el emprendimiento y la generaci\u00f3n de nuevos negocios, ocho proyectos de alto potencial de crecimiento fueron apoyados con el programa\u00a0Semilla Inicia, para la validaci\u00f3n t\u00e9cnica y comercial del emprendimiento, adem\u00e1s de acceso a servicios de apoyo para su implementaci\u00f3n y desarrollo. Asimismo, a trav\u00e9s del programa\u00a0Desarrolla Inversi\u00f3n,\u00a049 proyectos fueron apoyados para la materializaci\u00f3n de proyectos de inversi\u00f3n productiva para la adquisici\u00f3n de activo fijo, habilitaci\u00f3n de infraestructura productiva y capital de trabajo.<\/p>\n<p style=\"font-weight: 400; text-align: justify;\">Finalmente, se desarroll\u00f3 un\u00a0del Estudio de Prefactibilidad para la Zona Franca de Ays\u00e9n; una Consultor\u00eda Plan Maestro Cerro Divisadero y un Estudio de Validaci\u00f3n Estrat\u00e9gica para la implementaci\u00f3n del Programa Territorial Integrado Desarrollo de la Industria del Aserr\u00edo en Ays\u00e9n.<\/p>\n<\/div><\/section><\/div><div  style='height:50px' class='hr hr-invisible   avia-builder-el-6  el_after_av_one_full  el_before_av_social_share '><span class='hr-inner ' ><span class='hr-inner-style'><\/span><\/span><\/div><\/p>\n<div  class='av-social-sharing-box  avia-builder-el-7  el_after_av_hr  el_before_av_hr  '><div class='av-share-box'><h5 class='av-share-link-description av-no-toc '>Compartir esta noticia<\/h5><ul class='av-share-box-list noLightbox'><li class='av-share-link av-social-link-facebook' ><a target=\"_blank\" aria-label=\"Compartir en Facebook\" href='https:\/\/www.facebook.com\/sharer.php?u=https:\/\/radiorevelacionfm.cl\/?p=13415&#038;t=M%C3%A1s%20de%20230%20empresas%20regionales%20de%20sectores%20estrat%C3%A9gicos%20han%20sido%20apoyadas%20por%20el%20Programa%20Gore%20Ays%C3%A9n%20y%20Corfo' aria-hidden='false' data-av_icon='\ue8f3' data-av_iconfont='entypo-fontello' title='' data-avia-related-tooltip='Compartir en Facebook' rel=\"noopener\"><span class='avia_hidden_link_text'>Compartir en Facebook<\/span><\/a><\/li><li class='av-share-link av-social-link-twitter' ><a target=\"_blank\" aria-label=\"Compartir en Twitter\" href='https:\/\/twitter.com\/share?text=M%C3%A1s%20de%20230%20empresas%20regionales%20de%20sectores%20estrat%C3%A9gicos%20han%20sido%20apoyadas%20por%20el%20Programa%20Gore%20Ays%C3%A9n%20y%20Corfo&#038;url=https:\/\/radiorevelacionfm.cl\/?p=13415' aria-hidden='false' data-av_icon='\ue8f1' data-av_iconfont='entypo-fontello' title='' data-avia-related-tooltip='Compartir en Twitter' rel=\"noopener\"><span class='avia_hidden_link_text'>Compartir en Twitter<\/span><\/a><\/li><li class='av-share-link av-social-link-whatsapp' ><a target=\"_blank\" aria-label=\"Compartir en Whatsapp\" href='https:\/\/api.whatsapp.com\/send?text=https:\/\/radiorevelacionfm.cl\/?p=13415' aria-hidden='false' data-av_icon='\uf232' data-av_iconfont='entypo-fontello' title='' data-avia-related-tooltip='Compartir en Whatsapp' rel=\"noopener\"><span class='avia_hidden_link_text'>Compartir en Whatsapp<\/span><\/a><\/li><li class='av-share-link av-social-link-linkedin' ><a target=\"_blank\" aria-label=\"Compartir en LinkedIn\" href='https:\/\/linkedin.com\/shareArticle?mini=true&#038;title=M%C3%A1s%20de%20230%20empresas%20regionales%20de%20sectores%20estrat%C3%A9gicos%20han%20sido%20apoyadas%20por%20el%20Programa%20Gore%20Ays%C3%A9n%20y%20Corfo&#038;url=https:\/\/radiorevelacionfm.cl\/?p=13415' aria-hidden='false' data-av_icon='\ue8fc' data-av_iconfont='entypo-fontello' title='' data-avia-related-tooltip='Compartir en LinkedIn' rel=\"noopener\"><span class='avia_hidden_link_text'>Compartir en LinkedIn<\/span><\/a><\/li><li class='av-share-link av-social-link-mail' ><a  aria-label=\"Compartir por correo\" href='mailto:?subject=M%C3%A1s%20de%20230%20empresas%20regionales%20de%20sectores%20estrat%C3%A9gicos%20han%20sido%20apoyadas%20por%20el%20Programa%20Gore%20Ays%C3%A9n%20y%20Corfo&#038;body=https:\/\/radiorevelacionfm.cl\/?p=13415' aria-hidden='false' data-av_icon='\ue805' data-av_iconfont='entypo-fontello' title='' data-avia-related-tooltip='Compartir por correo'><span class='avia_hidden_link_text'>Compartir por correo<\/span><\/a><\/li><\/ul><\/div><\/div>\n<div  style='height:50px' class='hr hr-invisible   avia-builder-el-8  el_after_av_social_share  el_before_av_comments_list '><span class='hr-inner ' ><span class='hr-inner-style'><\/span><\/span><\/div>\n<div  class='av-buildercomment  av-blog-meta-html-info-disabled av-blog-meta-tag-disabled  '><\/div>\n","protected":false},"excerpt":{"rendered":"","protected":false},"author":1,"featured_media":13416,"comment_status":"open","ping_status":"open","sticky":false,"template":"","format":"standard","meta":{"footnotes":""},"categories":[38],"tags":[],"class_list":["post-13415","post","type-post","status-publish","format-standard","has-post-thumbnail","hentry","category-regional"],"jetpack_featured_media_url":"https:\/\/radiorevelacionfm.cl\/wp-content\/uploads\/2022\/02\/emprendimientos-1_optimized.jpg","_links":{"self":[{"href":"https:\/\/radiorevelacionfm.cl\/index.php?rest_route=\/wp\/v2\/posts\/13415","targetHints":{"allow":["GET"]}}],"collection":[{"href":"https:\/\/radiorevelacionfm.cl\/index.php?rest_route=\/wp\/v2\/posts"}],"about":[{"href":"https:\/\/radiorevelacionfm.cl\/index.php?rest_route=\/wp\/v2\/types\/post"}],"author":[{"embeddable":true,"href":"https:\/\/radiorevelacionfm.cl\/index.php?rest_route=\/wp\/v2\/users\/1"}],"replies":[{"embeddable":true,"href":"https:\/\/radiorevelacionfm.cl\/index.php?rest_route=%2Fwp%2Fv2%2Fcomments&post=13415"}],"version-history":[{"count":2,"href":"https:\/\/radiorevelacionfm.cl\/index.php?rest_route=\/wp\/v2\/posts\/13415\/revisions"}],"predecessor-version":[{"id":13423,"href":"https:\/\/radiorevelacionfm.cl\/index.php?rest_route=\/wp\/v2\/posts\/13415\/revisions\/13423"}],"wp:featuredmedia":[{"embeddable":true,"href":"https:\/\/radiorevelacionfm.cl\/index.php?rest_route=\/wp\/v2\/media\/13416"}],"wp:attachment":[{"href":"https:\/\/radiorevelacionfm.cl\/index.php?rest_route=%2Fwp%2Fv2%2Fmedia&parent=13415"}],"wp:term":[{"taxonomy":"category","embeddable":true,"href":"https:\/\/radiorevelacionfm.cl\/index.php?rest_route=%2Fwp%2Fv2%2Fcategories&post=13415"},{"taxonomy":"post_tag","embeddable":true,"href":"https:\/\/radiorevelacionfm.cl\/index.php?rest_route=%2Fwp%2Fv2%2Ftags&post=13415"}],"curies":[{"name":"wp","href":"https:\/\/api.w.org\/{rel}","templated":true}]}}