{"id":13412,"date":"2022-02-01T19:32:41","date_gmt":"2022-02-01T22:32:41","guid":{"rendered":"https:\/\/radiorevelacionfm.cl\/?p=13412"},"modified":"2022-02-01T19:32:41","modified_gmt":"2022-02-01T22:32:41","slug":"con-jornada-de-cine-este-jueves-comienza-la-programacion-de-dem-aysen-te-acompana-en-tus-vacaciones","status":"publish","type":"post","link":"https:\/\/radiorevelacionfm.cl\/?p=13412","title":{"rendered":"Con jornada de Cine este jueves comienza la programaci\u00f3n de \u201cDEM Ays\u00e9n te acompa\u00f1a en tus vacaciones\u201d"},"content":{"rendered":"<div class=\"flex_column av_one_full  flex_column_div av-zero-column-padding first  avia-builder-el-0  el_before_av_one_full  avia-builder-el-first  \" style='border-radius:0px; '><div  class='avia-image-container  av-styling-    avia-builder-el-1  avia-builder-el-no-sibling  avia-align-center '  itemprop=\"image\" itemscope=\"itemscope\" itemtype=\"https:\/\/schema.org\/ImageObject\"  ><div class='avia-image-container-inner'><div class='avia-image-overlay-wrap'><img decoding=\"async\" class='wp-image-13413 avia-img-lazy-loading-not-13413 avia_image' src=\"https:\/\/radiorevelacionfm.cl\/wp-content\/uploads\/2022\/02\/img-20220201-encanto-1_optimized.jpg\" alt='' title='img-20220201-encanto-(1)_optimized' height=\"600\" width=\"1067\"  itemprop=\"thumbnailUrl\" srcset=\"https:\/\/radiorevelacionfm.cl\/wp-content\/uploads\/2022\/02\/img-20220201-encanto-1_optimized.jpg 1067w, https:\/\/radiorevelacionfm.cl\/wp-content\/uploads\/2022\/02\/img-20220201-encanto-1_optimized-300x169.jpg 300w, https:\/\/radiorevelacionfm.cl\/wp-content\/uploads\/2022\/02\/img-20220201-encanto-1_optimized-1030x579.jpg 1030w, https:\/\/radiorevelacionfm.cl\/wp-content\/uploads\/2022\/02\/img-20220201-encanto-1_optimized-768x432.jpg 768w, https:\/\/radiorevelacionfm.cl\/wp-content\/uploads\/2022\/02\/img-20220201-encanto-1_optimized-705x396.jpg 705w, https:\/\/radiorevelacionfm.cl\/wp-content\/uploads\/2022\/02\/img-20220201-encanto-1_optimized-600x337.jpg 600w\" sizes=\"(max-width: 1067px) 100vw, 1067px\" \/><\/div><\/div><\/div><\/div><div class=\"flex_column av_one_full  flex_column_div av-zero-column-padding first  avia-builder-el-2  el_after_av_one_full  el_before_av_one_full  column-top-margin\" style='border-radius:0px; '><section class=\"av_textblock_section \"  itemscope=\"itemscope\" itemtype=\"https:\/\/schema.org\/BlogPosting\" itemprop=\"blogPost\" ><div class='avia_textblock  '   itemprop=\"text\" ><p style=\"text-align: center;\"><span style=\"font-size: 18pt;\"><strong>Con jornada de Cine este jueves comienza la programaci\u00f3n de \u201cDEM Ays\u00e9n te acompa\u00f1a en tus vacaciones\u201d<\/strong><\/span><\/p>\n<div id=\"gtx-trans\" style=\"position: absolute; left: -50px; top: 4.31534px;\">\n<div class=\"gtx-trans-icon\"><\/div>\n<\/div>\n<\/div><\/section><\/div><div class=\"flex_column av_one_full  flex_column_div av-zero-column-padding first  avia-builder-el-4  el_after_av_one_full  el_before_av_hr  column-top-margin\" style='border-radius:0px; '><section class=\"av_textblock_section \"  itemscope=\"itemscope\" itemtype=\"https:\/\/schema.org\/BlogPosting\" itemprop=\"blogPost\" ><div class='avia_textblock  '   itemprop=\"text\" ><p style=\"text-align: justify;\">Entretener a los m\u00e1s peque\u00f1os y peque\u00f1as de Puerto Ays\u00e9n con una tarde de pel\u00edcula es el objetivo de la iniciativa que se desarrollar\u00e1 este jueves 3 de febrero y que tendr\u00e1 lugar en la escuela Gabriela Mistral, en el sector del mismo nombre en la capital comunal.<\/p>\n<p style=\"text-align: justify;\">La instancia, enmarcada en el ciclo de actividades denominado \u201cDEM Ays\u00e9n acompa\u00f1a tus tardes de verano\u201d pretende entregar diversas alternativas durante todo el mes de febrero, especialmente, a aquellos ni\u00f1os y j\u00f3venes que por diversos motivos no pudieron salir de vacaciones. Es as\u00ed que la pel\u00edcula de Disney \u201cEncanto\u201d ser\u00e1 transmitida de forma gratuita en esta funci\u00f3n que iniciar\u00e1 a las 15.00 horas, previa inscripci\u00f3n.<\/p>\n<p style=\"text-align: justify;\">\u201cCumpliendo las medidas exigidas por el ministerio de Salud, y porque sabeos que los momentos de esparcimiento, siempre cuid\u00e1ndonos entre todos es lo m\u00e1s importante, el aforo de participantes en esta funci\u00f3n ser\u00e1 de 25 ni\u00f1as y ni\u00f1os. Por eso es importante que la gente se inscriba a trav\u00e9s de los canales dispuestos para ello, disponibles en las redes sociales de la Direcci\u00f3n de Educaci\u00f3n Municipal, as\u00ed como del programa Habilidades para la Vida de Ays\u00e9n\u201d, manifest\u00f3 el trabajador social de DEM local, Ariel Bahamonde.<\/p>\n<p style=\"text-align: justify;\">Asimismo, \u201cpor instrucci\u00f3n de nuestra directora DEM, la idea es que estas actividades logren alcanzar toda la comuna. Es por ello que esta pel\u00edcula ser\u00e1 estrenada, adem\u00e1s, en la escuela Almirante Simpson, en Puerto Chacabuco el d\u00eda jueves 17 de febrero a las 15.00 horas. Reiteramos la invitaci\u00f3n, habr\u00e1 palomitas, sorpresas y mucho cari\u00f1o, como en cada actividad que organizamos y ejecutamos\u201d, agreg\u00f3 Bahamonde Pe\u00f1a.<\/p>\n<p style=\"text-align: justify;\">El link para quienes est\u00e9n interesados en esta primera funci\u00f3n en la escuela Gabriela Mistral es <a href=\"https:\/\/forms.gle\/2gvwif7WooJMVhkQ8\">https:\/\/forms.gle\/2gvwif7WooJMVhkQ8<\/a> para que, de forma f\u00e1cil, puedan registrarse completando los campos solicitados, y as\u00ed asegurar su cupo.<\/p>\n<p style=\"text-align: justify;\">Finalmente, el profesional del \u00e1rea social del DEM Ays\u00e9n, relev\u00f3 esta iniciativa, impulsada por la directora Tamara Villegas, a fin de activar los meses de enero y febrero en pos de el esparcimiento sano de aquellos que integran las comunidades educativas municipalizadas en la comuna, y cuyo calendario de actividades se tomar\u00e1 todos los jueves de este mes, incorporando adem\u00e1s cocina saludable y una jornada de expresi\u00f3n corporal, zumba y teatro.<\/p>\n<\/div><\/section><\/div><div  style='height:50px' class='hr hr-invisible   avia-builder-el-6  el_after_av_one_full  el_before_av_social_share '><span class='hr-inner ' ><span class='hr-inner-style'><\/span><\/span><\/div><\/p>\n<div  class='av-social-sharing-box  avia-builder-el-7  el_after_av_hr  el_before_av_hr  '><div class='av-share-box'><h5 class='av-share-link-description av-no-toc '>Compartir esta noticia<\/h5><ul class='av-share-box-list noLightbox'><li class='av-share-link av-social-link-facebook' ><a target=\"_blank\" aria-label=\"Compartir en Facebook\" href='https:\/\/www.facebook.com\/sharer.php?u=https:\/\/radiorevelacionfm.cl\/?p=13412&#038;t=Con%20jornada%20de%20Cine%20este%20jueves%20comienza%20la%20programaci%C3%B3n%20de%20%E2%80%9CDEM%20Ays%C3%A9n%20te%20acompa%C3%B1a%20en%20tus%20vacaciones%E2%80%9D' aria-hidden='false' data-av_icon='\ue8f3' data-av_iconfont='entypo-fontello' title='' data-avia-related-tooltip='Compartir en Facebook' rel=\"noopener\"><span class='avia_hidden_link_text'>Compartir en Facebook<\/span><\/a><\/li><li class='av-share-link av-social-link-twitter' ><a target=\"_blank\" aria-label=\"Compartir en Twitter\" href='https:\/\/twitter.com\/share?text=Con%20jornada%20de%20Cine%20este%20jueves%20comienza%20la%20programaci%C3%B3n%20de%20%E2%80%9CDEM%20Ays%C3%A9n%20te%20acompa%C3%B1a%20en%20tus%20vacaciones%E2%80%9D&#038;url=https:\/\/radiorevelacionfm.cl\/?p=13412' aria-hidden='false' data-av_icon='\ue8f1' data-av_iconfont='entypo-fontello' title='' data-avia-related-tooltip='Compartir en Twitter' rel=\"noopener\"><span class='avia_hidden_link_text'>Compartir en Twitter<\/span><\/a><\/li><li class='av-share-link av-social-link-whatsapp' ><a target=\"_blank\" aria-label=\"Compartir en Whatsapp\" href='https:\/\/api.whatsapp.com\/send?text=https:\/\/radiorevelacionfm.cl\/?p=13412' aria-hidden='false' data-av_icon='\uf232' data-av_iconfont='entypo-fontello' title='' data-avia-related-tooltip='Compartir en Whatsapp' rel=\"noopener\"><span class='avia_hidden_link_text'>Compartir en Whatsapp<\/span><\/a><\/li><li class='av-share-link av-social-link-linkedin' ><a target=\"_blank\" aria-label=\"Compartir en LinkedIn\" href='https:\/\/linkedin.com\/shareArticle?mini=true&#038;title=Con%20jornada%20de%20Cine%20este%20jueves%20comienza%20la%20programaci%C3%B3n%20de%20%E2%80%9CDEM%20Ays%C3%A9n%20te%20acompa%C3%B1a%20en%20tus%20vacaciones%E2%80%9D&#038;url=https:\/\/radiorevelacionfm.cl\/?p=13412' aria-hidden='false' data-av_icon='\ue8fc' data-av_iconfont='entypo-fontello' title='' data-avia-related-tooltip='Compartir en LinkedIn' rel=\"noopener\"><span class='avia_hidden_link_text'>Compartir en LinkedIn<\/span><\/a><\/li><li class='av-share-link av-social-link-mail' ><a  aria-label=\"Compartir por correo\" href='mailto:?subject=Con%20jornada%20de%20Cine%20este%20jueves%20comienza%20la%20programaci%C3%B3n%20de%20%E2%80%9CDEM%20Ays%C3%A9n%20te%20acompa%C3%B1a%20en%20tus%20vacaciones%E2%80%9D&#038;body=https:\/\/radiorevelacionfm.cl\/?p=13412' aria-hidden='false' data-av_icon='\ue805' data-av_iconfont='entypo-fontello' title='' data-avia-related-tooltip='Compartir por correo'><span class='avia_hidden_link_text'>Compartir por correo<\/span><\/a><\/li><\/ul><\/div><\/div>\n<div  style='height:50px' class='hr hr-invisible   avia-builder-el-8  el_after_av_social_share  el_before_av_comments_list '><span class='hr-inner ' ><span class='hr-inner-style'><\/span><\/span><\/div>\n<div  class='av-buildercomment  av-blog-meta-html-info-disabled av-blog-meta-tag-disabled  '><\/div>\n","protected":false},"excerpt":{"rendered":"","protected":false},"author":1,"featured_media":13413,"comment_status":"open","ping_status":"open","sticky":false,"template":"","format":"standard","meta":{"footnotes":""},"categories":[38],"tags":[],"class_list":["post-13412","post","type-post","status-publish","format-standard","has-post-thumbnail","hentry","category-regional"],"jetpack_featured_media_url":"https:\/\/radiorevelacionfm.cl\/wp-content\/uploads\/2022\/02\/img-20220201-encanto-1_optimized.jpg","_links":{"self":[{"href":"https:\/\/radiorevelacionfm.cl\/index.php?rest_route=\/wp\/v2\/posts\/13412","targetHints":{"allow":["GET"]}}],"collection":[{"href":"https:\/\/radiorevelacionfm.cl\/index.php?rest_route=\/wp\/v2\/posts"}],"about":[{"href":"https:\/\/radiorevelacionfm.cl\/index.php?rest_route=\/wp\/v2\/types\/post"}],"author":[{"embeddable":true,"href":"https:\/\/radiorevelacionfm.cl\/index.php?rest_route=\/wp\/v2\/users\/1"}],"replies":[{"embeddable":true,"href":"https:\/\/radiorevelacionfm.cl\/index.php?rest_route=%2Fwp%2Fv2%2Fcomments&post=13412"}],"version-history":[{"count":2,"href":"https:\/\/radiorevelacionfm.cl\/index.php?rest_route=\/wp\/v2\/posts\/13412\/revisions"}],"predecessor-version":[{"id":13422,"href":"https:\/\/radiorevelacionfm.cl\/index.php?rest_route=\/wp\/v2\/posts\/13412\/revisions\/13422"}],"wp:featuredmedia":[{"embeddable":true,"href":"https:\/\/radiorevelacionfm.cl\/index.php?rest_route=\/wp\/v2\/media\/13413"}],"wp:attachment":[{"href":"https:\/\/radiorevelacionfm.cl\/index.php?rest_route=%2Fwp%2Fv2%2Fmedia&parent=13412"}],"wp:term":[{"taxonomy":"category","embeddable":true,"href":"https:\/\/radiorevelacionfm.cl\/index.php?rest_route=%2Fwp%2Fv2%2Fcategories&post=13412"},{"taxonomy":"post_tag","embeddable":true,"href":"https:\/\/radiorevelacionfm.cl\/index.php?rest_route=%2Fwp%2Fv2%2Ftags&post=13412"}],"curies":[{"name":"wp","href":"https:\/\/api.w.org\/{rel}","templated":true}]}}