{"id":13408,"date":"2022-02-01T15:52:36","date_gmt":"2022-02-01T18:52:36","guid":{"rendered":"https:\/\/radiorevelacionfm.cl\/?p=13408"},"modified":"2022-02-01T15:52:36","modified_gmt":"2022-02-01T18:52:36","slug":"fondos-cultura-2022-asignan-340-millones-de-pesos-a-28-iniciativas-regionales","status":"publish","type":"post","link":"https:\/\/radiorevelacionfm.cl\/?p=13408","title":{"rendered":"Fondos Cultura 2022 asignan 340 millones de pesos a 28 iniciativas regionales"},"content":{"rendered":"<div class=\"flex_column av_one_full  flex_column_div av-zero-column-padding first  avia-builder-el-0  el_before_av_one_full  avia-builder-el-first  \" style='border-radius:0px; '><div  class='avia-image-container  av-styling-    avia-builder-el-1  avia-builder-el-no-sibling  avia-align-center '  itemprop=\"image\" itemscope=\"itemscope\" itemtype=\"https:\/\/schema.org\/ImageObject\"  ><div class='avia-image-container-inner'><div class='avia-image-overlay-wrap'><img decoding=\"async\" class='wp-image-13409 avia-img-lazy-loading-not-13409 avia_image' src=\"https:\/\/radiorevelacionfm.cl\/wp-content\/uploads\/2022\/02\/feria-01-1-1.jpg\" alt='' title='feria 01 (1) (1)' height=\"600\" width=\"899\"  itemprop=\"thumbnailUrl\" srcset=\"https:\/\/radiorevelacionfm.cl\/wp-content\/uploads\/2022\/02\/feria-01-1-1.jpg 899w, https:\/\/radiorevelacionfm.cl\/wp-content\/uploads\/2022\/02\/feria-01-1-1-300x200.jpg 300w, https:\/\/radiorevelacionfm.cl\/wp-content\/uploads\/2022\/02\/feria-01-1-1-768x513.jpg 768w, https:\/\/radiorevelacionfm.cl\/wp-content\/uploads\/2022\/02\/feria-01-1-1-705x471.jpg 705w, https:\/\/radiorevelacionfm.cl\/wp-content\/uploads\/2022\/02\/feria-01-1-1-600x400.jpg 600w\" sizes=\"(max-width: 899px) 100vw, 899px\" \/><\/div><\/div><\/div><\/div><div class=\"flex_column av_one_full  flex_column_div av-zero-column-padding first  avia-builder-el-2  el_after_av_one_full  el_before_av_one_full  column-top-margin\" style='border-radius:0px; '><section class=\"av_textblock_section \"  itemscope=\"itemscope\" itemtype=\"https:\/\/schema.org\/BlogPosting\" itemprop=\"blogPost\" ><div class='avia_textblock  '   itemprop=\"text\" ><p style=\"text-align: center;\"><span style=\"font-size: 18pt;\"><strong>Fondos Cultura 2022 asignan 340 millones de pesos a 28 iniciativas regionales<\/strong><\/span><\/p>\n<div id=\"gtx-trans\" style=\"position: absolute; left: -50px; top: 4.31534px;\">\n<div class=\"gtx-trans-icon\"><\/div>\n<\/div>\n<\/div><\/section><\/div><div class=\"flex_column av_one_full  flex_column_div av-zero-column-padding first  avia-builder-el-4  el_after_av_one_full  el_before_av_hr  column-top-margin\" style='border-radius:0px; '><section class=\"av_textblock_section \"  itemscope=\"itemscope\" itemtype=\"https:\/\/schema.org\/BlogPosting\" itemprop=\"blogPost\" ><div class='avia_textblock  '   itemprop=\"text\" ><p style=\"text-align: justify;\">Un total de 28 proyectos se financiaron con Fondos Cultura 2022- Fondart regional, esto permitir\u00e1 que se ejecuten actividades art\u00edsticas, culturales y patrimoniales por cerca de 340 millones de pesos en seis comunas de la regi\u00f3n. Mientras que a nivel nacional fueron 2.522 proyectos culturales y art\u00edsticos se adjudicaron cerca de $27 mil millones gracias a la entrega de los Fondos Cultura 2022 del Ministerio de las Culturas, las Artes y el Patrimonio. La presente versi\u00f3n, que conmemora 30 a\u00f1os de la convocatoria, contempl\u00f3 un total de 55 l\u00edneas -incluidas las Beca Chile Crea- en sus cinco diferentes fondos.<\/p>\n<p style=\"text-align: justify;\">La seremi de las Culturas, Ver\u00f3nica D\u00edaz, se refiri\u00f3 a estos resultados indicando que \u201ctal cual como se\u00f1al\u00f3 la ministra de las Culturas, las Artes y el Patrimonio, Consuelo Vald\u00e9s, estos recursos nos ayudan a seguir avanzando y consolidando en una de las principales metas que nos planteamos a lo largo de esta gesti\u00f3n y para el \u00faltimo a\u00f1o: la reducci\u00f3n de las brechas de g\u00e9nero, la descentralizaci\u00f3n y la recuperaci\u00f3n del sector cultural\u201d.<\/p>\n<p style=\"text-align: justify;\">La entrega de estos resultados, adem\u00e1s, permite hacer un balance del ciclo presupuestario 2019-2022, llevado adelante por la actual administraci\u00f3n. Si se consideran las cuatro \u00faltimas convocatorias de Fondos Cultura (2019, 2020, 2021 y 2022), se han asignado m\u00e1s de $115 mil millones a 10.700 proyectos culturales, lo que representa un crecimiento de los recursos en t\u00e9rminos reales de un 16,5% respecto al per\u00edodo 2015-2018. En tanto, si se compara con el ciclo presupuestario 2011-2014, los recursos han aumentado en un 67,2%.<\/p>\n<p style=\"text-align: justify;\"><strong><u>FONDOS CULTURA 2022: PRINCIPALES RESULTADOS Y EJES<\/u><\/strong><\/p>\n<p style=\"text-align: justify;\">Uno de los principales objetivos que se plantearon con la convocatoria 2022 fue continuar con los esfuerzos para la <u>reactivaci\u00f3n y la recuperaci\u00f3n laboral del sector cultural<\/u>. Los resultados de Fondos Cultura 2022 muestran que los recursos de esta versi\u00f3n llegar\u00e1n a m\u00e1s de 8.400 trabajadores y trabajadoras culturales, entregando mediante contratos laborales m\u00e1s de $14.500 millones, equivalentes al 53,8% del total de recursos asignados en esta versi\u00f3n. Este apoyo se viene a sumar a los m\u00e1s de $19.200 millones entregados en Fondos Cultura 2021 bajo el concepto de contratos laborales.<\/p>\n<p style=\"text-align: justify;\">En t\u00e9rminos de <u>descentralizaci\u00f3n<\/u>, la convocatoria 2022 apoyar\u00e1 a 1.544 proyectos que tienen su origen en regiones distintas a la Metropolitana, lo que significa el 61,2% del total de los seleccionados. A estas iniciativas se les asign\u00f3 un total de $14.953 millones, equivalente al 55,6% del total de recursos. Los resultados vienen confirmar la evoluci\u00f3n sostenida en esta materia, ya que en 2018 esta cifra alcanzaba el 50,6%, en 2019 el 51,6%, en 2020 el 51,4% y en 2021 el 51,2%. En cuanto a la cobertura, cabe mencionar que este 2022 se implementar\u00e1n iniciativas en las 16 regiones y 346 comunas de Chile.<\/p>\n<p style=\"text-align: justify;\">En cuanto a la <u>reducci\u00f3n de las brechas de g\u00e9nero en Fondos Cultura 2022<\/u>, un total de 1.032 de los proyectos seleccionados tiene como responsable a una mujer, lo que equivale al 54,2% del universo de iniciativas presentadas por personas naturales. La comparaci\u00f3n con a\u00f1os anteriores tambi\u00e9n muestra una constante evoluci\u00f3n en este \u00e1mbito, dado que en 2018 las mujeres representantes de proyecto alcanzaban el 47,7%, en 2019 el 47%, en 2020 el 46,1%, y en 2021 el 50,3%. Los resultados 2022 muestran adem\u00e1s que en los equipos de trabajo las mujeres representan el 50,8% del total de integrantes de los proyectos seleccionados. Un avance concreto respecto al 40,8%, del 2018, al 42,6% del 2019, al 41,8% del 2020, y al 48,9% del 2021.<\/p>\n<p><strong><u>Resultados por fondo- Regi\u00f3n de Ays\u00e9n<\/u><\/strong><\/p>\n<p><strong><u>Regionales <\/u><\/strong><\/p>\n<table width=\"491\">\n<tbody>\n<tr>\n<td width=\"80\">L\u00cdNEA<\/td>\n<td width=\"80\">MODALIDAD<\/td>\n<td width=\"151\">T\u00cdTULO DEL PROYECTO<\/td>\n<td width=\"109\">RESPONSABLE DEL PROYECTO<\/td>\n<td width=\"71\">MONTO ASIGNADO<\/td>\n<\/tr>\n<tr>\n<td width=\"80\">Actividades Formativas<\/td>\n<td width=\"80\">\u00danica<\/td>\n<td width=\"151\">Mapa sonoro de la monta\u00f1a<\/td>\n<td width=\"109\">Mar\u00eda Fernanda Huarac\u00e1n Cea<\/td>\n<td width=\"71\">14.085.936<\/td>\n<\/tr>\n<tr>\n<td width=\"80\">Actividades Formativas<\/td>\n<td width=\"80\">\u00danica<\/td>\n<td width=\"151\">Villa La Tapera a trav\u00e9s de los ni\u00f1os. C\u00e1psulas radiales con ni\u00f1os\/as de la escuela b\u00e1sica de Tapera<\/td>\n<td width=\"109\">Sandro Gabriel Cisternas Figueroa<\/td>\n<td width=\"71\">5.947.802<\/td>\n<\/tr>\n<tr>\n<td width=\"80\">Actividades Formativas<\/td>\n<td width=\"80\">\u00danica<\/td>\n<td width=\"151\">Talleres de creaci\u00f3n art\u00edstica para personas en situaci\u00f3n de discapacidad<\/td>\n<td width=\"109\">Sebastian Murillo Toro<\/td>\n<td width=\"71\">8.570.994<\/td>\n<\/tr>\n<tr>\n<td width=\"80\">Creaci\u00f3n Art\u00edstica<\/td>\n<td width=\"80\">\u00danica &#8211; Artes Visuales<\/td>\n<td width=\"151\">Permanencia &#8211; Narrativas gr\u00e1ficas de mujeres australes<\/td>\n<td width=\"109\">Constanza Alejandra Gonz\u00e1lez Born<\/td>\n<td width=\"71\">8.165.010<\/td>\n<\/tr>\n<tr>\n<td width=\"80\">Creaci\u00f3n Art\u00edstica<\/td>\n<td width=\"80\">\u00danica &#8211; Dise\u00f1o<\/td>\n<td width=\"151\">Memoria Textil y Emotiva de las aguas del r\u00edo Cochrane<\/td>\n<td width=\"109\">Mar\u00eda Cecilia Moura Roldan<\/td>\n<td width=\"71\">17.902.381<\/td>\n<\/tr>\n<tr>\n<td width=\"80\">Creaci\u00f3n Art\u00edstica<\/td>\n<td width=\"80\">\u00danica &#8211; Artes Visuales<\/td>\n<td width=\"151\">Australis Orbis Ignota<\/td>\n<td width=\"109\">Carlos Damacio G\u00f3mez Maldonado<\/td>\n<td width=\"71\">9.832.098<\/td>\n<\/tr>\n<tr>\n<td width=\"80\">Actividades Formativas<\/td>\n<td width=\"80\">\u00danica<\/td>\n<td width=\"151\">Taller Integral de Resonancia por La Junta<\/td>\n<td width=\"109\">H\u00e9ctor Parada Hern\u00e1ndez<\/td>\n<td width=\"71\">14.934.344<\/td>\n<\/tr>\n<tr>\n<td width=\"80\">Creaci\u00f3n Art\u00edstica<\/td>\n<td width=\"80\">\u00danica &#8211; Nuevos Medios<\/td>\n<td width=\"151\">Partituras del bosque, collage digital sonoro de Ays\u00e9n<\/td>\n<td width=\"109\">Alexandra Javiera Saravia Rojas<\/td>\n<td width=\"71\">8.630.239<\/td>\n<\/tr>\n<tr>\n<td width=\"80\">Creaci\u00f3n Art\u00edstica<\/td>\n<td width=\"80\">\u00danica &#8211; Arquitectura<\/td>\n<td width=\"151\">Estaciones Patrimoniales en Ra\u00fal Mar\u00edn Balmaceda &#8211; Segunda Etapa<\/td>\n<td width=\"109\">Mujer austral<\/td>\n<td width=\"71\">17.040.966<\/td>\n<\/tr>\n<tr>\n<td width=\"80\">Creaci\u00f3n Art\u00edstica<\/td>\n<td width=\"80\">\u00danica &#8211; Nuevos Medios<\/td>\n<td width=\"151\">Video mapping al rescate del patrimonio vernacular de la regi\u00f3n de Ays\u00e9n<\/td>\n<td width=\"109\">Corporaci\u00f3n Cultural Memoria Austral<\/td>\n<td width=\"71\">17.798.391<\/td>\n<\/tr>\n<tr>\n<td width=\"80\">Culturas Regionales<\/td>\n<td width=\"80\">Fomento del Turismo Cultural en la Regi\u00f3n de Ays\u00e9n<\/td>\n<td width=\"151\">III Temporada #PuertoIb\u00e1\u00f1ezCultural: Levic\u00e1n, La Pedregosa, Bajada Ib\u00e1\u00f1ez y Puerto Ib\u00e1\u00f1ez Hist\u00f3rico.<\/td>\n<td width=\"109\">Jorge\u00a0 Isaac Contreras Mu\u00f1oz<\/td>\n<td width=\"71\">6.354.379<\/td>\n<\/tr>\n<tr>\n<td width=\"80\">Difusi\u00f3n<\/td>\n<td width=\"80\">\u00danica<\/td>\n<td width=\"151\">Podcast: Atlas Textil. II Temporada<\/td>\n<td width=\"109\">Catalina Camus Campod\u00f3nico<\/td>\n<td width=\"71\">6.117.671<\/td>\n<\/tr>\n<tr>\n<td width=\"80\">Creaci\u00f3n Art\u00edstica<\/td>\n<td width=\"80\">\u00danica &#8211; Artes Visuales<\/td>\n<td width=\"151\">Residencia art\u00edstica Memoria de Cristal II<\/td>\n<td width=\"109\">Corporaci\u00f3n Cultural Memoria Austral<\/td>\n<td width=\"71\">18.000.000<\/td>\n<\/tr>\n<tr>\n<td width=\"80\">Difusi\u00f3n<\/td>\n<td width=\"80\">\u00danica<\/td>\n<td width=\"151\">Ruta de Turismo Cultural Iglesias de Ays\u00e9n: Visibilizaci\u00f3n de un legado del Padre Antonio Ronchi a trav\u00e9s de la creaci\u00f3n de multiplataformas digitales<\/td>\n<td width=\"109\">Red Turismo Chile SpA<\/td>\n<td width=\"71\">14.758.626<\/td>\n<\/tr>\n<tr>\n<td width=\"80\">Creaci\u00f3n Art\u00edstica<\/td>\n<td width=\"80\">\u00danica &#8211; Fotograf\u00ed<\/td>\n<td width=\"151\">\u00abCamino a mis Ancestros\u00bb<\/td>\n<td width=\"109\">Carolina Andrea Gonz\u00e1lez ag\u00fcero<\/td>\n<td width=\"71\">6.835.499<\/td>\n<\/tr>\n<tr>\n<td width=\"80\">Creaci\u00f3n en Artesan\u00eda<\/td>\n<td width=\"80\">\u00danica<\/td>\n<td width=\"151\">Etapa II: r\u00e9plicas de artefactos y utensilios rurales, utilizados en el siglo XX en el territorio de Ays\u00e9n<\/td>\n<td width=\"109\">Abel Hugo Pimentel Guerrico<\/td>\n<td width=\"71\">9.881.640<\/td>\n<\/tr>\n<tr>\n<td width=\"80\">Creaci\u00f3n en Artesan\u00eda<\/td>\n<td width=\"80\">\u00danica<\/td>\n<td width=\"151\">Utilitaria<\/td>\n<td width=\"109\">Rodrigo Andres Lizama Hernandez<\/td>\n<td width=\"71\">7.546.504<\/td>\n<\/tr>\n<tr>\n<td width=\"80\">Culturas Regionales<\/td>\n<td width=\"80\">Fomento del Turismo Cultural en la Regi\u00f3n de Ays\u00e9n<\/td>\n<td width=\"151\">Taller de turismo cultural regional<\/td>\n<td width=\"109\">Royerliz Virginia Garcia Garaban<\/td>\n<td width=\"71\">6.995.003<\/td>\n<\/tr>\n<tr>\n<td width=\"80\">Culturas Migrantes<\/td>\n<td width=\"80\">\u00danica<\/td>\n<td width=\"151\">Encuentro art\u00edstico y cultural ra\u00edces migrantes<\/td>\n<td width=\"109\">Ilustre Municipalidad de Coyhaique<\/td>\n<td width=\"71\">6.524.500<\/td>\n<\/tr>\n<tr>\n<td width=\"80\">Creaci\u00f3n Art\u00edstica<\/td>\n<td width=\"80\">\u00danica &#8211; Artes Visuales<\/td>\n<td width=\"151\">Miradas de Pandemia, Historias migrantes en Patagonia<\/td>\n<td width=\"109\">Atilio Ramiro Bahamonde Montiel<\/td>\n<td width=\"71\">6.378.320<\/td>\n<\/tr>\n<tr>\n<td width=\"80\">Culturas Regionales<\/td>\n<td width=\"80\">Fomento del Turismo Cultural en la Regi\u00f3n de Ays\u00e9n<\/td>\n<td width=\"151\">Conociendo el patrimonio geopaleontol\u00f3gico de cerro rosado: el desaf\u00edo de un turismo sustentable<\/td>\n<td width=\"109\">Rolando\u00a0 Alberto Schmidt Zu\u00f1iga<\/td>\n<td width=\"71\">6.950.000<\/td>\n<\/tr>\n<tr>\n<td width=\"80\">Actividades Formativas<\/td>\n<td width=\"80\">\u00danica<\/td>\n<td width=\"151\">Laboratorios Creativos de Oficios textiles: entre el r\u00edo Claro y el r\u00edo Cisnes<\/td>\n<td width=\"109\">Macarena Francisca D\u00edaz Von Der Hundt<\/td>\n<td width=\"71\">14.732.164<\/td>\n<\/tr>\n<tr>\n<td width=\"80\">Difusi\u00f3n<\/td>\n<td width=\"80\">\u00danica<\/td>\n<td width=\"151\">Ventanal Ays\u00e9n<\/td>\n<td width=\"109\">Karina Edith Garrido Quezada<\/td>\n<td width=\"71\">13.899.800<\/td>\n<\/tr>\n<tr>\n<td width=\"80\">Creaci\u00f3n Art\u00edstica<\/td>\n<td width=\"80\">\u00danica &#8211; Nuevos Medios<\/td>\n<td width=\"151\">Creaci\u00f3n y Producci\u00f3n Exploraci\u00f3n 21: BASURUSAURIO<\/td>\n<td width=\"109\">Magdalena Beatriz Moscoso Avalos<\/td>\n<td width=\"71\">7.589.185<\/td>\n<\/tr>\n<tr>\n<td width=\"80\">Culturas Regionales<\/td>\n<td width=\"80\">Fomento del Turismo Cultural en la Regi\u00f3n de Ays\u00e9n<\/td>\n<td width=\"151\">Rutas de ecoturismo marino en el Piti Palena A\u00f1ihue<\/td>\n<td width=\"109\">Mar\u00eda Jes\u00fas Montti Solis<\/td>\n<td width=\"71\">6.999.998<\/td>\n<\/tr>\n<tr>\n<td width=\"80\">Difusi\u00f3n<\/td>\n<td width=\"80\">\u00danica<\/td>\n<td width=\"151\">Plan de Difusi\u00f3n y Promoci\u00f3n Digital del proyecto \u00abLA RUTA DEL ACORDE\u00d3N\u00bb<\/td>\n<td width=\"109\">Alberto Mat\u00edas Gajardo Araneda<\/td>\n<td width=\"71\">14.930.400<\/td>\n<\/tr>\n<tr>\n<td width=\"80\">Actividades Formativas<\/td>\n<td width=\"80\">\u00danica<\/td>\n<td width=\"151\">Jornada de Oficios: Itinerando por el lago Chelenko.<\/td>\n<td width=\"109\">Corporaci\u00f3n Oficios Varios<\/td>\n<td width=\"71\">14.990.030<\/td>\n<\/tr>\n<tr>\n<td width=\"80\">Culturas Migrantes<\/td>\n<td width=\"80\">\u00danica<\/td>\n<td width=\"151\">Migr+artes Ays\u00e9n<\/td>\n<td width=\"109\">Naiara Cristina Schuck Schuck<\/td>\n<td width=\"71\">4.921.920<\/td>\n<\/tr>\n<\/tbody>\n<\/table>\n<\/div><\/section><\/div><div  style='height:50px' class='hr hr-invisible   avia-builder-el-6  el_after_av_one_full  el_before_av_social_share '><span class='hr-inner ' ><span class='hr-inner-style'><\/span><\/span><\/div><\/p>\n<div  class='av-social-sharing-box  avia-builder-el-7  el_after_av_hr  el_before_av_hr  '><div class='av-share-box'><h5 class='av-share-link-description av-no-toc '>Compartir esta noticia<\/h5><ul class='av-share-box-list noLightbox'><li class='av-share-link av-social-link-facebook' ><a target=\"_blank\" aria-label=\"Compartir en Facebook\" href='https:\/\/www.facebook.com\/sharer.php?u=https:\/\/radiorevelacionfm.cl\/?p=13408&#038;t=Fondos%20Cultura%202022%20asignan%20340%20millones%20de%20pesos%20a%2028%20iniciativas%20regionales' aria-hidden='false' data-av_icon='\ue8f3' data-av_iconfont='entypo-fontello' title='' data-avia-related-tooltip='Compartir en Facebook' rel=\"noopener\"><span class='avia_hidden_link_text'>Compartir en Facebook<\/span><\/a><\/li><li class='av-share-link av-social-link-twitter' ><a target=\"_blank\" aria-label=\"Compartir en Twitter\" href='https:\/\/twitter.com\/share?text=Fondos%20Cultura%202022%20asignan%20340%20millones%20de%20pesos%20a%2028%20iniciativas%20regionales&#038;url=https:\/\/radiorevelacionfm.cl\/?p=13408' aria-hidden='false' data-av_icon='\ue8f1' data-av_iconfont='entypo-fontello' title='' data-avia-related-tooltip='Compartir en Twitter' rel=\"noopener\"><span class='avia_hidden_link_text'>Compartir en Twitter<\/span><\/a><\/li><li class='av-share-link av-social-link-whatsapp' ><a target=\"_blank\" aria-label=\"Compartir en Whatsapp\" href='https:\/\/api.whatsapp.com\/send?text=https:\/\/radiorevelacionfm.cl\/?p=13408' aria-hidden='false' data-av_icon='\uf232' data-av_iconfont='entypo-fontello' title='' data-avia-related-tooltip='Compartir en Whatsapp' rel=\"noopener\"><span class='avia_hidden_link_text'>Compartir en Whatsapp<\/span><\/a><\/li><li class='av-share-link av-social-link-linkedin' ><a target=\"_blank\" aria-label=\"Compartir en LinkedIn\" href='https:\/\/linkedin.com\/shareArticle?mini=true&#038;title=Fondos%20Cultura%202022%20asignan%20340%20millones%20de%20pesos%20a%2028%20iniciativas%20regionales&#038;url=https:\/\/radiorevelacionfm.cl\/?p=13408' aria-hidden='false' data-av_icon='\ue8fc' data-av_iconfont='entypo-fontello' title='' data-avia-related-tooltip='Compartir en LinkedIn' rel=\"noopener\"><span class='avia_hidden_link_text'>Compartir en LinkedIn<\/span><\/a><\/li><li class='av-share-link av-social-link-mail' ><a  aria-label=\"Compartir por correo\" href='mailto:?subject=Fondos%20Cultura%202022%20asignan%20340%20millones%20de%20pesos%20a%2028%20iniciativas%20regionales&#038;body=https:\/\/radiorevelacionfm.cl\/?p=13408' aria-hidden='false' data-av_icon='\ue805' data-av_iconfont='entypo-fontello' title='' data-avia-related-tooltip='Compartir por correo'><span class='avia_hidden_link_text'>Compartir por correo<\/span><\/a><\/li><\/ul><\/div><\/div>\n<div  style='height:50px' class='hr hr-invisible   avia-builder-el-8  el_after_av_social_share  el_before_av_comments_list '><span class='hr-inner ' ><span class='hr-inner-style'><\/span><\/span><\/div>\n<div  class='av-buildercomment  av-blog-meta-html-info-disabled av-blog-meta-tag-disabled  '><\/div>\n","protected":false},"excerpt":{"rendered":"","protected":false},"author":1,"featured_media":13409,"comment_status":"open","ping_status":"open","sticky":false,"template":"","format":"standard","meta":{"footnotes":""},"categories":[52],"tags":[],"class_list":["post-13408","post","type-post","status-publish","format-standard","has-post-thumbnail","hentry","category-cultura"],"jetpack_featured_media_url":"https:\/\/radiorevelacionfm.cl\/wp-content\/uploads\/2022\/02\/feria-01-1-1.jpg","_links":{"self":[{"href":"https:\/\/radiorevelacionfm.cl\/index.php?rest_route=\/wp\/v2\/posts\/13408","targetHints":{"allow":["GET"]}}],"collection":[{"href":"https:\/\/radiorevelacionfm.cl\/index.php?rest_route=\/wp\/v2\/posts"}],"about":[{"href":"https:\/\/radiorevelacionfm.cl\/index.php?rest_route=\/wp\/v2\/types\/post"}],"author":[{"embeddable":true,"href":"https:\/\/radiorevelacionfm.cl\/index.php?rest_route=\/wp\/v2\/users\/1"}],"replies":[{"embeddable":true,"href":"https:\/\/radiorevelacionfm.cl\/index.php?rest_route=%2Fwp%2Fv2%2Fcomments&post=13408"}],"version-history":[{"count":2,"href":"https:\/\/radiorevelacionfm.cl\/index.php?rest_route=\/wp\/v2\/posts\/13408\/revisions"}],"predecessor-version":[{"id":13411,"href":"https:\/\/radiorevelacionfm.cl\/index.php?rest_route=\/wp\/v2\/posts\/13408\/revisions\/13411"}],"wp:featuredmedia":[{"embeddable":true,"href":"https:\/\/radiorevelacionfm.cl\/index.php?rest_route=\/wp\/v2\/media\/13409"}],"wp:attachment":[{"href":"https:\/\/radiorevelacionfm.cl\/index.php?rest_route=%2Fwp%2Fv2%2Fmedia&parent=13408"}],"wp:term":[{"taxonomy":"category","embeddable":true,"href":"https:\/\/radiorevelacionfm.cl\/index.php?rest_route=%2Fwp%2Fv2%2Fcategories&post=13408"},{"taxonomy":"post_tag","embeddable":true,"href":"https:\/\/radiorevelacionfm.cl\/index.php?rest_route=%2Fwp%2Fv2%2Ftags&post=13408"}],"curies":[{"name":"wp","href":"https:\/\/api.w.org\/{rel}","templated":true}]}}