{"id":13404,"date":"2022-02-01T15:00:24","date_gmt":"2022-02-01T18:00:24","guid":{"rendered":"https:\/\/radiorevelacionfm.cl\/?p=13404"},"modified":"2022-02-01T15:00:24","modified_gmt":"2022-02-01T18:00:24","slug":"gobierno-entrega-a-carabineros-4-vehiculos-policiales-para-mejorar-la-flota-a-nivel-regional","status":"publish","type":"post","link":"https:\/\/radiorevelacionfm.cl\/?p=13404","title":{"rendered":"Gobierno entrega a Carabineros 4 veh\u00edculos policiales para mejorar la flota a nivel regional"},"content":{"rendered":"<div class=\"flex_column av_one_full  flex_column_div av-zero-column-padding first  avia-builder-el-0  el_before_av_one_full  avia-builder-el-first  \" style='border-radius:0px; '><div  class='avia-image-container  av-styling-    avia-builder-el-1  avia-builder-el-no-sibling  avia-align-center '  itemprop=\"image\" itemscope=\"itemscope\" itemtype=\"https:\/\/schema.org\/ImageObject\"  ><div class='avia-image-container-inner'><div class='avia-image-overlay-wrap'><img decoding=\"async\" class='wp-image-13405 avia-img-lazy-loading-not-13405 avia_image' src=\"https:\/\/radiorevelacionfm.cl\/wp-content\/uploads\/2022\/02\/Entrega-Vehiculos-2022-02-01-1-1.jpeg\" alt='' title='Entrega Vehiculos 2022-02-01 (1) (1)' height=\"600\" width=\"1067\"  itemprop=\"thumbnailUrl\" srcset=\"https:\/\/radiorevelacionfm.cl\/wp-content\/uploads\/2022\/02\/Entrega-Vehiculos-2022-02-01-1-1.jpeg 1067w, https:\/\/radiorevelacionfm.cl\/wp-content\/uploads\/2022\/02\/Entrega-Vehiculos-2022-02-01-1-1-300x169.jpeg 300w, https:\/\/radiorevelacionfm.cl\/wp-content\/uploads\/2022\/02\/Entrega-Vehiculos-2022-02-01-1-1-1030x579.jpeg 1030w, https:\/\/radiorevelacionfm.cl\/wp-content\/uploads\/2022\/02\/Entrega-Vehiculos-2022-02-01-1-1-768x432.jpeg 768w, https:\/\/radiorevelacionfm.cl\/wp-content\/uploads\/2022\/02\/Entrega-Vehiculos-2022-02-01-1-1-705x396.jpeg 705w, https:\/\/radiorevelacionfm.cl\/wp-content\/uploads\/2022\/02\/Entrega-Vehiculos-2022-02-01-1-1-600x337.jpeg 600w\" sizes=\"(max-width: 1067px) 100vw, 1067px\" \/><\/div><\/div><\/div><\/div><div class=\"flex_column av_one_full  flex_column_div av-zero-column-padding first  avia-builder-el-2  el_after_av_one_full  el_before_av_one_full  column-top-margin\" style='border-radius:0px; '><section class=\"av_textblock_section \"  itemscope=\"itemscope\" itemtype=\"https:\/\/schema.org\/BlogPosting\" itemprop=\"blogPost\" ><div class='avia_textblock  '   itemprop=\"text\" ><p style=\"text-align: center;\"><strong><span style=\"font-size: 18pt;\">Gobierno entrega a Carabineros 4 veh\u00edculos policiales para mejorar la flota a nivel regional<\/span><\/strong><\/p>\n<div id=\"gtx-trans\" style=\"position: absolute; left: -50px; top: 4.31534px;\">\n<div class=\"gtx-trans-icon\"><\/div>\n<\/div>\n<\/div><\/section><\/div><div class=\"flex_column av_one_full  flex_column_div av-zero-column-padding first  avia-builder-el-4  el_after_av_one_full  el_before_av_hr  column-top-margin\" style='border-radius:0px; '><section class=\"av_textblock_section \"  itemscope=\"itemscope\" itemtype=\"https:\/\/schema.org\/BlogPosting\" itemprop=\"blogPost\" ><div class='avia_textblock  '   itemprop=\"text\" ><p style=\"text-align: justify;\">La ma\u00f1ana de este martes 1 de febrero, el Gobierno de Chile, a trav\u00e9s de la Subsecretaria de Prevenci\u00f3n del Delito, hizo entrega a Carabineros de Chile de 4 veh\u00edculos policiales \u2013 absolutamente nuevos \u2013 a fin de mejorar su flota regional y mejorar el combate de los delitos en las comunas de Ays\u00e9n, Cisnes y Coyhaique, adem\u00e1s de la localidad de R\u00edo Tranquilo.<\/p>\n<p style=\"text-align: justify;\">Tras la entrega, la Delegada Presidencial Regional de Ays\u00e9n, Margarita Ossa Rojas, valor\u00f3 la inversi\u00f3n de casi $100 millones se\u00f1alando que \u201cvolvemos a hacer entrega de veh\u00edculos para Carabineros de Chile, es una muy buena noticia para nuestra regi\u00f3n; el a\u00f1o pasado entregamos durante el a\u00f1o 9 veh\u00edculos y ahora estos otros 4 que van a distintas localidades y lo m\u00e1s importante es que hay localidades como R\u00edo Tranquilo que hoy ten\u00edan un veh\u00edculo que no era propio y ahora van a contar con un veh\u00edculo en un sector donde tenemos una cantidad de desplazamiento y era totalmente imperioso contar con ello\u201d, dijo.<\/p>\n<p style=\"text-align: justify;\">Acto seguido, la representante del Presidente de la Rep\u00fablica en la regi\u00f3n valor\u00f3 el trabajo de la instituci\u00f3n \u201cdurante la pandemia, donde Carabineros de Chile cumpli\u00f3 una labor elemental y muchas veces el que hubiese un veh\u00edculo menos fue perjudicial y por suerte ahora estamos subsanando aquello\u201d.<\/p>\n<p style=\"text-align: justify;\">Desde Carabineros de Chile, el comandante Jean Paul Aravena agradeci\u00f3 el aporte del Gobierno de Chile indicando que \u201cm\u00e1s que un aporte a Carabineros esto es un aporte a las comunidades de la regi\u00f3n, porque principalmente ayuda a mejorar los tiempos de respuesta en la capacidad de asistencia para personas que requieren una infinidad de situaciones\u201d.<\/p>\n<p style=\"text-align: justify;\">Sobre los veh\u00edculos en s\u00ed, Aravena recalc\u00f3 que \u201ctienen mayor versatilidad, permiten satisfacer necesidades m\u00faltiples como procedimientos sanitarios y otros por lo que, esto es un gran aporte para Carabineros y las comunidades\u201d.<\/p>\n<p style=\"text-align: justify;\">Por \u00faltimo, el comandante se\u00f1al\u00f3 que \u201ccon este aporte, nosotros vamos a poder estudiar la reasignaci\u00f3n de veh\u00edculos para sectores que tengan mayor demanda\u201d.<\/p>\n<\/div><\/section><\/div><div  style='height:50px' class='hr hr-invisible   avia-builder-el-6  el_after_av_one_full  el_before_av_social_share '><span class='hr-inner ' ><span class='hr-inner-style'><\/span><\/span><\/div><\/p>\n<div  class='av-social-sharing-box  avia-builder-el-7  el_after_av_hr  el_before_av_hr  '><div class='av-share-box'><h5 class='av-share-link-description av-no-toc '>Compartir esta noticia<\/h5><ul class='av-share-box-list noLightbox'><li class='av-share-link av-social-link-facebook' ><a target=\"_blank\" aria-label=\"Compartir en Facebook\" href='https:\/\/www.facebook.com\/sharer.php?u=https:\/\/radiorevelacionfm.cl\/?p=13404&#038;t=Gobierno%20entrega%20a%20Carabineros%204%20veh%C3%ADculos%20policiales%20para%20mejorar%20la%20flota%20a%20nivel%20regional' aria-hidden='false' data-av_icon='\ue8f3' data-av_iconfont='entypo-fontello' title='' data-avia-related-tooltip='Compartir en Facebook' rel=\"noopener\"><span class='avia_hidden_link_text'>Compartir en Facebook<\/span><\/a><\/li><li class='av-share-link av-social-link-twitter' ><a target=\"_blank\" aria-label=\"Compartir en Twitter\" href='https:\/\/twitter.com\/share?text=Gobierno%20entrega%20a%20Carabineros%204%20veh%C3%ADculos%20policiales%20para%20mejorar%20la%20flota%20a%20nivel%20regional&#038;url=https:\/\/radiorevelacionfm.cl\/?p=13404' aria-hidden='false' data-av_icon='\ue8f1' data-av_iconfont='entypo-fontello' title='' data-avia-related-tooltip='Compartir en Twitter' rel=\"noopener\"><span class='avia_hidden_link_text'>Compartir en Twitter<\/span><\/a><\/li><li class='av-share-link av-social-link-whatsapp' ><a target=\"_blank\" aria-label=\"Compartir en Whatsapp\" href='https:\/\/api.whatsapp.com\/send?text=https:\/\/radiorevelacionfm.cl\/?p=13404' aria-hidden='false' data-av_icon='\uf232' data-av_iconfont='entypo-fontello' title='' data-avia-related-tooltip='Compartir en Whatsapp' rel=\"noopener\"><span class='avia_hidden_link_text'>Compartir en Whatsapp<\/span><\/a><\/li><li class='av-share-link av-social-link-linkedin' ><a target=\"_blank\" aria-label=\"Compartir en LinkedIn\" href='https:\/\/linkedin.com\/shareArticle?mini=true&#038;title=Gobierno%20entrega%20a%20Carabineros%204%20veh%C3%ADculos%20policiales%20para%20mejorar%20la%20flota%20a%20nivel%20regional&#038;url=https:\/\/radiorevelacionfm.cl\/?p=13404' aria-hidden='false' data-av_icon='\ue8fc' data-av_iconfont='entypo-fontello' title='' data-avia-related-tooltip='Compartir en LinkedIn' rel=\"noopener\"><span class='avia_hidden_link_text'>Compartir en LinkedIn<\/span><\/a><\/li><li class='av-share-link av-social-link-mail' ><a  aria-label=\"Compartir por correo\" href='mailto:?subject=Gobierno%20entrega%20a%20Carabineros%204%20veh%C3%ADculos%20policiales%20para%20mejorar%20la%20flota%20a%20nivel%20regional&#038;body=https:\/\/radiorevelacionfm.cl\/?p=13404' aria-hidden='false' data-av_icon='\ue805' data-av_iconfont='entypo-fontello' title='' data-avia-related-tooltip='Compartir por correo'><span class='avia_hidden_link_text'>Compartir por correo<\/span><\/a><\/li><\/ul><\/div><\/div>\n<div  style='height:50px' class='hr hr-invisible   avia-builder-el-8  el_after_av_social_share  el_before_av_comments_list '><span class='hr-inner ' ><span class='hr-inner-style'><\/span><\/span><\/div>\n<div  class='av-buildercomment  av-blog-meta-html-info-disabled av-blog-meta-tag-disabled  '><\/div>\n","protected":false},"excerpt":{"rendered":"","protected":false},"author":1,"featured_media":13405,"comment_status":"open","ping_status":"open","sticky":false,"template":"","format":"standard","meta":{"footnotes":""},"categories":[38],"tags":[],"class_list":["post-13404","post","type-post","status-publish","format-standard","has-post-thumbnail","hentry","category-regional"],"jetpack_featured_media_url":"https:\/\/radiorevelacionfm.cl\/wp-content\/uploads\/2022\/02\/Entrega-Vehiculos-2022-02-01-1-1.jpeg","_links":{"self":[{"href":"https:\/\/radiorevelacionfm.cl\/index.php?rest_route=\/wp\/v2\/posts\/13404","targetHints":{"allow":["GET"]}}],"collection":[{"href":"https:\/\/radiorevelacionfm.cl\/index.php?rest_route=\/wp\/v2\/posts"}],"about":[{"href":"https:\/\/radiorevelacionfm.cl\/index.php?rest_route=\/wp\/v2\/types\/post"}],"author":[{"embeddable":true,"href":"https:\/\/radiorevelacionfm.cl\/index.php?rest_route=\/wp\/v2\/users\/1"}],"replies":[{"embeddable":true,"href":"https:\/\/radiorevelacionfm.cl\/index.php?rest_route=%2Fwp%2Fv2%2Fcomments&post=13404"}],"version-history":[{"count":2,"href":"https:\/\/radiorevelacionfm.cl\/index.php?rest_route=\/wp\/v2\/posts\/13404\/revisions"}],"predecessor-version":[{"id":13407,"href":"https:\/\/radiorevelacionfm.cl\/index.php?rest_route=\/wp\/v2\/posts\/13404\/revisions\/13407"}],"wp:featuredmedia":[{"embeddable":true,"href":"https:\/\/radiorevelacionfm.cl\/index.php?rest_route=\/wp\/v2\/media\/13405"}],"wp:attachment":[{"href":"https:\/\/radiorevelacionfm.cl\/index.php?rest_route=%2Fwp%2Fv2%2Fmedia&parent=13404"}],"wp:term":[{"taxonomy":"category","embeddable":true,"href":"https:\/\/radiorevelacionfm.cl\/index.php?rest_route=%2Fwp%2Fv2%2Fcategories&post=13404"},{"taxonomy":"post_tag","embeddable":true,"href":"https:\/\/radiorevelacionfm.cl\/index.php?rest_route=%2Fwp%2Fv2%2Ftags&post=13404"}],"curies":[{"name":"wp","href":"https:\/\/api.w.org\/{rel}","templated":true}]}}