{"id":13398,"date":"2022-02-01T12:54:21","date_gmt":"2022-02-01T15:54:21","guid":{"rendered":"https:\/\/radiorevelacionfm.cl\/?p=13398"},"modified":"2022-02-01T12:54:21","modified_gmt":"2022-02-01T15:54:21","slug":"municipio-de-aysen-aclara-publicacion-en-medios-destacando-que-no-han-existido-desvinculaciones-en-contratas","status":"publish","type":"post","link":"https:\/\/radiorevelacionfm.cl\/?p=13398","title":{"rendered":"Municipio de Ays\u00e9n aclara publicaci\u00f3n en medios destacando que no han existido desvinculaciones en contratas"},"content":{"rendered":"<div class=\"flex_column av_one_full  flex_column_div av-zero-column-padding first  avia-builder-el-0  el_before_av_one_full  avia-builder-el-first  \" style='border-radius:0px; '><div  class='avia-image-container  av-styling-    avia-builder-el-1  avia-builder-el-no-sibling  avia-align-center '  itemprop=\"image\" itemscope=\"itemscope\" itemtype=\"https:\/\/schema.org\/ImageObject\"  ><div class='avia-image-container-inner'><div class='avia-image-overlay-wrap'><img decoding=\"async\" class='wp-image-10969 avia-img-lazy-loading-not-10969 avia_image' src=\"https:\/\/radiorevelacionfm.cl\/wp-content\/uploads\/2021\/11\/img-genericamuniaysen-1-1.jpeg\" alt='' title='img-genericamuniaysen (1) (1)' height=\"600\" width=\"800\"  itemprop=\"thumbnailUrl\" srcset=\"https:\/\/radiorevelacionfm.cl\/wp-content\/uploads\/2021\/11\/img-genericamuniaysen-1-1.jpeg 800w, https:\/\/radiorevelacionfm.cl\/wp-content\/uploads\/2021\/11\/img-genericamuniaysen-1-1-300x225.jpeg 300w, https:\/\/radiorevelacionfm.cl\/wp-content\/uploads\/2021\/11\/img-genericamuniaysen-1-1-768x576.jpeg 768w, https:\/\/radiorevelacionfm.cl\/wp-content\/uploads\/2021\/11\/img-genericamuniaysen-1-1-705x529.jpeg 705w, https:\/\/radiorevelacionfm.cl\/wp-content\/uploads\/2021\/11\/img-genericamuniaysen-1-1-600x450.jpeg 600w\" sizes=\"(max-width: 800px) 100vw, 800px\" \/><\/div><\/div><\/div><\/div><div class=\"flex_column av_one_full  flex_column_div av-zero-column-padding first  avia-builder-el-2  el_after_av_one_full  el_before_av_one_full  column-top-margin\" style='border-radius:0px; '><section class=\"av_textblock_section \"  itemscope=\"itemscope\" itemtype=\"https:\/\/schema.org\/BlogPosting\" itemprop=\"blogPost\" ><div class='avia_textblock  '   itemprop=\"text\" ><p style=\"text-align: center;\"><strong><span style=\"font-size: 18pt;\">Municipio de Ays\u00e9n aclara publicaci\u00f3n en medios destacando que no han existido desvinculaciones en contratas<\/span><\/strong><\/p>\n<div id=\"gtx-trans\" style=\"position: absolute; left: -50px; top: 4.31534px;\">\n<div class=\"gtx-trans-icon\"><\/div>\n<\/div>\n<\/div><\/section><\/div><div class=\"flex_column av_one_full  flex_column_div av-zero-column-padding first  avia-builder-el-4  el_after_av_one_full  el_before_av_hr  column-top-margin\" style='border-radius:0px; '><section class=\"av_textblock_section \"  itemscope=\"itemscope\" itemtype=\"https:\/\/schema.org\/BlogPosting\" itemprop=\"blogPost\" ><div class='avia_textblock  '   itemprop=\"text\" ><p style=\"text-align: justify;\">Tras publicaci\u00f3n efectuada en medios de comunicaci\u00f3n y ampliamente replicada sin una contraparte de la Ilustre Municipalidad de Ays\u00e9n. La Casa Edilicia informa a la comunidad que tras un proceso de reorganizaci\u00f3n del servicio para dar cumplimiento al Plan de Trabajo establecido por el alcalde, Julio Uribe Alvarado, con motivo de potenciar el desarrollo comunal, se inform\u00f3 mediante diversas Cartas de Notificaci\u00f3n la finalizaci\u00f3n de las contratas a distintos funcionarios indicando que volver\u00edan a su situaci\u00f3n contractual anterior bajo la modalidad de honorarios. Las cartas en ning\u00fan caso hablaban de un fin en la relaci\u00f3n laboral por lo que, hablar de \u201creintegro\u201d es una situaci\u00f3n imprecisa.<\/p>\n<p style=\"text-align: justify;\">Ante este hecho, el Asesor Jur\u00eddico del municipio aysenino, Jonathan Low Almonacid, abord\u00f3 la necesidad que existi\u00f3 para disponer en la actual administraci\u00f3n de este tipo de contrataciones, \u201cdisponi\u00e9ndose la no renovaci\u00f3n bajo esa modalidad de algunos funcionarios que evidentemente no ten\u00edan el plazo necesario para ser considerarse de legitima confianza, raz\u00f3n por la cual el alcalde dispuso en la materia y esa comunicaci\u00f3n se env\u00edo en su oportunidad. Existen personas que tambi\u00e9n presentaron algunos requerimientos a Contralor\u00eda la cual aval\u00f3 la legalidad de la actuaci\u00f3n\u201d.<\/p>\n<p style=\"text-align: justify;\">A rengl\u00f3n seguido, el abogado explic\u00f3 que, en el caso puntual de dos funcionarias estas recurrieron hasta la Corte de Apelaciones, instancia en la cual el organismo otorg\u00f3 una mirada distinta de la situaci\u00f3n indicando que no se habr\u00eda ajustado a derecho el mecanismo, por lo que, se deb\u00eda renovar las contratas de las recurrentes al m\u00e1ximo tribunal regional. \u201cEstas personas se les comunic\u00f3 la no renovaci\u00f3n, pero iban a retornar a su situaci\u00f3n jur\u00eddica anterior en modalidad de honorarios, en ning\u00fan momento existi\u00f3 una separaci\u00f3n de funciones, en ning\u00fan momento estuvieron fuera de sus labores producto de esta comunicaci\u00f3n por lo tanto no existe un reintegro; estas personas siempre se mantuvieron trabajando en la municipalidad y lo siguen haciendo\u201d expres\u00f3 Low Almonacid.<\/p>\n<p style=\"text-align: justify;\">La actual administraci\u00f3n de la Ilustre Municipalidad de Ays\u00e9n se encuentra desarrollando un amplio esfuerzo por materializar los sue\u00f1os, anhelos y esperanzas que los vecinos y vecinas en todos los territorios han indicado a la primera autoridad para construir juntos un Ays\u00e9n Mejor.<\/p>\n<\/div><\/section><\/div><div  style='height:50px' class='hr hr-invisible   avia-builder-el-6  el_after_av_one_full  el_before_av_social_share '><span class='hr-inner ' ><span class='hr-inner-style'><\/span><\/span><\/div><\/p>\n<div  class='av-social-sharing-box  avia-builder-el-7  el_after_av_hr  el_before_av_hr  '><div class='av-share-box'><h5 class='av-share-link-description av-no-toc '>Compartir esta noticia<\/h5><ul class='av-share-box-list noLightbox'><li class='av-share-link av-social-link-facebook' ><a target=\"_blank\" aria-label=\"Compartir en Facebook\" href='https:\/\/www.facebook.com\/sharer.php?u=https:\/\/radiorevelacionfm.cl\/?p=13398&#038;t=Municipio%20de%20Ays%C3%A9n%20aclara%20publicaci%C3%B3n%20en%20medios%20destacando%20que%20no%20han%20existido%20desvinculaciones%20en%20contratas' aria-hidden='false' data-av_icon='\ue8f3' data-av_iconfont='entypo-fontello' title='' data-avia-related-tooltip='Compartir en Facebook' rel=\"noopener\"><span class='avia_hidden_link_text'>Compartir en Facebook<\/span><\/a><\/li><li class='av-share-link av-social-link-twitter' ><a target=\"_blank\" aria-label=\"Compartir en Twitter\" href='https:\/\/twitter.com\/share?text=Municipio%20de%20Ays%C3%A9n%20aclara%20publicaci%C3%B3n%20en%20medios%20destacando%20que%20no%20han%20existido%20desvinculaciones%20en%20contratas&#038;url=https:\/\/radiorevelacionfm.cl\/?p=13398' aria-hidden='false' data-av_icon='\ue8f1' data-av_iconfont='entypo-fontello' title='' data-avia-related-tooltip='Compartir en Twitter' rel=\"noopener\"><span class='avia_hidden_link_text'>Compartir en Twitter<\/span><\/a><\/li><li class='av-share-link av-social-link-whatsapp' ><a target=\"_blank\" aria-label=\"Compartir en Whatsapp\" href='https:\/\/api.whatsapp.com\/send?text=https:\/\/radiorevelacionfm.cl\/?p=13398' aria-hidden='false' data-av_icon='\uf232' data-av_iconfont='entypo-fontello' title='' data-avia-related-tooltip='Compartir en Whatsapp' rel=\"noopener\"><span class='avia_hidden_link_text'>Compartir en Whatsapp<\/span><\/a><\/li><li class='av-share-link av-social-link-linkedin' ><a target=\"_blank\" aria-label=\"Compartir en LinkedIn\" href='https:\/\/linkedin.com\/shareArticle?mini=true&#038;title=Municipio%20de%20Ays%C3%A9n%20aclara%20publicaci%C3%B3n%20en%20medios%20destacando%20que%20no%20han%20existido%20desvinculaciones%20en%20contratas&#038;url=https:\/\/radiorevelacionfm.cl\/?p=13398' aria-hidden='false' data-av_icon='\ue8fc' data-av_iconfont='entypo-fontello' title='' data-avia-related-tooltip='Compartir en LinkedIn' rel=\"noopener\"><span class='avia_hidden_link_text'>Compartir en LinkedIn<\/span><\/a><\/li><li class='av-share-link av-social-link-mail' ><a  aria-label=\"Compartir por correo\" href='mailto:?subject=Municipio%20de%20Ays%C3%A9n%20aclara%20publicaci%C3%B3n%20en%20medios%20destacando%20que%20no%20han%20existido%20desvinculaciones%20en%20contratas&#038;body=https:\/\/radiorevelacionfm.cl\/?p=13398' aria-hidden='false' data-av_icon='\ue805' data-av_iconfont='entypo-fontello' title='' data-avia-related-tooltip='Compartir por correo'><span class='avia_hidden_link_text'>Compartir por correo<\/span><\/a><\/li><\/ul><\/div><\/div>\n<div  style='height:50px' class='hr hr-invisible   avia-builder-el-8  el_after_av_social_share  el_before_av_comments_list '><span class='hr-inner ' ><span class='hr-inner-style'><\/span><\/span><\/div>\n<div  class='av-buildercomment  av-blog-meta-html-info-disabled av-blog-meta-tag-disabled  '><\/div>\n","protected":false},"excerpt":{"rendered":"","protected":false},"author":1,"featured_media":10969,"comment_status":"open","ping_status":"open","sticky":false,"template":"","format":"standard","meta":{"footnotes":""},"categories":[38],"tags":[],"class_list":["post-13398","post","type-post","status-publish","format-standard","has-post-thumbnail","hentry","category-regional"],"jetpack_featured_media_url":"https:\/\/radiorevelacionfm.cl\/wp-content\/uploads\/2021\/11\/img-genericamuniaysen-1-1.jpeg","_links":{"self":[{"href":"https:\/\/radiorevelacionfm.cl\/index.php?rest_route=\/wp\/v2\/posts\/13398","targetHints":{"allow":["GET"]}}],"collection":[{"href":"https:\/\/radiorevelacionfm.cl\/index.php?rest_route=\/wp\/v2\/posts"}],"about":[{"href":"https:\/\/radiorevelacionfm.cl\/index.php?rest_route=\/wp\/v2\/types\/post"}],"author":[{"embeddable":true,"href":"https:\/\/radiorevelacionfm.cl\/index.php?rest_route=\/wp\/v2\/users\/1"}],"replies":[{"embeddable":true,"href":"https:\/\/radiorevelacionfm.cl\/index.php?rest_route=%2Fwp%2Fv2%2Fcomments&post=13398"}],"version-history":[{"count":2,"href":"https:\/\/radiorevelacionfm.cl\/index.php?rest_route=\/wp\/v2\/posts\/13398\/revisions"}],"predecessor-version":[{"id":13400,"href":"https:\/\/radiorevelacionfm.cl\/index.php?rest_route=\/wp\/v2\/posts\/13398\/revisions\/13400"}],"wp:featuredmedia":[{"embeddable":true,"href":"https:\/\/radiorevelacionfm.cl\/index.php?rest_route=\/wp\/v2\/media\/10969"}],"wp:attachment":[{"href":"https:\/\/radiorevelacionfm.cl\/index.php?rest_route=%2Fwp%2Fv2%2Fmedia&parent=13398"}],"wp:term":[{"taxonomy":"category","embeddable":true,"href":"https:\/\/radiorevelacionfm.cl\/index.php?rest_route=%2Fwp%2Fv2%2Fcategories&post=13398"},{"taxonomy":"post_tag","embeddable":true,"href":"https:\/\/radiorevelacionfm.cl\/index.php?rest_route=%2Fwp%2Fv2%2Ftags&post=13398"}],"curies":[{"name":"wp","href":"https:\/\/api.w.org\/{rel}","templated":true}]}}