{"id":13388,"date":"2022-02-01T09:44:32","date_gmt":"2022-02-01T12:44:32","guid":{"rendered":"https:\/\/radiorevelacionfm.cl\/?p=13388"},"modified":"2022-02-01T09:44:32","modified_gmt":"2022-02-01T12:44:32","slug":"inedito-estudio-permitira-diferenciar-la-miel-de-origen-aysenino","status":"publish","type":"post","link":"https:\/\/radiorevelacionfm.cl\/?p=13388","title":{"rendered":"In\u00e9dito estudio permitir\u00e1 diferenciar la miel de origen aysenino"},"content":{"rendered":"<div class=\"flex_column av_one_full  flex_column_div av-zero-column-padding first  avia-builder-el-0  el_before_av_one_full  avia-builder-el-first  \" style='border-radius:0px; '><div  class='avia-image-container  av-styling-    avia-builder-el-1  avia-builder-el-no-sibling  avia-align-center '  itemprop=\"image\" itemscope=\"itemscope\" itemtype=\"https:\/\/schema.org\/ImageObject\"  ><div class='avia-image-container-inner'><div class='avia-image-overlay-wrap'><img decoding=\"async\" class='wp-image-13389 avia-img-lazy-loading-not-13389 avia_image' src=\"https:\/\/radiorevelacionfm.cl\/wp-content\/uploads\/2022\/02\/Miel-2022-02-01-1-1.jpeg\" alt='' title='Miel 2022-02-01 (1) (1)' height=\"600\" width=\"800\"  itemprop=\"thumbnailUrl\" srcset=\"https:\/\/radiorevelacionfm.cl\/wp-content\/uploads\/2022\/02\/Miel-2022-02-01-1-1.jpeg 800w, https:\/\/radiorevelacionfm.cl\/wp-content\/uploads\/2022\/02\/Miel-2022-02-01-1-1-300x225.jpeg 300w, https:\/\/radiorevelacionfm.cl\/wp-content\/uploads\/2022\/02\/Miel-2022-02-01-1-1-768x576.jpeg 768w, https:\/\/radiorevelacionfm.cl\/wp-content\/uploads\/2022\/02\/Miel-2022-02-01-1-1-705x529.jpeg 705w, https:\/\/radiorevelacionfm.cl\/wp-content\/uploads\/2022\/02\/Miel-2022-02-01-1-1-600x450.jpeg 600w\" sizes=\"(max-width: 800px) 100vw, 800px\" \/><\/div><\/div><\/div><\/div><div class=\"flex_column av_one_full  flex_column_div av-zero-column-padding first  avia-builder-el-2  el_after_av_one_full  el_before_av_one_full  column-top-margin\" style='border-radius:0px; '><section class=\"av_textblock_section \"  itemscope=\"itemscope\" itemtype=\"https:\/\/schema.org\/BlogPosting\" itemprop=\"blogPost\" ><div class='avia_textblock  '   itemprop=\"text\" ><p style=\"text-align: center;\"><span style=\"font-size: 18pt;\"><strong>In\u00e9dito estudio permitir\u00e1 diferenciar la miel de origen aysenino<\/strong><\/span><\/p>\n<div id=\"gtx-trans\" style=\"position: absolute; left: -50px; top: 4.31534px;\">\n<div class=\"gtx-trans-icon\"><\/div>\n<\/div>\n<\/div><\/section><\/div><div class=\"flex_column av_one_full  flex_column_div av-zero-column-padding first  avia-builder-el-4  el_after_av_one_full  el_before_av_hr  column-top-margin\" style='border-radius:0px; '><section class=\"av_textblock_section \"  itemscope=\"itemscope\" itemtype=\"https:\/\/schema.org\/BlogPosting\" itemprop=\"blogPost\" ><div class='avia_textblock  '   itemprop=\"text\" ><p style=\"text-align: justify;\">En Chile, hasta el a\u00f1o 2020 existen 8.777 apicultores y 1.241.504 colmenas registradas en el Sistema Oficial de Informaci\u00f3n Pecuaria SIPEC ap\u00edcola. Del total, 100 personas son de la regi\u00f3n de Ays\u00e9n con la consideraci\u00f3n de 1.822 colmenas; sin embargo, existe una problem\u00e1tica transversal por la falta de informaci\u00f3n sobre las propiedades y la calidad de la miel regional.<\/p>\n<p style=\"text-align: justify;\">Bajo este escenario, con el apoyo de la Fundaci\u00f3n para la Innovaci\u00f3n Agraria (FIA), el Instituto Forestal INFOR y otros productores ap\u00edcolas, realizar\u00e1n un estudio pionero en la materia, el que tiene por objetivo diferenciar la miel que se produce en la regi\u00f3n de Ays\u00e9n, mediante su caracterizaci\u00f3n, para generar nuevas l\u00edneas de productos de mayor valor.<\/p>\n<p style=\"text-align: justify;\">\u201cEl proyecto cuenta con una inversi\u00f3n de m\u00e1s de 40 millones de pesos para usar diversas metodolog\u00edas para recopilar y sistematizar la informaci\u00f3n tales como terreno los apicultores en terreno, la caracterizaci\u00f3n del plantel ap\u00edcola de cada uno, la cantidad de colmenas, variedad de razas, caracter\u00edsticas productivas de cada una y la comercializaci\u00f3n. Por otro lado, se acoger\u00e1n inquietudes respecto las problem\u00e1ticas o dificultades asociadas a esta actividad, adem\u00e1s de los an\u00e1lisis melisopalinol\u00f3gico, f\u00edsicoqu\u00edmico, polifenoles y de microorganismos, en cuatros diferentes zonas agroecol\u00f3gicas de la regi\u00f3n\u201d, explic\u00f3 Jaime Salinas, jefe de proyecto sede Patagonia INFOR Ays\u00e9n.<\/p>\n<p style=\"text-align: justify;\"><strong>Impacto<\/strong><\/p>\n<p style=\"text-align: justify;\">Estos datos complementaran el proceso de la sistematizaci\u00f3n de la informaci\u00f3n la cual complementar\u00e1 junto al an\u00e1lisis de laboratorio realizado de los muestreos de miel y cera obtenidos, informaci\u00f3n que ser\u00e1 utilizada para la elaboraci\u00f3n de un documento t\u00e9cnico que permitir\u00e1 la caracterizaci\u00f3n de los apicultores a lo largo del territorio, permiti\u00e9ndonos diferenciar y determinar la calidad de la miel regional en diferentes zonas.<\/p>\n<p style=\"text-align: justify;\">En esa l\u00ednea, Leonardo Russo, representante regional de FIA, menciona que es de vital importancia poder levantar informaci\u00f3n de base en el rubro ap\u00edcola, que contribuya a agregar valor a la miel de la regi\u00f3n de Ays\u00e9n, \u201crelevando atributos relacionados a los ecosistemas pr\u00edstinos y especies mel\u00edferas de este territorio, lo que puede permitir al rubro\u00a0 desarrollar productos y subproductos de la colmena diferenciados que vayan dirigidos a mercados innovadores o de nicho pudiendo alcanzar mejores precios por unidad de producto, por lo que estamos muy contentos de poder apoyar iniciativas en este sentido\u201d.<\/p>\n<p style=\"text-align: justify;\">En esa l\u00ednea, es importante destacar que este estudio fue uno de los 15 adjudicados en las postulaciones de la Convocatoria Nacional Estudios para la Innovaci\u00f3n 2021 FIA. Innovaci\u00f3n que tiene como asociados al servicio Agr\u00edcola Ganadero SAG y la Cooperativa Ap\u00edcola Ays\u00e9n.<\/p>\n<p style=\"text-align: justify;\">Por ello, Roc\u00edo Ortega productor de miel, agradeci\u00f3 esta alianza colaborativa, que sin duda beneficiar\u00e1 no s\u00f3lo a los apicultores, sino tambi\u00e9n permitir\u00e1 dar a conocer la noble tarea realizada por las abejas, \u201cLa verdad para nosotros ha sido de mucha ayuda el trabajo que ha estado desarrollando el Ministerio de Agricultura en este \u00faltimo tiempo, especialmente la reactivaci\u00f3n de la Mesa Ap\u00edcola, que nos permite poder reunirnos con otros productores de miel, y proyectarnos de manera conjunta. Creo que en este ultimo tiempo uno de los mayores hitos corresponde a la adjudicaci\u00f3n de un proyecto FIA desarrollado por INFOR, donde ya se entregaron las primeras muestras de las cosechas de temporadas de miel de este a\u00f1o, as\u00ed que esperamos ansiosos los resultados de estos an\u00e1lisis\u201d, enfatizo<\/p>\n<p style=\"text-align: justify;\">Por su parte el Seremi de Agricultura en la regi\u00f3n de Ays\u00e9n, Felipe Henr\u00edquez Raglianti destac\u00f3 que \u201cEstamos convencidos que este estudio nos va a permitir generar informaci\u00f3n muy valiosa para poder diferenciar la miel de Ays\u00e9n, poder poner en valor sus atributos diferenciadores, y as\u00ed poder aspirar a mejores valores de comercializaci\u00f3n en los distintos mercados, esto es fruto de un trabajo coordinado p\u00fablico privado, a trav\u00e9s de la Mesa Ap\u00edcola, instancia de articulaci\u00f3n donde nuestros productores juegan un rol relevante para el desarrollo del sector en la regi\u00f3n de Ays\u00e9n\u201d<\/p>\n<p style=\"text-align: justify;\">Finalmente, la presentaci\u00f3n de los resultados y elementos relevantes de este estudio ser\u00e1n presentados a la comunidad productiva ap\u00edcola por medio de charlas a realizarse en localidades como La Junta, Coyhaique, Chile Chico y Cochrane, adem\u00e1s de distribuir material impreso de los datos correspondientes a este estudio.<\/p>\n<\/div><\/section><\/div><div  style='height:50px' class='hr hr-invisible   avia-builder-el-6  el_after_av_one_full  el_before_av_social_share '><span class='hr-inner ' ><span class='hr-inner-style'><\/span><\/span><\/div><\/p>\n<div  class='av-social-sharing-box  avia-builder-el-7  el_after_av_hr  el_before_av_hr  '><div class='av-share-box'><h5 class='av-share-link-description av-no-toc '>Compartir esta noticia<\/h5><ul class='av-share-box-list noLightbox'><li class='av-share-link av-social-link-facebook' ><a target=\"_blank\" aria-label=\"Compartir en Facebook\" href='https:\/\/www.facebook.com\/sharer.php?u=https:\/\/radiorevelacionfm.cl\/?p=13388&#038;t=In%C3%A9dito%20estudio%20permitir%C3%A1%20diferenciar%20la%20miel%20de%20origen%20aysenino' aria-hidden='false' data-av_icon='\ue8f3' data-av_iconfont='entypo-fontello' title='' data-avia-related-tooltip='Compartir en Facebook' rel=\"noopener\"><span class='avia_hidden_link_text'>Compartir en Facebook<\/span><\/a><\/li><li class='av-share-link av-social-link-twitter' ><a target=\"_blank\" aria-label=\"Compartir en Twitter\" href='https:\/\/twitter.com\/share?text=In%C3%A9dito%20estudio%20permitir%C3%A1%20diferenciar%20la%20miel%20de%20origen%20aysenino&#038;url=https:\/\/radiorevelacionfm.cl\/?p=13388' aria-hidden='false' data-av_icon='\ue8f1' data-av_iconfont='entypo-fontello' title='' data-avia-related-tooltip='Compartir en Twitter' rel=\"noopener\"><span class='avia_hidden_link_text'>Compartir en Twitter<\/span><\/a><\/li><li class='av-share-link av-social-link-whatsapp' ><a target=\"_blank\" aria-label=\"Compartir en Whatsapp\" href='https:\/\/api.whatsapp.com\/send?text=https:\/\/radiorevelacionfm.cl\/?p=13388' aria-hidden='false' data-av_icon='\uf232' data-av_iconfont='entypo-fontello' title='' data-avia-related-tooltip='Compartir en Whatsapp' rel=\"noopener\"><span class='avia_hidden_link_text'>Compartir en Whatsapp<\/span><\/a><\/li><li class='av-share-link av-social-link-linkedin' ><a target=\"_blank\" aria-label=\"Compartir en LinkedIn\" href='https:\/\/linkedin.com\/shareArticle?mini=true&#038;title=In%C3%A9dito%20estudio%20permitir%C3%A1%20diferenciar%20la%20miel%20de%20origen%20aysenino&#038;url=https:\/\/radiorevelacionfm.cl\/?p=13388' aria-hidden='false' data-av_icon='\ue8fc' data-av_iconfont='entypo-fontello' title='' data-avia-related-tooltip='Compartir en LinkedIn' rel=\"noopener\"><span class='avia_hidden_link_text'>Compartir en LinkedIn<\/span><\/a><\/li><li class='av-share-link av-social-link-mail' ><a  aria-label=\"Compartir por correo\" href='mailto:?subject=In%C3%A9dito%20estudio%20permitir%C3%A1%20diferenciar%20la%20miel%20de%20origen%20aysenino&#038;body=https:\/\/radiorevelacionfm.cl\/?p=13388' aria-hidden='false' data-av_icon='\ue805' data-av_iconfont='entypo-fontello' title='' data-avia-related-tooltip='Compartir por correo'><span class='avia_hidden_link_text'>Compartir por correo<\/span><\/a><\/li><\/ul><\/div><\/div>\n<div  style='height:50px' class='hr hr-invisible   avia-builder-el-8  el_after_av_social_share  el_before_av_comments_list '><span class='hr-inner ' ><span class='hr-inner-style'><\/span><\/span><\/div>\n<div  class='av-buildercomment  av-blog-meta-html-info-disabled av-blog-meta-tag-disabled  '><\/div>\n","protected":false},"excerpt":{"rendered":"","protected":false},"author":1,"featured_media":13389,"comment_status":"open","ping_status":"open","sticky":false,"template":"","format":"standard","meta":{"footnotes":""},"categories":[58],"tags":[],"class_list":["post-13388","post","type-post","status-publish","format-standard","has-post-thumbnail","hentry","category-agricultura"],"jetpack_featured_media_url":"https:\/\/radiorevelacionfm.cl\/wp-content\/uploads\/2022\/02\/Miel-2022-02-01-1-1.jpeg","_links":{"self":[{"href":"https:\/\/radiorevelacionfm.cl\/index.php?rest_route=\/wp\/v2\/posts\/13388","targetHints":{"allow":["GET"]}}],"collection":[{"href":"https:\/\/radiorevelacionfm.cl\/index.php?rest_route=\/wp\/v2\/posts"}],"about":[{"href":"https:\/\/radiorevelacionfm.cl\/index.php?rest_route=\/wp\/v2\/types\/post"}],"author":[{"embeddable":true,"href":"https:\/\/radiorevelacionfm.cl\/index.php?rest_route=\/wp\/v2\/users\/1"}],"replies":[{"embeddable":true,"href":"https:\/\/radiorevelacionfm.cl\/index.php?rest_route=%2Fwp%2Fv2%2Fcomments&post=13388"}],"version-history":[{"count":2,"href":"https:\/\/radiorevelacionfm.cl\/index.php?rest_route=\/wp\/v2\/posts\/13388\/revisions"}],"predecessor-version":[{"id":13391,"href":"https:\/\/radiorevelacionfm.cl\/index.php?rest_route=\/wp\/v2\/posts\/13388\/revisions\/13391"}],"wp:featuredmedia":[{"embeddable":true,"href":"https:\/\/radiorevelacionfm.cl\/index.php?rest_route=\/wp\/v2\/media\/13389"}],"wp:attachment":[{"href":"https:\/\/radiorevelacionfm.cl\/index.php?rest_route=%2Fwp%2Fv2%2Fmedia&parent=13388"}],"wp:term":[{"taxonomy":"category","embeddable":true,"href":"https:\/\/radiorevelacionfm.cl\/index.php?rest_route=%2Fwp%2Fv2%2Fcategories&post=13388"},{"taxonomy":"post_tag","embeddable":true,"href":"https:\/\/radiorevelacionfm.cl\/index.php?rest_route=%2Fwp%2Fv2%2Ftags&post=13388"}],"curies":[{"name":"wp","href":"https:\/\/api.w.org\/{rel}","templated":true}]}}