{"id":13384,"date":"2022-02-01T09:28:07","date_gmt":"2022-02-01T12:28:07","guid":{"rendered":"https:\/\/radiorevelacionfm.cl\/?p=13384"},"modified":"2022-02-01T09:28:07","modified_gmt":"2022-02-01T12:28:07","slug":"diputado-alinco-entrega-propuestas-para-terminar-con-problematica-de-conectividad-en-lago-general-carrera","status":"publish","type":"post","link":"https:\/\/radiorevelacionfm.cl\/?p=13384","title":{"rendered":"Diputado Alinco entrega propuestas para terminar con problem\u00e1tica de conectividad en Lago General Carrera"},"content":{"rendered":"<div class=\"flex_column av_one_full  flex_column_div av-zero-column-padding first  avia-builder-el-0  el_before_av_one_full  avia-builder-el-first  \" style='border-radius:0px; '><div  class='avia-image-container  av-styling-    avia-builder-el-1  avia-builder-el-no-sibling  avia-align-center '  itemprop=\"image\" itemscope=\"itemscope\" itemtype=\"https:\/\/schema.org\/ImageObject\"  ><div class='avia-image-container-inner'><div class='avia-image-overlay-wrap'><img decoding=\"async\" class='wp-image-13385 avia-img-lazy-loading-not-13385 avia_image' src=\"https:\/\/radiorevelacionfm.cl\/wp-content\/uploads\/2022\/01\/Diputado-R-Alinco-1-1.jpeg\" alt='' title='Diputado R Alinco (1) (1)' height=\"600\" width=\"899\"  itemprop=\"thumbnailUrl\" srcset=\"https:\/\/radiorevelacionfm.cl\/wp-content\/uploads\/2022\/01\/Diputado-R-Alinco-1-1.jpeg 899w, https:\/\/radiorevelacionfm.cl\/wp-content\/uploads\/2022\/01\/Diputado-R-Alinco-1-1-300x200.jpeg 300w, https:\/\/radiorevelacionfm.cl\/wp-content\/uploads\/2022\/01\/Diputado-R-Alinco-1-1-768x513.jpeg 768w, https:\/\/radiorevelacionfm.cl\/wp-content\/uploads\/2022\/01\/Diputado-R-Alinco-1-1-705x471.jpeg 705w, https:\/\/radiorevelacionfm.cl\/wp-content\/uploads\/2022\/01\/Diputado-R-Alinco-1-1-600x400.jpeg 600w\" sizes=\"(max-width: 899px) 100vw, 899px\" \/><\/div><\/div><\/div><\/div><div class=\"flex_column av_one_full  flex_column_div av-zero-column-padding first  avia-builder-el-2  el_after_av_one_full  el_before_av_one_full  column-top-margin\" style='border-radius:0px; '><section class=\"av_textblock_section \"  itemscope=\"itemscope\" itemtype=\"https:\/\/schema.org\/BlogPosting\" itemprop=\"blogPost\" ><div class='avia_textblock  '   itemprop=\"text\" ><p style=\"text-align: center;\"><strong><span style=\"font-size: 18pt;\">Diputado Alinco entrega propuestas para terminar con problem\u00e1tica de conectividad en Lago General Carrera<\/span><\/strong><\/p>\n<div id=\"gtx-trans\" style=\"position: absolute; left: -50px; top: 4.31534px;\">\n<div class=\"gtx-trans-icon\"><\/div>\n<\/div>\n<\/div><\/section><\/div><div class=\"flex_column av_one_full  flex_column_div av-zero-column-padding first  avia-builder-el-4  el_after_av_one_full  el_before_av_hr  column-top-margin\" style='border-radius:0px; '><section class=\"av_textblock_section \"  itemscope=\"itemscope\" itemtype=\"https:\/\/schema.org\/BlogPosting\" itemprop=\"blogPost\" ><div class='avia_textblock  '   itemprop=\"text\" ><p style=\"text-align: justify;\">Durante la jornada de ayer, mediante sus redes sociales, el diputado Ren\u00e9 Alinco Bustos se pronunci\u00f3 respecto de la problem\u00e1tica constante que se vive en cuanto a la conectividad entre las comunas de Chile Chico y R\u00edo Ib\u00e1\u00f1ez, situaci\u00f3n que el parlamentario ha denunciado en reiteradas oportunidades incluso en la comisi\u00f3n de Obras P\u00fablicas de la C\u00e1mara de Diputadas y Diputados, instancia a la que recientemente (sesi\u00f3n del 18 de enero), acudieron por petici\u00f3n de Alinco, la ministra de Transportes y Telecomunicaciones, el seremi de Transportes de Ays\u00e9n, el comandante en jefe de la Armada y representante del ministro del MOP, quienes indicaron a los integrantes que no hab\u00eda mayor problem\u00e1tica en la zona del lago General Carrera, donde actualmente la barcaza Tehuelche opera con baja potencia debido a que solo cuenta con tres de sus cuatro motores, y la nave de repuesto, Pilchero se encuentra en reparaci\u00f3n debido a sus m\u00e1s de cincuenta a\u00f1os de funcionamiento.<\/p>\n<p style=\"text-align: justify;\">Ante esto, el parlamentario sostuvo que solicit\u00f3 a expertos en el tema, analizar la situaci\u00f3n actual de ambas barcazas y la d\u00e9bil conectividad lacustre con el fin de proponer una salida transitoria a la constante cancelaci\u00f3n de zarpes por parte de la empresa Somarco a cargo de la Tehuelche, embarcaci\u00f3n que no puede navegar a gran potencia por este lago con caracter\u00edsticas tan complejas.<\/p>\n<p style=\"text-align: justify;\">\u201cDebido al constante problema que se vive en la conectividad lacustre entre comunas de Chile Chico &#8211; R\u00edo Ib\u00e1\u00f1ez, me contact\u00e9 con expertos en el tema, quienes hace poco me entregaron este itinerario posible de aplicar en la zona, por supuesto, a cargo de otra barcaza&#8230; Lo informado es concluyente en que se podr\u00edan realizar viajes m\u00e1s cortos, aument\u00e1ndose as\u00ed el n\u00famero de recorridos&#8230; Haciendo las consultas respectivas, igualmente, transportistas informan estar de acuerdo con realizar traslados entre Levic\u00e1n y Puerto Ingeniero Ib\u00e1\u00f1ez&#8230;\u201d, sostuvo Alinco, agregando que la barcaza que deber\u00eda hacerse cargo podr\u00eda obviar el cobro de pasajes para veh\u00edculos menores y pasajeros, realiz\u00e1ndose as\u00ed trayectos de 1 hora con 20 minutos entre la localidad de Levic\u00e1n hacia Chile Chico y viceversa, trat\u00e1ndose de viajes diarios y considerando un d\u00eda a la semana para carga peligrosa entre Puerto Ib\u00e1\u00f1ez y Chile Chico, seg\u00fan se puede apreciar en la propuesta de itinerario.<\/p>\n<p style=\"text-align: justify;\">\u201cNo nos podemos quejar para siempre sobre este problema&#8230;yo no traigo la respuesta definitiva&#8230;sin embargo, me atrevo a dar propuestas y esta es una alternativa positiva, que espero, autoridades y por supuesto, los mismos usuarios deber\u00e1n analizar&#8230;\u201d, finaliz\u00f3 el parlamentario.<\/p>\n<\/div><\/section><\/div><div  style='height:50px' class='hr hr-invisible   avia-builder-el-6  el_after_av_one_full  el_before_av_social_share '><span class='hr-inner ' ><span class='hr-inner-style'><\/span><\/span><\/div><\/p>\n<div  class='av-social-sharing-box  avia-builder-el-7  el_after_av_hr  el_before_av_hr  '><div class='av-share-box'><h5 class='av-share-link-description av-no-toc '>Compartir esta noticia<\/h5><ul class='av-share-box-list noLightbox'><li class='av-share-link av-social-link-facebook' ><a target=\"_blank\" aria-label=\"Compartir en Facebook\" href='https:\/\/www.facebook.com\/sharer.php?u=https:\/\/radiorevelacionfm.cl\/?p=13384&#038;t=Diputado%20Alinco%20entrega%20propuestas%20para%20terminar%20con%20problem%C3%A1tica%20de%20conectividad%20en%20Lago%20General%20Carrera' aria-hidden='false' data-av_icon='\ue8f3' data-av_iconfont='entypo-fontello' title='' data-avia-related-tooltip='Compartir en Facebook' rel=\"noopener\"><span class='avia_hidden_link_text'>Compartir en Facebook<\/span><\/a><\/li><li class='av-share-link av-social-link-twitter' ><a target=\"_blank\" aria-label=\"Compartir en Twitter\" href='https:\/\/twitter.com\/share?text=Diputado%20Alinco%20entrega%20propuestas%20para%20terminar%20con%20problem%C3%A1tica%20de%20conectividad%20en%20Lago%20General%20Carrera&#038;url=https:\/\/radiorevelacionfm.cl\/?p=13384' aria-hidden='false' data-av_icon='\ue8f1' data-av_iconfont='entypo-fontello' title='' data-avia-related-tooltip='Compartir en Twitter' rel=\"noopener\"><span class='avia_hidden_link_text'>Compartir en Twitter<\/span><\/a><\/li><li class='av-share-link av-social-link-whatsapp' ><a target=\"_blank\" aria-label=\"Compartir en Whatsapp\" href='https:\/\/api.whatsapp.com\/send?text=https:\/\/radiorevelacionfm.cl\/?p=13384' aria-hidden='false' data-av_icon='\uf232' data-av_iconfont='entypo-fontello' title='' data-avia-related-tooltip='Compartir en Whatsapp' rel=\"noopener\"><span class='avia_hidden_link_text'>Compartir en Whatsapp<\/span><\/a><\/li><li class='av-share-link av-social-link-linkedin' ><a target=\"_blank\" aria-label=\"Compartir en LinkedIn\" href='https:\/\/linkedin.com\/shareArticle?mini=true&#038;title=Diputado%20Alinco%20entrega%20propuestas%20para%20terminar%20con%20problem%C3%A1tica%20de%20conectividad%20en%20Lago%20General%20Carrera&#038;url=https:\/\/radiorevelacionfm.cl\/?p=13384' aria-hidden='false' data-av_icon='\ue8fc' data-av_iconfont='entypo-fontello' title='' data-avia-related-tooltip='Compartir en LinkedIn' rel=\"noopener\"><span class='avia_hidden_link_text'>Compartir en LinkedIn<\/span><\/a><\/li><li class='av-share-link av-social-link-mail' ><a  aria-label=\"Compartir por correo\" href='mailto:?subject=Diputado%20Alinco%20entrega%20propuestas%20para%20terminar%20con%20problem%C3%A1tica%20de%20conectividad%20en%20Lago%20General%20Carrera&#038;body=https:\/\/radiorevelacionfm.cl\/?p=13384' aria-hidden='false' data-av_icon='\ue805' data-av_iconfont='entypo-fontello' title='' data-avia-related-tooltip='Compartir por correo'><span class='avia_hidden_link_text'>Compartir por correo<\/span><\/a><\/li><\/ul><\/div><\/div>\n<div  style='height:50px' class='hr hr-invisible   avia-builder-el-8  el_after_av_social_share  el_before_av_comments_list '><span class='hr-inner ' ><span class='hr-inner-style'><\/span><\/span><\/div>\n<div  class='av-buildercomment  av-blog-meta-html-info-disabled av-blog-meta-tag-disabled  '><\/div>\n","protected":false},"excerpt":{"rendered":"","protected":false},"author":1,"featured_media":13385,"comment_status":"open","ping_status":"open","sticky":false,"template":"","format":"standard","meta":{"footnotes":""},"categories":[35],"tags":[],"class_list":["post-13384","post","type-post","status-publish","format-standard","has-post-thumbnail","hentry","category-politica"],"jetpack_featured_media_url":"https:\/\/radiorevelacionfm.cl\/wp-content\/uploads\/2022\/01\/Diputado-R-Alinco-1-1.jpeg","_links":{"self":[{"href":"https:\/\/radiorevelacionfm.cl\/index.php?rest_route=\/wp\/v2\/posts\/13384","targetHints":{"allow":["GET"]}}],"collection":[{"href":"https:\/\/radiorevelacionfm.cl\/index.php?rest_route=\/wp\/v2\/posts"}],"about":[{"href":"https:\/\/radiorevelacionfm.cl\/index.php?rest_route=\/wp\/v2\/types\/post"}],"author":[{"embeddable":true,"href":"https:\/\/radiorevelacionfm.cl\/index.php?rest_route=\/wp\/v2\/users\/1"}],"replies":[{"embeddable":true,"href":"https:\/\/radiorevelacionfm.cl\/index.php?rest_route=%2Fwp%2Fv2%2Fcomments&post=13384"}],"version-history":[{"count":2,"href":"https:\/\/radiorevelacionfm.cl\/index.php?rest_route=\/wp\/v2\/posts\/13384\/revisions"}],"predecessor-version":[{"id":13387,"href":"https:\/\/radiorevelacionfm.cl\/index.php?rest_route=\/wp\/v2\/posts\/13384\/revisions\/13387"}],"wp:featuredmedia":[{"embeddable":true,"href":"https:\/\/radiorevelacionfm.cl\/index.php?rest_route=\/wp\/v2\/media\/13385"}],"wp:attachment":[{"href":"https:\/\/radiorevelacionfm.cl\/index.php?rest_route=%2Fwp%2Fv2%2Fmedia&parent=13384"}],"wp:term":[{"taxonomy":"category","embeddable":true,"href":"https:\/\/radiorevelacionfm.cl\/index.php?rest_route=%2Fwp%2Fv2%2Fcategories&post=13384"},{"taxonomy":"post_tag","embeddable":true,"href":"https:\/\/radiorevelacionfm.cl\/index.php?rest_route=%2Fwp%2Fv2%2Ftags&post=13384"}],"curies":[{"name":"wp","href":"https:\/\/api.w.org\/{rel}","templated":true}]}}