{"id":13377,"date":"2022-02-01T10:07:01","date_gmt":"2022-02-01T13:07:01","guid":{"rendered":"https:\/\/radiorevelacionfm.cl\/?p=13377"},"modified":"2022-02-01T10:27:47","modified_gmt":"2022-02-01T13:27:47","slug":"inician-ciclo-de-conversacion-historica-rescatando-los-origenes-de-la-navegacion-en-la-zona-de-aysen","status":"publish","type":"post","link":"https:\/\/radiorevelacionfm.cl\/?p=13377","title":{"rendered":"Inician ciclo de conversaci\u00f3n hist\u00f3rica rescatando los or\u00edgenes de la navegaci\u00f3n en el Litoral de Ays\u00e9n"},"content":{"rendered":"<div class=\"flex_column av_one_full  flex_column_div av-zero-column-padding first  avia-builder-el-0  el_before_av_one_full  avia-builder-el-first  \" style='border-radius:0px; '><div  class='avia-image-container  av-styling-    avia-builder-el-1  avia-builder-el-no-sibling  avia-align-center '  itemprop=\"image\" itemscope=\"itemscope\" itemtype=\"https:\/\/schema.org\/ImageObject\"  ><div class='avia-image-container-inner'><div class='avia-image-overlay-wrap'><img decoding=\"async\" class='wp-image-13378 avia-img-lazy-loading-not-13378 avia_image' src=\"https:\/\/radiorevelacionfm.cl\/wp-content\/uploads\/2022\/01\/losprimerosnav6-1_optimized.jpeg\" alt='' title='losprimerosnav6-(1)_optimized' height=\"600\" width=\"800\"  itemprop=\"thumbnailUrl\" srcset=\"https:\/\/radiorevelacionfm.cl\/wp-content\/uploads\/2022\/01\/losprimerosnav6-1_optimized.jpeg 800w, https:\/\/radiorevelacionfm.cl\/wp-content\/uploads\/2022\/01\/losprimerosnav6-1_optimized-300x225.jpeg 300w, https:\/\/radiorevelacionfm.cl\/wp-content\/uploads\/2022\/01\/losprimerosnav6-1_optimized-768x576.jpeg 768w, https:\/\/radiorevelacionfm.cl\/wp-content\/uploads\/2022\/01\/losprimerosnav6-1_optimized-705x529.jpeg 705w, https:\/\/radiorevelacionfm.cl\/wp-content\/uploads\/2022\/01\/losprimerosnav6-1_optimized-600x450.jpeg 600w\" sizes=\"(max-width: 800px) 100vw, 800px\" \/><\/div><\/div><\/div><\/div>\n<div class=\"flex_column av_one_full  flex_column_div av-zero-column-padding first  avia-builder-el-2  el_after_av_one_full  el_before_av_one_full  column-top-margin\" style='border-radius:0px; '><section class=\"av_textblock_section \"  itemscope=\"itemscope\" itemtype=\"https:\/\/schema.org\/BlogPosting\" itemprop=\"blogPost\" ><div class='avia_textblock  '   itemprop=\"text\" ><p style=\"text-align: center;\"><strong><span style=\"font-size: 18pt;\">Inician ciclo de conversaci\u00f3n hist\u00f3rica rescatando los or\u00edgenes de la navegaci\u00f3n en el Litoral de Ays\u00e9n<\/span><\/strong><\/p>\n<div id=\"gtx-trans\" style=\"position: absolute; left: -50px; top: 4.31534px;\">\n<div class=\"gtx-trans-icon\"><\/div>\n<\/div>\n<\/div><\/section><\/div><div class=\"flex_column av_one_full  flex_column_div av-zero-column-padding first  avia-builder-el-4  el_after_av_one_full  el_before_av_hr  column-top-margin\" style='border-radius:0px; '><section class=\"av_textblock_section \"  itemscope=\"itemscope\" itemtype=\"https:\/\/schema.org\/BlogPosting\" itemprop=\"blogPost\" ><div class='avia_textblock  '   itemprop=\"text\" ><p style=\"text-align: justify;\">Las Unidades de Patrimonio Hist\u00f3rico y Biblioteca se encuentran formulando nuevas jornadas que puedan contribuir a la memoria local.<\/p>\n<p style=\"text-align: justify;\">Como parte de las actividades contempladas en el programa \u201cVive tu verano en Ays\u00e9n\u201d el municipio congreg\u00f3 a distintos actores sociales en la Biblioteca P\u00fablica para abordar el patrimonio hist\u00f3rico inmaterial de la zona realizando una revisi\u00f3n de las primeras exploraciones que dieron origen a la comuna porte\u00f1a. Desde las primeras cartas de navegaci\u00f3n hasta los aspectos m\u00e1s recientes entorno al progreso del territorio fueron los elementos destacados en una jornada que pretende proyectarse durante el a\u00f1o. Los organizadores calificaron positivamente el encuentro que cont\u00f3 con la participaci\u00f3n de la primera autoridad comunal, Julio Uribe Alvarado.<\/p>\n<p style=\"text-align: justify;\">El Coordinador Regional de Bibliotecas y Encargado Regional (S) de Patrimonio, Jos\u00e9 Mansilla, fue encargado de liderar la conversaci\u00f3n aportando elementos a los participantes para que pudieran disponer de una conversaci\u00f3n ampliada entorno a los \u201cprimeros navegantes\u201d. En este sentido, el agente cultural destac\u00f3 que \u201cla idea es poder vincular estos primeros navegantes que conocieron el territorio y que de alguna manera aprendieron de los habitantes de esta zona que eran ind\u00edgenas, tanto para la manipulaci\u00f3n de los alimentos como para la construcci\u00f3n de embarcaciones, para la extracci\u00f3n de madera de los bosques y eso se vincula con los habitantes del Ays\u00e9n de 1910 en adelante\u201d. Vinculando de esta manera la historia con las costumbres y tradiciones de los habitantes.<\/p>\n<p style=\"text-align: justify;\">Mar\u00eda Cristina Alvarado, encargada de la Unidad de Patrimonio Hist\u00f3rico del municipio de Ays\u00e9n, se mostr\u00f3 gratamente conforme entorno a la interacci\u00f3n generada por los asistentes que pudieron intercambiar experiencias de vida entorno al litoral, \u201ctambi\u00e9n decir que surgieron otros intereses de las personas que participaron para que esta primera sesi\u00f3n de un ciclo de conversatorios que queremos tener se puedan dar con otros temas hist\u00f3ricos de Ays\u00e9n, vimos mucha motivaci\u00f3n y eso es lo m\u00e1s valioso porque en realidad surgi\u00f3 algo m\u00e1s espontaneo de lo que se hab\u00eda programado\u201d.<\/p>\n<p style=\"text-align: justify;\">Por su parte, Yasna Jara, encargada de la Biblioteca P\u00fablica de Ays\u00e9n, abord\u00f3 el amplio espectro de actividades formuladas en el recinto literario con motivo de aportar al aprendizaje comunitario como: la presentaci\u00f3n del registro sonoro de Ays\u00e9n que sorprendi\u00f3 a los visitantes; el concierto efectuado por Direcci\u00f3n de Educaci\u00f3n Municipal que congreg\u00f3 al destacado m\u00fasico brasile\u00f1o, Mat\u00edas De Oliveira Pinto, con el concierto Bach en la \u201cRuta Austral\u201d y lo expuesto por los ni\u00f1os de la Orquesta Escolar Comunal para concluir sus presentaciones anuales.<\/p>\n<\/div><\/section><\/div><\/p>\n<div  style='height:50px' class='hr hr-invisible   avia-builder-el-6  el_after_av_one_full  el_before_av_social_share '><span class='hr-inner ' ><span class='hr-inner-style'><\/span><\/span><\/div>\n<div  class='av-social-sharing-box  avia-builder-el-7  el_after_av_hr  el_before_av_hr  '><div class='av-share-box'><h5 class='av-share-link-description av-no-toc '>Compartir esta noticia<\/h5><ul class='av-share-box-list noLightbox'><li class='av-share-link av-social-link-facebook' ><a target=\"_blank\" aria-label=\"Compartir en Facebook\" href='https:\/\/www.facebook.com\/sharer.php?u=https:\/\/radiorevelacionfm.cl\/?p=13377&#038;t=Inician%20ciclo%20de%20conversaci%C3%B3n%20hist%C3%B3rica%20rescatando%20los%20or%C3%ADgenes%20de%20la%20navegaci%C3%B3n%20en%20el%20Litoral%20de%20Ays%C3%A9n' aria-hidden='false' data-av_icon='\ue8f3' data-av_iconfont='entypo-fontello' title='' data-avia-related-tooltip='Compartir en Facebook' rel=\"noopener\"><span class='avia_hidden_link_text'>Compartir en Facebook<\/span><\/a><\/li><li class='av-share-link av-social-link-twitter' ><a target=\"_blank\" aria-label=\"Compartir en Twitter\" href='https:\/\/twitter.com\/share?text=Inician%20ciclo%20de%20conversaci%C3%B3n%20hist%C3%B3rica%20rescatando%20los%20or%C3%ADgenes%20de%20la%20navegaci%C3%B3n%20en%20el%20Litoral%20de%20Ays%C3%A9n&#038;url=https:\/\/radiorevelacionfm.cl\/?p=13377' aria-hidden='false' data-av_icon='\ue8f1' data-av_iconfont='entypo-fontello' title='' data-avia-related-tooltip='Compartir en Twitter' rel=\"noopener\"><span class='avia_hidden_link_text'>Compartir en Twitter<\/span><\/a><\/li><li class='av-share-link av-social-link-whatsapp' ><a target=\"_blank\" aria-label=\"Compartir en Whatsapp\" href='https:\/\/api.whatsapp.com\/send?text=https:\/\/radiorevelacionfm.cl\/?p=13377' aria-hidden='false' data-av_icon='\uf232' data-av_iconfont='entypo-fontello' title='' data-avia-related-tooltip='Compartir en Whatsapp' rel=\"noopener\"><span class='avia_hidden_link_text'>Compartir en Whatsapp<\/span><\/a><\/li><li class='av-share-link av-social-link-linkedin' ><a target=\"_blank\" aria-label=\"Compartir en LinkedIn\" href='https:\/\/linkedin.com\/shareArticle?mini=true&#038;title=Inician%20ciclo%20de%20conversaci%C3%B3n%20hist%C3%B3rica%20rescatando%20los%20or%C3%ADgenes%20de%20la%20navegaci%C3%B3n%20en%20el%20Litoral%20de%20Ays%C3%A9n&#038;url=https:\/\/radiorevelacionfm.cl\/?p=13377' aria-hidden='false' data-av_icon='\ue8fc' data-av_iconfont='entypo-fontello' title='' data-avia-related-tooltip='Compartir en LinkedIn' rel=\"noopener\"><span class='avia_hidden_link_text'>Compartir en LinkedIn<\/span><\/a><\/li><li class='av-share-link av-social-link-mail' ><a  aria-label=\"Compartir por correo\" href='mailto:?subject=Inician%20ciclo%20de%20conversaci%C3%B3n%20hist%C3%B3rica%20rescatando%20los%20or%C3%ADgenes%20de%20la%20navegaci%C3%B3n%20en%20el%20Litoral%20de%20Ays%C3%A9n&#038;body=https:\/\/radiorevelacionfm.cl\/?p=13377' aria-hidden='false' data-av_icon='\ue805' data-av_iconfont='entypo-fontello' title='' data-avia-related-tooltip='Compartir por correo'><span class='avia_hidden_link_text'>Compartir por correo<\/span><\/a><\/li><\/ul><\/div><\/div>\n<div  style='height:50px' class='hr hr-invisible   avia-builder-el-8  el_after_av_social_share  el_before_av_comments_list '><span class='hr-inner ' ><span class='hr-inner-style'><\/span><\/span><\/div>\n<div  class='av-buildercomment  av-blog-meta-html-info-disabled av-blog-meta-tag-disabled  '><\/div>\n","protected":false},"excerpt":{"rendered":"","protected":false},"author":1,"featured_media":13378,"comment_status":"open","ping_status":"open","sticky":false,"template":"","format":"standard","meta":{"footnotes":""},"categories":[38],"tags":[],"class_list":["post-13377","post","type-post","status-publish","format-standard","has-post-thumbnail","hentry","category-regional"],"jetpack_featured_media_url":"https:\/\/radiorevelacionfm.cl\/wp-content\/uploads\/2022\/01\/losprimerosnav6-1_optimized.jpeg","_links":{"self":[{"href":"https:\/\/radiorevelacionfm.cl\/index.php?rest_route=\/wp\/v2\/posts\/13377","targetHints":{"allow":["GET"]}}],"collection":[{"href":"https:\/\/radiorevelacionfm.cl\/index.php?rest_route=\/wp\/v2\/posts"}],"about":[{"href":"https:\/\/radiorevelacionfm.cl\/index.php?rest_route=\/wp\/v2\/types\/post"}],"author":[{"embeddable":true,"href":"https:\/\/radiorevelacionfm.cl\/index.php?rest_route=\/wp\/v2\/users\/1"}],"replies":[{"embeddable":true,"href":"https:\/\/radiorevelacionfm.cl\/index.php?rest_route=%2Fwp%2Fv2%2Fcomments&post=13377"}],"version-history":[{"count":3,"href":"https:\/\/radiorevelacionfm.cl\/index.php?rest_route=\/wp\/v2\/posts\/13377\/revisions"}],"predecessor-version":[{"id":13392,"href":"https:\/\/radiorevelacionfm.cl\/index.php?rest_route=\/wp\/v2\/posts\/13377\/revisions\/13392"}],"wp:featuredmedia":[{"embeddable":true,"href":"https:\/\/radiorevelacionfm.cl\/index.php?rest_route=\/wp\/v2\/media\/13378"}],"wp:attachment":[{"href":"https:\/\/radiorevelacionfm.cl\/index.php?rest_route=%2Fwp%2Fv2%2Fmedia&parent=13377"}],"wp:term":[{"taxonomy":"category","embeddable":true,"href":"https:\/\/radiorevelacionfm.cl\/index.php?rest_route=%2Fwp%2Fv2%2Fcategories&post=13377"},{"taxonomy":"post_tag","embeddable":true,"href":"https:\/\/radiorevelacionfm.cl\/index.php?rest_route=%2Fwp%2Fv2%2Ftags&post=13377"}],"curies":[{"name":"wp","href":"https:\/\/api.w.org\/{rel}","templated":true}]}}