{"id":13372,"date":"2022-01-31T21:13:24","date_gmt":"2022-02-01T00:13:24","guid":{"rendered":"https:\/\/radiorevelacionfm.cl\/?p=13372"},"modified":"2022-01-31T21:13:37","modified_gmt":"2022-02-01T00:13:37","slug":"cesfam-de-puerto-aysen-contara-con-nuevo-sistema-de-calefaccion-tras-alianza-con-el-municipio","status":"publish","type":"post","link":"https:\/\/radiorevelacionfm.cl\/?p=13372","title":{"rendered":"Cesfam de Puerto Ays\u00e9n contar\u00e1 con nuevo sistema de calefacci\u00f3n tras alianza con el municipio"},"content":{"rendered":"<p>m<div class=\"flex_column av_one_full  flex_column_div av-zero-column-padding first  avia-builder-el-0  el_before_av_one_full  avia-builder-el-first  \" style='border-radius:0px; '><section class=\"av_textblock_section \"  itemscope=\"itemscope\" itemtype=\"https:\/\/schema.org\/BlogPosting\" itemprop=\"blogPost\" ><div class='avia_textblock  '   itemprop=\"text\" ><p style=\"text-align: center;\"><strong><span style=\"font-size: 18pt;\">Cesfam de Puerto Ays\u00e9n contar\u00e1 con nuevo sistema de calefacci\u00f3n tras alianza con el municipio<\/span><\/strong><\/p>\n<div id=\"gtx-trans\" style=\"position: absolute; left: -50px; top: 4.31534px;\">\n<div class=\"gtx-trans-icon\"><\/div>\n<\/div>\n<\/div><\/section><\/div><div class=\"flex_column av_one_full  flex_column_div av-zero-column-padding first  \" style='border-radius:0px; '><section class=\"av_textblock_section \"  itemscope=\"itemscope\" itemtype=\"https:\/\/schema.org\/BlogPosting\" itemprop=\"blogPost\" ><div class='avia_textblock  '   itemprop=\"text\" ><p style=\"text-align: justify;\">Hasta el Cesfam de Puerto Ays\u00e9n se traslad\u00f3 un contingente municipal liderado por el alcalde, Julio Uribe Alvarado, para encabezar la entrega de terrenos del proyecto formulado por la Casa Edilicia destinado para la reposici\u00f3n y mejoramiento del Sistema de Calefacci\u00f3n T\u00e9rmico que presenta el recinto de Atenci\u00f3n Primaria de Salud. Esto como parte del convenio de colaboraci\u00f3n que presenta el municipio aysenino con el Servicio de Salud de Ays\u00e9n. El financiamiento para estas faenas proviene del Fondo Regional de Iniciativa Local (FRIL) del Gobierno Regional de Ays\u00e9n y su Consejo por m\u00e1s 114 millones de pesos.<\/p>\n<p style=\"text-align: justify;\">Frente a este escenario, el alcalde de Ays\u00e9n, Julio Uribe Alvarado, destac\u00f3 que \u201ccomo nueva administraci\u00f3n me toc\u00f3 tomar este proyecto que venia un retraso importante y hoy d\u00eda con gran alegr\u00eda ya estamos entregando terreno para que esto comience a funcionar y poder solucionar todo lo que conlleva el tener una calefacci\u00f3n adecuada para un lugar que realmente lo necesitaba, que los funcionarios estaban atendiendo con chaquetas, la dificultad para los pap\u00e1s para traer a sus hijos a un lugar helado. Por lo tanto, estamos muy contentos y esperar que la ejecuci\u00f3n de esta obra termine en los tiempos y forma cosa que para este invierno ya contemos con este elemento de la mejor forma.\u201d<\/p>\n<p style=\"text-align: justify;\">En tanto, el Dr. Cesar Reguero Zapata, director del Centro de Salud Familiar en la comuna porte\u00f1a enfatiz\u00f3 la alianza generada entre los servicios p\u00fablicos que permiti\u00f3 generar este beneficio en pos de los vecinos de Puerto Ays\u00e9n. Agregando que \u201cnosotros tenemos un establecimiento que lo que queremos mucho pero es una casa que tiene sus a\u00f1os, entonces mejoras significativas como la calefacci\u00f3n van a impactar en el d\u00eda a d\u00eda a m\u00e1s de 700 personas que se atienden con nosotros\u201d, realizando de igual forma un hincapi\u00e9 en la mejora sustantiva que presentar\u00e1 la provisi\u00f3n de salud p\u00fablica en la zona.<\/p>\n<p style=\"text-align: justify;\">Finalmente, Mauricio Asenjo, contratista local y representante de Clima Sur Servicios abord\u00f3 los plazos definidos para ejecutar las faenas proyectando inclusive concluir en un plazo menor la intervenci\u00f3n en el recinto sanitario. El microempresario tambi\u00e9n se\u00f1al\u00f3 que \u201ctodos saben que aqu\u00ed a la regi\u00f3n es dif\u00edcil traer estos elementos desde afuera, son equipos super caros y es dif\u00edcil conseguirlos, pero al final se cumpli\u00f3 la meta y tienen un poder calor\u00edfico mucho m\u00e1s grande, produce menos contaminaci\u00f3n por lo tanto ya no se va a consumir le\u00f1a que es lo que tienen aqu\u00ed junto al petr\u00f3leo\u201d, concluy\u00f3 Asenjo.<\/p>\n<\/div><\/section><\/div><div  style='height:50px' class='hr hr-invisible  '><span class='hr-inner ' ><span class='hr-inner-style'><\/span><\/span><\/div><\/p>\n<div  class='av-social-sharing-box  '><div class='av-share-box'><h5 class='av-share-link-description av-no-toc '>Compartir esta noticia<\/h5><ul class='av-share-box-list noLightbox'><li class='av-share-link av-social-link-facebook' ><a target=\"_blank\" aria-label=\"Compartir en Facebook\" href='https:\/\/www.facebook.com\/sharer.php?u=https:\/\/radiorevelacionfm.cl\/?p=13372&#038;t=Cesfam%20de%20Puerto%20Ays%C3%A9n%20contar%C3%A1%20con%20nuevo%20sistema%20de%20calefacci%C3%B3n%20tras%20alianza%20con%20el%20municipio' aria-hidden='false' data-av_icon='\ue8f3' data-av_iconfont='entypo-fontello' title='' data-avia-related-tooltip='Compartir en Facebook' rel=\"noopener\"><span class='avia_hidden_link_text'>Compartir en Facebook<\/span><\/a><\/li><li class='av-share-link av-social-link-twitter' ><a target=\"_blank\" aria-label=\"Compartir en Twitter\" href='https:\/\/twitter.com\/share?text=Cesfam%20de%20Puerto%20Ays%C3%A9n%20contar%C3%A1%20con%20nuevo%20sistema%20de%20calefacci%C3%B3n%20tras%20alianza%20con%20el%20municipio&#038;url=https:\/\/radiorevelacionfm.cl\/?p=13372' aria-hidden='false' data-av_icon='\ue8f1' data-av_iconfont='entypo-fontello' title='' data-avia-related-tooltip='Compartir en Twitter' rel=\"noopener\"><span class='avia_hidden_link_text'>Compartir en Twitter<\/span><\/a><\/li><li class='av-share-link av-social-link-whatsapp' ><a target=\"_blank\" aria-label=\"Compartir en Whatsapp\" href='https:\/\/api.whatsapp.com\/send?text=https:\/\/radiorevelacionfm.cl\/?p=13372' aria-hidden='false' data-av_icon='\uf232' data-av_iconfont='entypo-fontello' title='' data-avia-related-tooltip='Compartir en Whatsapp' rel=\"noopener\"><span class='avia_hidden_link_text'>Compartir en Whatsapp<\/span><\/a><\/li><li class='av-share-link av-social-link-linkedin' ><a target=\"_blank\" aria-label=\"Compartir en LinkedIn\" href='https:\/\/linkedin.com\/shareArticle?mini=true&#038;title=Cesfam%20de%20Puerto%20Ays%C3%A9n%20contar%C3%A1%20con%20nuevo%20sistema%20de%20calefacci%C3%B3n%20tras%20alianza%20con%20el%20municipio&#038;url=https:\/\/radiorevelacionfm.cl\/?p=13372' aria-hidden='false' data-av_icon='\ue8fc' data-av_iconfont='entypo-fontello' title='' data-avia-related-tooltip='Compartir en LinkedIn' rel=\"noopener\"><span class='avia_hidden_link_text'>Compartir en LinkedIn<\/span><\/a><\/li><li class='av-share-link av-social-link-mail' ><a  aria-label=\"Compartir por correo\" href='mailto:?subject=Cesfam%20de%20Puerto%20Ays%C3%A9n%20contar%C3%A1%20con%20nuevo%20sistema%20de%20calefacci%C3%B3n%20tras%20alianza%20con%20el%20municipio&#038;body=https:\/\/radiorevelacionfm.cl\/?p=13372' aria-hidden='false' data-av_icon='\ue805' data-av_iconfont='entypo-fontello' title='' data-avia-related-tooltip='Compartir por correo'><span class='avia_hidden_link_text'>Compartir por correo<\/span><\/a><\/li><\/ul><\/div><\/div>\n<div  style='height:50px' class='hr hr-invisible  '><span class='hr-inner ' ><span class='hr-inner-style'><\/span><\/span><\/div>\n<div  class='av-buildercomment  av-blog-meta-html-info-disabled av-blog-meta-tag-disabled  '><\/div>\n","protected":false},"excerpt":{"rendered":"<p>m<\/p>\n","protected":false},"author":1,"featured_media":13373,"comment_status":"open","ping_status":"open","sticky":false,"template":"","format":"standard","meta":{"footnotes":""},"categories":[38],"tags":[],"class_list":["post-13372","post","type-post","status-publish","format-standard","has-post-thumbnail","hentry","category-regional"],"jetpack_featured_media_url":"https:\/\/radiorevelacionfm.cl\/wp-content\/uploads\/2022\/01\/Cesfam-muniaysen1-1-1.jpeg","_links":{"self":[{"href":"https:\/\/radiorevelacionfm.cl\/index.php?rest_route=\/wp\/v2\/posts\/13372","targetHints":{"allow":["GET"]}}],"collection":[{"href":"https:\/\/radiorevelacionfm.cl\/index.php?rest_route=\/wp\/v2\/posts"}],"about":[{"href":"https:\/\/radiorevelacionfm.cl\/index.php?rest_route=\/wp\/v2\/types\/post"}],"author":[{"embeddable":true,"href":"https:\/\/radiorevelacionfm.cl\/index.php?rest_route=\/wp\/v2\/users\/1"}],"replies":[{"embeddable":true,"href":"https:\/\/radiorevelacionfm.cl\/index.php?rest_route=%2Fwp%2Fv2%2Fcomments&post=13372"}],"version-history":[{"count":3,"href":"https:\/\/radiorevelacionfm.cl\/index.php?rest_route=\/wp\/v2\/posts\/13372\/revisions"}],"predecessor-version":[{"id":13375,"href":"https:\/\/radiorevelacionfm.cl\/index.php?rest_route=\/wp\/v2\/posts\/13372\/revisions\/13375"}],"wp:featuredmedia":[{"embeddable":true,"href":"https:\/\/radiorevelacionfm.cl\/index.php?rest_route=\/wp\/v2\/media\/13373"}],"wp:attachment":[{"href":"https:\/\/radiorevelacionfm.cl\/index.php?rest_route=%2Fwp%2Fv2%2Fmedia&parent=13372"}],"wp:term":[{"taxonomy":"category","embeddable":true,"href":"https:\/\/radiorevelacionfm.cl\/index.php?rest_route=%2Fwp%2Fv2%2Fcategories&post=13372"},{"taxonomy":"post_tag","embeddable":true,"href":"https:\/\/radiorevelacionfm.cl\/index.php?rest_route=%2Fwp%2Fv2%2Ftags&post=13372"}],"curies":[{"name":"wp","href":"https:\/\/api.w.org\/{rel}","templated":true}]}}