{"id":13367,"date":"2022-01-31T20:59:27","date_gmt":"2022-01-31T23:59:27","guid":{"rendered":"https:\/\/radiorevelacionfm.cl\/?p=13367"},"modified":"2022-01-31T20:59:27","modified_gmt":"2022-01-31T23:59:27","slug":"gobierno-valora-aumento-de-pensiones-en-ultimos-4-anos-tras-publicacion-de-pgu","status":"publish","type":"post","link":"https:\/\/radiorevelacionfm.cl\/?p=13367","title":{"rendered":"Gobierno valora aumento de pensiones en \u00faltimos 4 a\u00f1os tras publicaci\u00f3n de PGU"},"content":{"rendered":"<div class=\"flex_column av_one_full  flex_column_div av-zero-column-padding first  avia-builder-el-0  el_before_av_one_full  avia-builder-el-first  \" style='border-radius:0px; '><div  class='avia-image-container  av-styling-    avia-builder-el-1  avia-builder-el-no-sibling  avia-align-center '  itemprop=\"image\" itemscope=\"itemscope\" itemtype=\"https:\/\/schema.org\/ImageObject\"  ><div class='avia-image-container-inner'><div class='avia-image-overlay-wrap'><img decoding=\"async\" class='wp-image-13368 avia-img-lazy-loading-not-13368 avia_image' src=\"https:\/\/radiorevelacionfm.cl\/wp-content\/uploads\/2022\/01\/PGU-2022-01-31a-1-1.jpg\" alt='' title='PGU 2022-01-31a (1) (1)' height=\"600\" width=\"1169\"  itemprop=\"thumbnailUrl\" srcset=\"https:\/\/radiorevelacionfm.cl\/wp-content\/uploads\/2022\/01\/PGU-2022-01-31a-1-1.jpg 1169w, https:\/\/radiorevelacionfm.cl\/wp-content\/uploads\/2022\/01\/PGU-2022-01-31a-1-1-300x154.jpg 300w, https:\/\/radiorevelacionfm.cl\/wp-content\/uploads\/2022\/01\/PGU-2022-01-31a-1-1-1030x529.jpg 1030w, https:\/\/radiorevelacionfm.cl\/wp-content\/uploads\/2022\/01\/PGU-2022-01-31a-1-1-768x394.jpg 768w, https:\/\/radiorevelacionfm.cl\/wp-content\/uploads\/2022\/01\/PGU-2022-01-31a-1-1-705x362.jpg 705w, https:\/\/radiorevelacionfm.cl\/wp-content\/uploads\/2022\/01\/PGU-2022-01-31a-1-1-600x308.jpg 600w\" sizes=\"(max-width: 1169px) 100vw, 1169px\" \/><\/div><\/div><\/div><\/div><div class=\"flex_column av_one_full  flex_column_div av-zero-column-padding first  avia-builder-el-2  el_after_av_one_full  el_before_av_one_full  column-top-margin\" style='border-radius:0px; '><section class=\"av_textblock_section \"  itemscope=\"itemscope\" itemtype=\"https:\/\/schema.org\/BlogPosting\" itemprop=\"blogPost\" ><div class='avia_textblock  '   itemprop=\"text\" ><p style=\"text-align: center;\"><strong><span style=\"font-size: 18pt;\">Gobierno valora aumento de pensiones en \u00faltimos 4 a\u00f1os tras publicaci\u00f3n de PGU<\/span><\/strong><\/p>\n<div id=\"gtx-trans\" style=\"position: absolute; left: -50px; top: 4.31534px;\">\n<div class=\"gtx-trans-icon\"><\/div>\n<\/div>\n<\/div><\/section><\/div><div class=\"flex_column av_one_full  flex_column_div av-zero-column-padding first  avia-builder-el-4  el_after_av_one_full  el_before_av_hr  column-top-margin\" style='border-radius:0px; '><section class=\"av_textblock_section \"  itemscope=\"itemscope\" itemtype=\"https:\/\/schema.org\/BlogPosting\" itemprop=\"blogPost\" ><div class='avia_textblock  '   itemprop=\"text\" ><p style=\"text-align: justify;\">El pasado viernes el Presidente Sebasti\u00e1n Pi\u00f1era anunci\u00f3 la publicaci\u00f3n de la Pensi\u00f3n Garantizada Universal (PGU), la cual beneficiar\u00e1 a m\u00e1s de 2 millones de personas a lo largo del pa\u00eds y a m\u00e1s de 8 mil ayseninos a contar de la tercera semana de febrero y que alcanza los $185 mil.<\/p>\n<p style=\"text-align: justify;\">Cabe consignar que entre los recursos establecidos se encuentra: Haber cumplido 65 a\u00f1os; no encontrarse en el 10% m\u00e1s rico de la poblaci\u00f3n de 65 a\u00f1os o m\u00e1s, acreditar residencia en Chile por, al menos, 20 a\u00f1os y tener una pensi\u00f3n menos al $1 mill\u00f3n.<\/p>\n<p style=\"text-align: justify;\">En concreto, y de acuerdo a lo establecido en el proyecto, se aumentar\u00e1n las pensiones en un m\u00e1ximo de 35% y 350% para los beneficiarios del Pilar Solidario y los Nuevos Beneficiarios respectivamente, en lo que representa uno de los avances m\u00e1s importantes de las \u00faltimas d\u00e9cadas en materia de pensiones.<\/p>\n<p style=\"text-align: justify;\">As\u00ed al menos lo plantearon la Delegada Presidencial Regional (s), Ver\u00f3nica D\u00edaz, y la titular de Trabajo y Previsi\u00f3n Social, Andrea Ponce, quienes destacaron los esfuerzos del gobierno del Presidente Sebasti\u00e1n Pi\u00f1era por incrementar las pensiones de las personas jubiladas.<\/p>\n<p style=\"text-align: justify;\">\u201cSe ha aprobado como ley la Pensi\u00f3n Garantizada Universal, una pol\u00edtica p\u00fablica que busca mejorar la calidad de los adultos mayores de nuestro pa\u00eds y regi\u00f3n. En Ays\u00e9n aumenta la cobertura en t\u00e9rmino de beneficio y ser\u00e1n cerca de 8 mil las personas beneficiadas\u201d agregando que se trata de \u201cuna tremenda noticia, sobre todo cuando en este gobierno se ha procurado mejorar las condiciones y calidad de vida de las personas, no solo a trav\u00e9s de esta iniciativa, sino que tambi\u00e9n de otras en materia de deporte, cultura y viene a sellar todo ese trabajo y esfuerzo que se ha desarrollado\u201d, dijo Ver\u00f3nica D\u00edaz.<\/p>\n<p style=\"text-align: justify;\">En tanto Andrea Ponce, seremi del Trabajo y Previsi\u00f3n Social, ahond\u00f3 en que la noticia \u201cviene a saldar una deuda que ten\u00edamos con los adultos mayores como Estado\u201d explicando acto seguido que\u00a0 \u201ccuando parti\u00f3 el gobierno del Presidente Sebasti\u00e1n Pi\u00f1era las pensiones b\u00e1sicas solidarias ten\u00edan un monto de $104 mil y hoy d\u00eda estamos hablando de llegar a los $185 mil en cuatro a\u00f1os por lo tanto, es relevante y adem\u00e1s de aquello apoyar a quienes tienen una pensi\u00f3n con sus propios ahorros que no recib\u00edan una ayuda tan relevante porque s\u00ed estaba el aporte solidario pero no al nivel de lo que va a ayudar la Pensi\u00f3n Garantizada Universal\u201d, se\u00f1al\u00f3.<\/p>\n<p style=\"text-align: justify;\">En esa misma l\u00ednea, Ponce aclar\u00f3 algunas dudas respecto del proyecto y que, tendr\u00e1 un impacto positivo en los nuevos beneficiarios ya que podr\u00e1n acceder a apoyos del gobierno, indicando que \u201ccon esta nueva Ley de la Pensi\u00f3n Garantizada Universal quienes tengan sus propios ahorros en sus cuentas de capitalizaci\u00f3n individual, y que tengan una vivienda propia ser\u00e1n considerados tambi\u00e9n beneficiarios y que antiguamente no era as\u00ed; porque lo que estamos buscando es validar la independencia y autonom\u00eda econ\u00f3mica de los adultos mayores, no dej\u00e1ndolos afuera de este beneficio por los recursos que pueda tener alg\u00fan miembro de su familia\u201d, indic\u00f3.<\/p>\n<p style=\"text-align: justify;\">Desde el IPS en tanto, su director, Carlos Rodr\u00edguez, explic\u00f3 que los pagos para las personas que reciben Pensi\u00f3n B\u00e1sica Solidaria \u2013 tanto de invalidez como vejez \u2013 se realizar\u00e1n \u201cestos pagos van a comenzar el 18 de febrero es decir, las personas que reciben Pensi\u00f3n B\u00e1sica Solidaria y que su pago por dep\u00f3sito es antes del 18 de febrero, van a recibir los $176 mil que reciben hasta ahora y por ese mismo dep\u00f3sito van a recibir la diferencia. En el caso de las personas que tengan paso despu\u00e9s de esa fecha, van a recibir de inmediato el monto que corresponde\u201d haciendo especial hincapi\u00e9 a \u201ctener siempre cuidado con los fraudes porque hay mucha gente fresca que llama ofreciendo ayuda y lo mejor es no dar ning\u00fan dato\u201d.<\/p>\n<p style=\"text-align: justify;\">Por \u00faltimo, desde la seremi de la Mujer y Equidad de G\u00e9nero, en voz de B\u00e1rbara Ortuzar, calificaron positivamente este proyecto de gobierno indicando que \u201cse suman 300 mil mujeres m\u00e1s y es importante porque tenemos pensiones m\u00e1s bajas, de hecho, tenemos una diferencia del 39% porque hemos dejado de trabajar para dedicarnos al cuidado de ni\u00f1os y ni\u00f1as por lo tanto, tenemos lagunas previsionales y por ende pensiones m\u00e1s bajas que los hombres\u201d, concluy\u00f3.<\/p>\n<\/div><\/section><\/div><div  style='height:50px' class='hr hr-invisible   avia-builder-el-6  el_after_av_one_full  el_before_av_social_share '><span class='hr-inner ' ><span class='hr-inner-style'><\/span><\/span><\/div><\/p>\n<div  class='av-social-sharing-box  avia-builder-el-7  el_after_av_hr  el_before_av_hr  '><div class='av-share-box'><h5 class='av-share-link-description av-no-toc '>Compartir esta noticia<\/h5><ul class='av-share-box-list noLightbox'><li class='av-share-link av-social-link-facebook' ><a target=\"_blank\" aria-label=\"Compartir en Facebook\" href='https:\/\/www.facebook.com\/sharer.php?u=https:\/\/radiorevelacionfm.cl\/?p=13367&#038;t=Gobierno%20valora%20aumento%20de%20pensiones%20en%20%C3%BAltimos%204%20a%C3%B1os%20tras%20publicaci%C3%B3n%20de%20PGU' aria-hidden='false' data-av_icon='\ue8f3' data-av_iconfont='entypo-fontello' title='' data-avia-related-tooltip='Compartir en Facebook' rel=\"noopener\"><span class='avia_hidden_link_text'>Compartir en Facebook<\/span><\/a><\/li><li class='av-share-link av-social-link-twitter' ><a target=\"_blank\" aria-label=\"Compartir en Twitter\" href='https:\/\/twitter.com\/share?text=Gobierno%20valora%20aumento%20de%20pensiones%20en%20%C3%BAltimos%204%20a%C3%B1os%20tras%20publicaci%C3%B3n%20de%20PGU&#038;url=https:\/\/radiorevelacionfm.cl\/?p=13367' aria-hidden='false' data-av_icon='\ue8f1' data-av_iconfont='entypo-fontello' title='' data-avia-related-tooltip='Compartir en Twitter' rel=\"noopener\"><span class='avia_hidden_link_text'>Compartir en Twitter<\/span><\/a><\/li><li class='av-share-link av-social-link-whatsapp' ><a target=\"_blank\" aria-label=\"Compartir en Whatsapp\" href='https:\/\/api.whatsapp.com\/send?text=https:\/\/radiorevelacionfm.cl\/?p=13367' aria-hidden='false' data-av_icon='\uf232' data-av_iconfont='entypo-fontello' title='' data-avia-related-tooltip='Compartir en Whatsapp' rel=\"noopener\"><span class='avia_hidden_link_text'>Compartir en Whatsapp<\/span><\/a><\/li><li class='av-share-link av-social-link-linkedin' ><a target=\"_blank\" aria-label=\"Compartir en LinkedIn\" href='https:\/\/linkedin.com\/shareArticle?mini=true&#038;title=Gobierno%20valora%20aumento%20de%20pensiones%20en%20%C3%BAltimos%204%20a%C3%B1os%20tras%20publicaci%C3%B3n%20de%20PGU&#038;url=https:\/\/radiorevelacionfm.cl\/?p=13367' aria-hidden='false' data-av_icon='\ue8fc' data-av_iconfont='entypo-fontello' title='' data-avia-related-tooltip='Compartir en LinkedIn' rel=\"noopener\"><span class='avia_hidden_link_text'>Compartir en LinkedIn<\/span><\/a><\/li><li class='av-share-link av-social-link-mail' ><a  aria-label=\"Compartir por correo\" href='mailto:?subject=Gobierno%20valora%20aumento%20de%20pensiones%20en%20%C3%BAltimos%204%20a%C3%B1os%20tras%20publicaci%C3%B3n%20de%20PGU&#038;body=https:\/\/radiorevelacionfm.cl\/?p=13367' aria-hidden='false' data-av_icon='\ue805' data-av_iconfont='entypo-fontello' title='' data-avia-related-tooltip='Compartir por correo'><span class='avia_hidden_link_text'>Compartir por correo<\/span><\/a><\/li><\/ul><\/div><\/div>\n<div  style='height:50px' class='hr hr-invisible   avia-builder-el-8  el_after_av_social_share  el_before_av_comments_list '><span class='hr-inner ' ><span class='hr-inner-style'><\/span><\/span><\/div>\n<div  class='av-buildercomment  av-blog-meta-html-info-disabled av-blog-meta-tag-disabled  '><\/div>\n","protected":false},"excerpt":{"rendered":"","protected":false},"author":1,"featured_media":13368,"comment_status":"open","ping_status":"open","sticky":false,"template":"","format":"standard","meta":{"footnotes":""},"categories":[38],"tags":[],"class_list":["post-13367","post","type-post","status-publish","format-standard","has-post-thumbnail","hentry","category-regional"],"jetpack_featured_media_url":"https:\/\/radiorevelacionfm.cl\/wp-content\/uploads\/2022\/01\/PGU-2022-01-31a-1-1.jpg","_links":{"self":[{"href":"https:\/\/radiorevelacionfm.cl\/index.php?rest_route=\/wp\/v2\/posts\/13367","targetHints":{"allow":["GET"]}}],"collection":[{"href":"https:\/\/radiorevelacionfm.cl\/index.php?rest_route=\/wp\/v2\/posts"}],"about":[{"href":"https:\/\/radiorevelacionfm.cl\/index.php?rest_route=\/wp\/v2\/types\/post"}],"author":[{"embeddable":true,"href":"https:\/\/radiorevelacionfm.cl\/index.php?rest_route=\/wp\/v2\/users\/1"}],"replies":[{"embeddable":true,"href":"https:\/\/radiorevelacionfm.cl\/index.php?rest_route=%2Fwp%2Fv2%2Fcomments&post=13367"}],"version-history":[{"count":2,"href":"https:\/\/radiorevelacionfm.cl\/index.php?rest_route=\/wp\/v2\/posts\/13367\/revisions"}],"predecessor-version":[{"id":13370,"href":"https:\/\/radiorevelacionfm.cl\/index.php?rest_route=\/wp\/v2\/posts\/13367\/revisions\/13370"}],"wp:featuredmedia":[{"embeddable":true,"href":"https:\/\/radiorevelacionfm.cl\/index.php?rest_route=\/wp\/v2\/media\/13368"}],"wp:attachment":[{"href":"https:\/\/radiorevelacionfm.cl\/index.php?rest_route=%2Fwp%2Fv2%2Fmedia&parent=13367"}],"wp:term":[{"taxonomy":"category","embeddable":true,"href":"https:\/\/radiorevelacionfm.cl\/index.php?rest_route=%2Fwp%2Fv2%2Fcategories&post=13367"},{"taxonomy":"post_tag","embeddable":true,"href":"https:\/\/radiorevelacionfm.cl\/index.php?rest_route=%2Fwp%2Fv2%2Ftags&post=13367"}],"curies":[{"name":"wp","href":"https:\/\/api.w.org\/{rel}","templated":true}]}}