{"id":13363,"date":"2022-01-31T20:42:18","date_gmt":"2022-01-31T23:42:18","guid":{"rendered":"https:\/\/radiorevelacionfm.cl\/?p=13363"},"modified":"2022-01-31T20:42:18","modified_gmt":"2022-01-31T23:42:18","slug":"corte-ordena-a-municipalidad-de-aysen-reintegrar-a-funcionarias-notificadas-ilegalmente-de-la-no-renovacion-de-contratas","status":"publish","type":"post","link":"https:\/\/radiorevelacionfm.cl\/?p=13363","title":{"rendered":"Corte ordena a Municipalidad de Ays\u00e9n reintegrar a funcionarias notificadas ilegalmente de la no renovaci\u00f3n de contratas"},"content":{"rendered":"<div class=\"flex_column av_one_full  flex_column_div av-zero-column-padding first  avia-builder-el-0  el_before_av_one_full  avia-builder-el-first  \" style='border-radius:0px; '><div  class='avia-image-container  av-styling-    avia-builder-el-1  avia-builder-el-no-sibling  avia-align-center '  itemprop=\"image\" itemscope=\"itemscope\" itemtype=\"https:\/\/schema.org\/ImageObject\"  ><div class='avia-image-container-inner'><div class='avia-image-overlay-wrap'><img decoding=\"async\" class='wp-image-6281 avia-img-lazy-loading-not-6281 avia_image' src=\"https:\/\/radiorevelacionfm.cl\/wp-content\/uploads\/2021\/07\/Foto-02-Corte-Coyhaique-1-1.jpg\" alt='' title='Foto 02 Corte Coyhaique (1) (1)' height=\"600\" width=\"900\"  itemprop=\"thumbnailUrl\" srcset=\"https:\/\/radiorevelacionfm.cl\/wp-content\/uploads\/2021\/07\/Foto-02-Corte-Coyhaique-1-1.jpg 900w, https:\/\/radiorevelacionfm.cl\/wp-content\/uploads\/2021\/07\/Foto-02-Corte-Coyhaique-1-1-300x200.jpg 300w, https:\/\/radiorevelacionfm.cl\/wp-content\/uploads\/2021\/07\/Foto-02-Corte-Coyhaique-1-1-768x512.jpg 768w, https:\/\/radiorevelacionfm.cl\/wp-content\/uploads\/2021\/07\/Foto-02-Corte-Coyhaique-1-1-705x470.jpg 705w, https:\/\/radiorevelacionfm.cl\/wp-content\/uploads\/2021\/07\/Foto-02-Corte-Coyhaique-1-1-600x400.jpg 600w\" sizes=\"(max-width: 900px) 100vw, 900px\" \/><\/div><\/div><\/div><\/div><div class=\"flex_column av_one_full  flex_column_div av-zero-column-padding first  avia-builder-el-2  el_after_av_one_full  el_before_av_one_full  column-top-margin\" style='border-radius:0px; '><section class=\"av_textblock_section \"  itemscope=\"itemscope\" itemtype=\"https:\/\/schema.org\/BlogPosting\" itemprop=\"blogPost\" ><div class='avia_textblock  '   itemprop=\"text\" ><p style=\"text-align: center;\"><strong><span style=\"font-size: 18pt;\">Corte ordena a Municipalidad de Ays\u00e9n reintegrar a funcionarias notificadas ilegalmente de la no renovaci\u00f3n de contratas<\/span><\/strong><\/p>\n<div id=\"gtx-trans\" style=\"position: absolute; left: -50px; top: 4.31534px;\">\n<div class=\"gtx-trans-icon\"><\/div>\n<\/div>\n<\/div><\/section><\/div><div class=\"flex_column av_one_full  flex_column_div av-zero-column-padding first  avia-builder-el-4  el_after_av_one_full  el_before_av_hr  column-top-margin\" style='border-radius:0px; '><section class=\"av_textblock_section \"  itemscope=\"itemscope\" itemtype=\"https:\/\/schema.org\/BlogPosting\" itemprop=\"blogPost\" ><div class='avia_textblock  '   itemprop=\"text\" ><p class=\"v1MsoNormal\" style=\"text-align: justify;\">La Corte de Apelaciones de Coyhaique acogi\u00f3 el recurso de protecci\u00f3n presentado en contra de la Municipalidad de Puerto de Ays\u00e9n, por incurrir en un acto arbitrario e ilegal al informar, a trav\u00e9s de una carta de notificaci\u00f3n, la no renovaci\u00f3n de las contrata de las recurrentes, cambiando en el mismo documento su estado laboral a prestaciones de servicios en calidad de honorarios.<\/p>\n<p class=\"v1MsoNormal\" style=\"text-align: justify;\">En fallo un\u00e1nime (causa rol 378-2021), la Primera Sala del Tribunal de alzada \u2013integrada por los ministros Natalia Rencoret Oliva, Sergio Mora Vallejos Pedro Castro Espinoza\u2013 acogi\u00f3 la acci\u00f3n constitucional y orden\u00f3 reintegrar a las recurrentes a sus funciones y a pagarles las remuneraciones devengadas durante el tiempo que estuvieron separadas de sus cargos.<\/p>\n<p class=\"v1MsoNormal\" style=\"text-align: justify;\">\u00ab(&#8230;) la facultad de nombrar (en este caso a honorarios a las recurrentes) y de remover (cu\u00e1l es la consecuencia de la no renovaci\u00f3n de contrata), es una facultad exclusiva e indelegable que pertenece solo al alcalde, quien debi\u00f3 actuar por s\u00ed y a trav\u00e9s del pertinente decreto Alcaldicio, no importando al efecto, que se haya procedido de acuerdo a presunto \u00abMemorando N\u00b0185&#8243;, dictado por el se\u00f1or Alcalde, el que, en todo caso, no fue acompa\u00f1ado a estos autos)\u00bb, sostiene el fallo.<\/p>\n<p class=\"v1MsoNormal\" style=\"text-align: justify;\">La resoluci\u00f3n agrega que: \u00ab(&#8230;)\u00a0en consecuencia, primeramente, surge la ilegalidad de las cartas de notificaci\u00f3n a las recurrentes, en tanto no se ha observado lo dispuesto por la Ley 18.695\u00bb.<\/p>\n<p class=\"v1MsoNormal\" style=\"text-align: justify;\">\u00ab(&#8230;) seguidamente, dichas cartas de notificaci\u00f3n son, adem\u00e1s, arbitrarias, en cuanto la motivaci\u00f3n dice relaci\u00f3n con el t\u00e9rmino anual de la contrata (31 de diciembre del a\u00f1o 2021), con clara infracci\u00f3n al principio de confianza leg\u00edtima, al que las recurrentes ten\u00edan derecho por haberse desempe\u00f1ado, ininterrumpidamente la una, Ana Araya Machuca, desde el primero de enero del a\u00f1o 2014 y hasta el 14 de septiembre del a\u00f1o 2020 y a contrata desde el 15 de septiembre del mismo a\u00f1o y hasta el 31 de diciembre del a\u00f1o 2021; en tanto que la otra, ingres\u00f3 al servicio el 2 de enero del a\u00f1o 2013 y hasta el 26 de agosto del a\u00f1o 2020, prestando servicios a honorarios y desde el 27 de agosto del mismo a\u00f1o y hasta el 31 de diciembre del a\u00f1o 2021, en calidad de contrata, tambi\u00e9n en forma ininterrumpida. Ha de coincidirse con las recurrentes en el sentido que las ampliaciones de sus funciones, no desvirtuaron el hecho de seguir prestando servicios a la misma municipalidad y departamento\u00bb, consigna el fallo.<\/p>\n<p class=\"v1MsoNormal\" style=\"text-align: justify;\">Para el tribunal de alzada: \u00ab(&#8230;) adem\u00e1s, se observa la insuficiencia de las citas legales como para motivar la no renovaci\u00f3n de las contratas, en atenci\u00f3n al referido principio. M\u00e1s a\u00fan, dichos actos tambi\u00e9n deviene en arbitrarios, si se tiene presente que para el cambio de modalidad, de prestaci\u00f3n de servicios, de contrata a honorarios, se fundamenta en una presunta \u00abnecesidad de reorganizaci\u00f3n del servicio\u00bb, cuesti\u00f3n no acreditada ni fundamentada\u00bb.<\/p>\n<p class=\"v1MsoNormal\" style=\"text-align: justify;\">\u00ab(&#8230;) en consecuencia, atendida la existencia de actos ilegales y arbitrarios, este Tribunal estima se ha vulnerado la garant\u00eda constitucional de las recurrentes contenida en el n\u00famero 2, del art\u00edculo 19, de la Constituci\u00f3n Pol\u00edtica de la Rep\u00fablica, esto es la igualdad ante la ley, ya que se ha desconocido a su respecto la normativa legal que rige para todas las personas\u00bb, colige.<\/p>\n<p class=\"v1MsoNormal\" style=\"text-align: justify;\">Por tanto, se resuelve que:\u00bb\u00a0SE ACOGE, con costas, el recurso de protecci\u00f3n presentado por Ximena Jim\u00e9nez Ulloa, en representaci\u00f3n de Ana Carolina Araya Machuca y Jordana Mabel Hinostroza Barros, deducido en contra de la Municipalidad de Puerto Ays\u00e9n, representada por su alcalde, Julio Esteban Confusio Uribe Alvarado, y en consecuencia se dejan sin efecto las cartas de notificaci\u00f3n del 4 de noviembre del a\u00f1o 2021, suscritas por B\u00e1rbara Gonz\u00e1lez Abarz\u00faa, debiendo el se\u00f1or alcalde dictar el pertinente Decreto Alcaldicio que renueve las contratas de las recurrentes por el per\u00edodo del a\u00f1o 2022, debi\u00e9ndose reintegrar a sus funciones a las recurrentes y proceder al pago de las remuneraciones devengadas durante el per\u00edodo de tiempo que hubieren estado separadas de sus cargos y hasta su efectiva reincorporaci\u00f3n\u00bb.<\/p>\n<\/div><\/section><\/div><div  style='height:50px' class='hr hr-invisible   avia-builder-el-6  el_after_av_one_full  el_before_av_social_share '><span class='hr-inner ' ><span class='hr-inner-style'><\/span><\/span><\/div><\/p>\n<div  class='av-social-sharing-box  avia-builder-el-7  el_after_av_hr  el_before_av_hr  '><div class='av-share-box'><h5 class='av-share-link-description av-no-toc '>Compartir esta noticia<\/h5><ul class='av-share-box-list noLightbox'><li class='av-share-link av-social-link-facebook' ><a target=\"_blank\" aria-label=\"Compartir en Facebook\" href='https:\/\/www.facebook.com\/sharer.php?u=https:\/\/radiorevelacionfm.cl\/?p=13363&#038;t=Corte%20ordena%20a%20Municipalidad%20de%20Ays%C3%A9n%20reintegrar%20a%20funcionarias%20notificadas%20ilegalmente%20de%20la%20no%20renovaci%C3%B3n%20de%20contratas' aria-hidden='false' data-av_icon='\ue8f3' data-av_iconfont='entypo-fontello' title='' data-avia-related-tooltip='Compartir en Facebook' rel=\"noopener\"><span class='avia_hidden_link_text'>Compartir en Facebook<\/span><\/a><\/li><li class='av-share-link av-social-link-twitter' ><a target=\"_blank\" aria-label=\"Compartir en Twitter\" href='https:\/\/twitter.com\/share?text=Corte%20ordena%20a%20Municipalidad%20de%20Ays%C3%A9n%20reintegrar%20a%20funcionarias%20notificadas%20ilegalmente%20de%20la%20no%20renovaci%C3%B3n%20de%20contratas&#038;url=https:\/\/radiorevelacionfm.cl\/?p=13363' aria-hidden='false' data-av_icon='\ue8f1' data-av_iconfont='entypo-fontello' title='' data-avia-related-tooltip='Compartir en Twitter' rel=\"noopener\"><span class='avia_hidden_link_text'>Compartir en Twitter<\/span><\/a><\/li><li class='av-share-link av-social-link-whatsapp' ><a target=\"_blank\" aria-label=\"Compartir en Whatsapp\" href='https:\/\/api.whatsapp.com\/send?text=https:\/\/radiorevelacionfm.cl\/?p=13363' aria-hidden='false' data-av_icon='\uf232' data-av_iconfont='entypo-fontello' title='' data-avia-related-tooltip='Compartir en Whatsapp' rel=\"noopener\"><span class='avia_hidden_link_text'>Compartir en Whatsapp<\/span><\/a><\/li><li class='av-share-link av-social-link-linkedin' ><a target=\"_blank\" aria-label=\"Compartir en LinkedIn\" href='https:\/\/linkedin.com\/shareArticle?mini=true&#038;title=Corte%20ordena%20a%20Municipalidad%20de%20Ays%C3%A9n%20reintegrar%20a%20funcionarias%20notificadas%20ilegalmente%20de%20la%20no%20renovaci%C3%B3n%20de%20contratas&#038;url=https:\/\/radiorevelacionfm.cl\/?p=13363' aria-hidden='false' data-av_icon='\ue8fc' data-av_iconfont='entypo-fontello' title='' data-avia-related-tooltip='Compartir en LinkedIn' rel=\"noopener\"><span class='avia_hidden_link_text'>Compartir en LinkedIn<\/span><\/a><\/li><li class='av-share-link av-social-link-mail' ><a  aria-label=\"Compartir por correo\" href='mailto:?subject=Corte%20ordena%20a%20Municipalidad%20de%20Ays%C3%A9n%20reintegrar%20a%20funcionarias%20notificadas%20ilegalmente%20de%20la%20no%20renovaci%C3%B3n%20de%20contratas&#038;body=https:\/\/radiorevelacionfm.cl\/?p=13363' aria-hidden='false' data-av_icon='\ue805' data-av_iconfont='entypo-fontello' title='' data-avia-related-tooltip='Compartir por correo'><span class='avia_hidden_link_text'>Compartir por correo<\/span><\/a><\/li><\/ul><\/div><\/div>\n<div  style='height:50px' class='hr hr-invisible   avia-builder-el-8  el_after_av_social_share  el_before_av_comments_list '><span class='hr-inner ' ><span class='hr-inner-style'><\/span><\/span><\/div>\n<div  class='av-buildercomment  av-blog-meta-html-info-disabled av-blog-meta-tag-disabled  '><\/div>\n","protected":false},"excerpt":{"rendered":"","protected":false},"author":1,"featured_media":6281,"comment_status":"open","ping_status":"open","sticky":false,"template":"","format":"standard","meta":{"footnotes":""},"categories":[55],"tags":[],"class_list":["post-13363","post","type-post","status-publish","format-standard","has-post-thumbnail","hentry","category-justicia"],"jetpack_featured_media_url":"https:\/\/radiorevelacionfm.cl\/wp-content\/uploads\/2021\/07\/Foto-02-Corte-Coyhaique-1-1.jpg","_links":{"self":[{"href":"https:\/\/radiorevelacionfm.cl\/index.php?rest_route=\/wp\/v2\/posts\/13363","targetHints":{"allow":["GET"]}}],"collection":[{"href":"https:\/\/radiorevelacionfm.cl\/index.php?rest_route=\/wp\/v2\/posts"}],"about":[{"href":"https:\/\/radiorevelacionfm.cl\/index.php?rest_route=\/wp\/v2\/types\/post"}],"author":[{"embeddable":true,"href":"https:\/\/radiorevelacionfm.cl\/index.php?rest_route=\/wp\/v2\/users\/1"}],"replies":[{"embeddable":true,"href":"https:\/\/radiorevelacionfm.cl\/index.php?rest_route=%2Fwp%2Fv2%2Fcomments&post=13363"}],"version-history":[{"count":2,"href":"https:\/\/radiorevelacionfm.cl\/index.php?rest_route=\/wp\/v2\/posts\/13363\/revisions"}],"predecessor-version":[{"id":13366,"href":"https:\/\/radiorevelacionfm.cl\/index.php?rest_route=\/wp\/v2\/posts\/13363\/revisions\/13366"}],"wp:featuredmedia":[{"embeddable":true,"href":"https:\/\/radiorevelacionfm.cl\/index.php?rest_route=\/wp\/v2\/media\/6281"}],"wp:attachment":[{"href":"https:\/\/radiorevelacionfm.cl\/index.php?rest_route=%2Fwp%2Fv2%2Fmedia&parent=13363"}],"wp:term":[{"taxonomy":"category","embeddable":true,"href":"https:\/\/radiorevelacionfm.cl\/index.php?rest_route=%2Fwp%2Fv2%2Fcategories&post=13363"},{"taxonomy":"post_tag","embeddable":true,"href":"https:\/\/radiorevelacionfm.cl\/index.php?rest_route=%2Fwp%2Fv2%2Ftags&post=13363"}],"curies":[{"name":"wp","href":"https:\/\/api.w.org\/{rel}","templated":true}]}}