{"id":13357,"date":"2022-01-31T15:31:40","date_gmt":"2022-01-31T18:31:40","guid":{"rendered":"https:\/\/radiorevelacionfm.cl\/?p=13357"},"modified":"2022-01-31T15:31:40","modified_gmt":"2022-01-31T18:31:40","slug":"positivos-resultados-ha-dado-el-programa-territorial-integrado-fiordos-y-canales-de-aysen-desde-su-creacion","status":"publish","type":"post","link":"https:\/\/radiorevelacionfm.cl\/?p=13357","title":{"rendered":"Positivos resultados ha dado el programa territorial integrado Fiordos y Canales de Ays\u00e9n desde su creaci\u00f3n"},"content":{"rendered":"<div class=\"flex_column av_one_full  flex_column_div av-zero-column-padding first  avia-builder-el-0  el_before_av_one_full  avia-builder-el-first  \" style='border-radius:0px; '><div  class='avia-image-container  av-styling-    avia-builder-el-1  avia-builder-el-no-sibling  avia-align-center '  itemprop=\"image\" itemscope=\"itemscope\" itemtype=\"https:\/\/schema.org\/ImageObject\"  ><div class='avia-image-container-inner'><div class='avia-image-overlay-wrap'><img decoding=\"async\" class='wp-image-13358 avia-img-lazy-loading-not-13358 avia_image' src=\"https:\/\/radiorevelacionfm.cl\/wp-content\/uploads\/2022\/01\/pti-2-2-2.jpg\" alt='' title='pti 2-2-2' height=\"600\" width=\"900\"  itemprop=\"thumbnailUrl\" srcset=\"https:\/\/radiorevelacionfm.cl\/wp-content\/uploads\/2022\/01\/pti-2-2-2.jpg 900w, https:\/\/radiorevelacionfm.cl\/wp-content\/uploads\/2022\/01\/pti-2-2-2-300x200.jpg 300w, https:\/\/radiorevelacionfm.cl\/wp-content\/uploads\/2022\/01\/pti-2-2-2-768x512.jpg 768w, https:\/\/radiorevelacionfm.cl\/wp-content\/uploads\/2022\/01\/pti-2-2-2-705x470.jpg 705w, https:\/\/radiorevelacionfm.cl\/wp-content\/uploads\/2022\/01\/pti-2-2-2-600x400.jpg 600w\" sizes=\"(max-width: 900px) 100vw, 900px\" \/><\/div><\/div><\/div><\/div><div class=\"flex_column av_one_full  flex_column_div av-zero-column-padding first  avia-builder-el-2  el_after_av_one_full  el_before_av_one_full  column-top-margin\" style='border-radius:0px; '><section class=\"av_textblock_section \"  itemscope=\"itemscope\" itemtype=\"https:\/\/schema.org\/BlogPosting\" itemprop=\"blogPost\" ><div class='avia_textblock  '   itemprop=\"text\" ><p style=\"text-align: center;\"><strong><span style=\"font-size: 18pt;\">Positivos resultados ha dado el programa territorial integrado Fiordos y Canales de Ays\u00e9n desde su creaci\u00f3n<\/span><\/strong><\/p>\n<div id=\"gtx-trans\" style=\"position: absolute; left: -50px; top: 4.31534px;\">\n<div class=\"gtx-trans-icon\"><\/div>\n<\/div>\n<\/div><\/section><\/div><div class=\"flex_column av_one_full  flex_column_div av-zero-column-padding first  avia-builder-el-4  el_after_av_one_full  el_before_av_hr  column-top-margin\" style='border-radius:0px; '><section class=\"av_textblock_section \"  itemscope=\"itemscope\" itemtype=\"https:\/\/schema.org\/BlogPosting\" itemprop=\"blogPost\" ><div class='avia_textblock  '   itemprop=\"text\" ><p style=\"text-align: justify;\">Por segundo a\u00f1o consecutivo contin\u00faa desarroll\u00e1ndose el Programa Territorial Integrado (PTI) de Corfo \u201cDesarrollo Competitivo de los Fiordos y Canales de Ays\u00e9n\u201d. Iniciativa que culmina su segundo a\u00f1o de ejecuci\u00f3n, de un total de tres, en mayo pr\u00f3ximo y que tiene como finalidad mejorar la competitividad de los proveedores regionales en la industria acu\u00edcola, ejecutando acciones y actividades que apoyen al mejoramiento de la calidad, faciliten el emprendimiento y la innovaci\u00f3n, adem\u00e1s de contribuir a la formaci\u00f3n de capital humano, como tambi\u00e9n articularse con distintos actores.<\/p>\n<p style=\"text-align: justify;\">Es por esta raz\u00f3n que el a\u00f1o pasado se cre\u00f3 el primer \u00abCat\u00e1logo Virtual de proveedores de servicios acu\u00edcolas en Ays\u00e9n\u00bb con el objetivo de convertirse en una vitrina virtual, que permita a la industria que opera en el territorio, por una parte, conocer las prestaciones regionales de todos los servicios disponibles y por otro lado, fortalecer los emprendimientos de los proveedores, mostrar de forma atractiva su variada oferta y generar articulaciones y v\u00ednculos con actores p\u00fablicos y privados de la regi\u00f3n de Ays\u00e9n.<\/p>\n<p style=\"text-align: justify;\">\u201cValoramos la ejecuci\u00f3n de este PTI que parti\u00f3 el 2020\u201d as\u00ed lo resalt\u00f3 Omar Mu\u00f1oz Sierra, director de Corfo Ays\u00e9n quien destac\u00f3 el potencial y la calidad de los servicios que tienen los prestadores de servicios acu\u00edcolas en la regi\u00f3n y el inter\u00e9s de la Corporaci\u00f3n de Fomento de la Producci\u00f3n en impulsar iniciativas de esta envergadura. \u201cTenemos el convencimiento de que la generaci\u00f3n de valor y riqueza por parte de esta industria depende del grado de competitividad de todas las empresas que la componen y los proveedores locales son una parte muy importante. Por ello, nuestro compromiso es fortalecerlos, a fin de lograr un crecimiento integral y arm\u00f3nico con las comunidades y el entorno, para que los habitantes de Ays\u00e9n se sientan parte de este desarrollo. La invitaci\u00f3n es a conocer esta iniciativa en el sitio <a href=\"http:\/\/www.fiordosycanales.cl\/\">www.fiordosycanales.cl<\/a>\u201d.<\/p>\n<p style=\"text-align: justify;\">Los desaf\u00edos del programa\u00a0 para el Desarrollo Competitivo de los Fiordos y Canales de Ays\u00e9n han logrado asentarse desde sus inicios, seg\u00fan explic\u00f3 el gestor del PTI Ays\u00e9n Ismael Infante<\/p>\n<p style=\"text-align: justify;\">\u201cCuando creamos este cat\u00e1logo virtual en el primer a\u00f1o de ejecuci\u00f3n, marcamos un antes y un despu\u00e9s en lo que respecta a los proveedores de servicios acu\u00edcolas. Pudieron constatar que esta vitrina los visibiliz\u00f3 de manera formal y con ello les report\u00f3 solidez, credibilidad, seriedad, entre otros, en una de las industrias m\u00e1s relevantes del pa\u00eds. Es por ello que en el segundo a\u00f1o continuamos reforzando el poblamiento de este cat\u00e1logo, hemos fortalecido los v\u00ednculos y esperamos ver algunos resultados en relaci\u00f3n a la contrataci\u00f3n de los servicios de proveedores locales de parte de la industria acu\u00edcola\u201d indic\u00f3.<\/p>\n<p style=\"text-align: justify;\">Este cat\u00e1logo virtual logr\u00f3 organizar y reunir en un solo espacio a los proveedores acu\u00edcolas, demostrando la variada oferta existente en la Regi\u00f3n de Ays\u00e9n, con un acceso f\u00e1cil, una vista amigable y un manejo expedito a la informaci\u00f3n sobre las empresas prestadoras de servicios, el que se puede visitar en <a href=\"http:\/\/www.proaqaysen.cl\/\">www.proaqaysen.cl<\/a>\u00a0 en donde est\u00e1n seccionadas por los rubros Limpieza de playas, Mantenci\u00f3n, Rob\u00f3tica sub, Servicios, Taller de redes, Tecnolog\u00eda y Transporte, entre otros.<\/p>\n<p style=\"text-align: justify;\">Por \u00faltimo, hay que se\u00f1alar que entre las acciones m\u00e1s relevantes del PTI Fiordos y Canales de Ays\u00e9n durante su primer a\u00f1o, fue apoyar en la conformaci\u00f3n de la Asociaci\u00f3n Gremial Acuiprov. A.G, se realizaron diversos estudios y levantamientos de informaci\u00f3n para reforzar las acciones de su segundo a\u00f1o, actualmente en ejecuci\u00f3n.<\/p>\n<\/div><\/section><\/div><div  style='height:50px' class='hr hr-invisible   avia-builder-el-6  el_after_av_one_full  el_before_av_social_share '><span class='hr-inner ' ><span class='hr-inner-style'><\/span><\/span><\/div><\/p>\n<div  class='av-social-sharing-box  avia-builder-el-7  el_after_av_hr  el_before_av_hr  '><div class='av-share-box'><h5 class='av-share-link-description av-no-toc '>Compartir esta noticia<\/h5><ul class='av-share-box-list noLightbox'><li class='av-share-link av-social-link-facebook' ><a target=\"_blank\" aria-label=\"Compartir en Facebook\" href='https:\/\/www.facebook.com\/sharer.php?u=https:\/\/radiorevelacionfm.cl\/?p=13357&#038;t=Positivos%20resultados%20ha%20dado%20el%20programa%20territorial%20integrado%20Fiordos%20y%20Canales%20de%20Ays%C3%A9n%20desde%20su%20creaci%C3%B3n' aria-hidden='false' data-av_icon='\ue8f3' data-av_iconfont='entypo-fontello' title='' data-avia-related-tooltip='Compartir en Facebook' rel=\"noopener\"><span class='avia_hidden_link_text'>Compartir en Facebook<\/span><\/a><\/li><li class='av-share-link av-social-link-twitter' ><a target=\"_blank\" aria-label=\"Compartir en Twitter\" href='https:\/\/twitter.com\/share?text=Positivos%20resultados%20ha%20dado%20el%20programa%20territorial%20integrado%20Fiordos%20y%20Canales%20de%20Ays%C3%A9n%20desde%20su%20creaci%C3%B3n&#038;url=https:\/\/radiorevelacionfm.cl\/?p=13357' aria-hidden='false' data-av_icon='\ue8f1' data-av_iconfont='entypo-fontello' title='' data-avia-related-tooltip='Compartir en Twitter' rel=\"noopener\"><span class='avia_hidden_link_text'>Compartir en Twitter<\/span><\/a><\/li><li class='av-share-link av-social-link-whatsapp' ><a target=\"_blank\" aria-label=\"Compartir en Whatsapp\" href='https:\/\/api.whatsapp.com\/send?text=https:\/\/radiorevelacionfm.cl\/?p=13357' aria-hidden='false' data-av_icon='\uf232' data-av_iconfont='entypo-fontello' title='' data-avia-related-tooltip='Compartir en Whatsapp' rel=\"noopener\"><span class='avia_hidden_link_text'>Compartir en Whatsapp<\/span><\/a><\/li><li class='av-share-link av-social-link-linkedin' ><a target=\"_blank\" aria-label=\"Compartir en LinkedIn\" href='https:\/\/linkedin.com\/shareArticle?mini=true&#038;title=Positivos%20resultados%20ha%20dado%20el%20programa%20territorial%20integrado%20Fiordos%20y%20Canales%20de%20Ays%C3%A9n%20desde%20su%20creaci%C3%B3n&#038;url=https:\/\/radiorevelacionfm.cl\/?p=13357' aria-hidden='false' data-av_icon='\ue8fc' data-av_iconfont='entypo-fontello' title='' data-avia-related-tooltip='Compartir en LinkedIn' rel=\"noopener\"><span class='avia_hidden_link_text'>Compartir en LinkedIn<\/span><\/a><\/li><li class='av-share-link av-social-link-mail' ><a  aria-label=\"Compartir por correo\" href='mailto:?subject=Positivos%20resultados%20ha%20dado%20el%20programa%20territorial%20integrado%20Fiordos%20y%20Canales%20de%20Ays%C3%A9n%20desde%20su%20creaci%C3%B3n&#038;body=https:\/\/radiorevelacionfm.cl\/?p=13357' aria-hidden='false' data-av_icon='\ue805' data-av_iconfont='entypo-fontello' title='' data-avia-related-tooltip='Compartir por correo'><span class='avia_hidden_link_text'>Compartir por correo<\/span><\/a><\/li><\/ul><\/div><\/div>\n<div  style='height:50px' class='hr hr-invisible   avia-builder-el-8  el_after_av_social_share  el_before_av_comments_list '><span class='hr-inner ' ><span class='hr-inner-style'><\/span><\/span><\/div>\n<div  class='av-buildercomment  av-blog-meta-html-info-disabled av-blog-meta-tag-disabled  '><\/div>\n","protected":false},"excerpt":{"rendered":"","protected":false},"author":1,"featured_media":13358,"comment_status":"open","ping_status":"open","sticky":false,"template":"","format":"standard","meta":{"footnotes":""},"categories":[38],"tags":[],"class_list":["post-13357","post","type-post","status-publish","format-standard","has-post-thumbnail","hentry","category-regional"],"jetpack_featured_media_url":"https:\/\/radiorevelacionfm.cl\/wp-content\/uploads\/2022\/01\/pti-2-2-2.jpg","_links":{"self":[{"href":"https:\/\/radiorevelacionfm.cl\/index.php?rest_route=\/wp\/v2\/posts\/13357","targetHints":{"allow":["GET"]}}],"collection":[{"href":"https:\/\/radiorevelacionfm.cl\/index.php?rest_route=\/wp\/v2\/posts"}],"about":[{"href":"https:\/\/radiorevelacionfm.cl\/index.php?rest_route=\/wp\/v2\/types\/post"}],"author":[{"embeddable":true,"href":"https:\/\/radiorevelacionfm.cl\/index.php?rest_route=\/wp\/v2\/users\/1"}],"replies":[{"embeddable":true,"href":"https:\/\/radiorevelacionfm.cl\/index.php?rest_route=%2Fwp%2Fv2%2Fcomments&post=13357"}],"version-history":[{"count":2,"href":"https:\/\/radiorevelacionfm.cl\/index.php?rest_route=\/wp\/v2\/posts\/13357\/revisions"}],"predecessor-version":[{"id":13361,"href":"https:\/\/radiorevelacionfm.cl\/index.php?rest_route=\/wp\/v2\/posts\/13357\/revisions\/13361"}],"wp:featuredmedia":[{"embeddable":true,"href":"https:\/\/radiorevelacionfm.cl\/index.php?rest_route=\/wp\/v2\/media\/13358"}],"wp:attachment":[{"href":"https:\/\/radiorevelacionfm.cl\/index.php?rest_route=%2Fwp%2Fv2%2Fmedia&parent=13357"}],"wp:term":[{"taxonomy":"category","embeddable":true,"href":"https:\/\/radiorevelacionfm.cl\/index.php?rest_route=%2Fwp%2Fv2%2Fcategories&post=13357"},{"taxonomy":"post_tag","embeddable":true,"href":"https:\/\/radiorevelacionfm.cl\/index.php?rest_route=%2Fwp%2Fv2%2Ftags&post=13357"}],"curies":[{"name":"wp","href":"https:\/\/api.w.org\/{rel}","templated":true}]}}