{"id":13353,"date":"2022-01-31T13:50:15","date_gmt":"2022-01-31T16:50:15","guid":{"rendered":"https:\/\/radiorevelacionfm.cl\/?p=13353"},"modified":"2022-01-31T13:50:15","modified_gmt":"2022-01-31T16:50:15","slug":"calisto-se-reune-con-comite-de-villa-frei-y-lamenta-poco-avance-en-proyecto-habitacional","status":"publish","type":"post","link":"https:\/\/radiorevelacionfm.cl\/?p=13353","title":{"rendered":"Calisto se re\u00fane con comit\u00e9 de Villa Frei y lamenta poco avance en proyecto habitacional"},"content":{"rendered":"<div class=\"flex_column av_one_full  flex_column_div av-zero-column-padding first  avia-builder-el-0  el_before_av_one_full  avia-builder-el-first  \" style='border-radius:0px; '><div  class='avia-image-container  av-styling-    avia-builder-el-1  avia-builder-el-no-sibling  avia-align-center '  itemprop=\"image\" itemscope=\"itemscope\" itemtype=\"https:\/\/schema.org\/ImageObject\"  ><div class='avia-image-container-inner'><div class='avia-image-overlay-wrap'><img decoding=\"async\" class='wp-image-13354 avia-img-lazy-loading-not-13354 avia_image' src=\"https:\/\/radiorevelacionfm.cl\/wp-content\/uploads\/2022\/01\/image-36-2.jpg\" alt='' title='image-36-2' height=\"600\" width=\"1092\"  itemprop=\"thumbnailUrl\" srcset=\"https:\/\/radiorevelacionfm.cl\/wp-content\/uploads\/2022\/01\/image-36-2.jpg 1092w, https:\/\/radiorevelacionfm.cl\/wp-content\/uploads\/2022\/01\/image-36-2-300x165.jpg 300w, https:\/\/radiorevelacionfm.cl\/wp-content\/uploads\/2022\/01\/image-36-2-1030x566.jpg 1030w, https:\/\/radiorevelacionfm.cl\/wp-content\/uploads\/2022\/01\/image-36-2-768x422.jpg 768w, https:\/\/radiorevelacionfm.cl\/wp-content\/uploads\/2022\/01\/image-36-2-705x387.jpg 705w, https:\/\/radiorevelacionfm.cl\/wp-content\/uploads\/2022\/01\/image-36-2-600x330.jpg 600w\" sizes=\"(max-width: 1092px) 100vw, 1092px\" \/><\/div><\/div><\/div><\/div><div class=\"flex_column av_one_full  flex_column_div av-zero-column-padding first  avia-builder-el-2  el_after_av_one_full  el_before_av_one_full  column-top-margin\" style='border-radius:0px; '><section class=\"av_textblock_section \"  itemscope=\"itemscope\" itemtype=\"https:\/\/schema.org\/BlogPosting\" itemprop=\"blogPost\" ><div class='avia_textblock  '   itemprop=\"text\" ><p style=\"text-align: center;\"><span style=\"font-size: 18pt;\"><strong>Calisto se re\u00fane con comit\u00e9 de Villa Frei y lamenta poco avance en proyecto habitacional<\/strong><\/span><\/p>\n<div id=\"gtx-trans\" style=\"position: absolute; left: -50px; top: 4.31534px;\">\n<div class=\"gtx-trans-icon\"><\/div>\n<\/div>\n<\/div><\/section><\/div><div class=\"flex_column av_one_full  flex_column_div av-zero-column-padding first  avia-builder-el-4  el_after_av_one_full  el_before_av_hr  column-top-margin\" style='border-radius:0px; '><section class=\"av_textblock_section \"  itemscope=\"itemscope\" itemtype=\"https:\/\/schema.org\/BlogPosting\" itemprop=\"blogPost\" ><div class='avia_textblock  '   itemprop=\"text\" ><p style=\"text-align: justify;\">Tras reunirse con el comit\u00e9 Ilusi\u00f3n de Villa Frei, el diputado Miguel \u00c1ngel Calisto manifest\u00f3 su preocupaci\u00f3n por la demora y el poco avance que he tenido este proyecto habitacional, que incluye la construcci\u00f3n de 100 viviendas adem\u00e1s para los comit\u00e9s Tehuelche y Camino a un Sue\u00f1o, como tambi\u00e9n la construcci\u00f3n de una planta de tratamiento de aguas. \u00a0<strong>\u00a0<\/strong><\/p>\n<p style=\"text-align: justify;\">Seg\u00fan el diputado Calisto, \u201cnos reunimos con uno de los tres comit\u00e9s que hay en Villa Frei. Son 100 viviendas que se proyectan construir, y que tambi\u00e9n contempla la construcci\u00f3n de una planta de tratamiento. Se trata de un importante proyecto, porque esta planta no s\u00f3lo permitir\u00e1 solucionar el problema de las futuras casas, sino que ser\u00e1 una soluci\u00f3n sanitaria para todos los vecinos del sector\u201d.<\/p>\n<p style=\"text-align: justify;\">Calisto agreg\u00f3 que \u201clamentablemente, no hemos visto avances. Vamos a volver a reunirnos todos los actores, estamos convocando al Municipio, a la entidad patrocinante, por su puesto a todos los integrantes de los comit\u00e9s, a todas las familias. Se requieren definiciones, fechas, compromisos, cuando ser\u00e1n las postulaciones, cuando se solucionar\u00e1 el problema de la planta de tratamiento y su financiamiento\u201d.<\/p>\n<p style=\"text-align: justify;\">\u201cEstas son respuestas que hoy en d\u00eda las familias necesitan y que ciertamente nosotros vamos a acompa\u00f1ar para que esta reuni\u00f3n se realice pronto. Nadie se puede ir de vacaciones sin que tengamos esas respuestas. Espero que las autoridades de Gobierno, del Serviu y por su puesto del Municipio contribuyan a poder buscar una soluci\u00f3n\u201d, indic\u00f3 el diputado.<\/p>\n<p style=\"text-align: justify;\">Seg\u00fan Luz Mansilla, una de las dirigentes del comit\u00e9, \u201cestuvimos en esta reuni\u00f3n para saber en qu\u00e9 van nuestras viviendas, nuestro proyecto para ver el tema de las aguas. Estamos de octubre con el diputado, pero a\u00fan no tenemos ninguna soluci\u00f3n por parte de las autoridades. Necesitamos que se haga presente el se\u00f1or alcalde en la reuni\u00f3n que tenemos el 6 de febrero, como tambi\u00e9n la empresa patrocinante\u201d.<\/p>\n<p style=\"text-align: justify;\">Finalmente, Nancy Mella, otra de las socias del comit\u00e9, se\u00f1al\u00f3 que \u201cnosotros el d\u00eda 6 de febrero tendremos una asamblea. Queremos invitar al alcalde, a la entidad patrocinante, a todos los comit\u00e9s de Villa Frei, como tambi\u00e9n a la junta de vecinos para ver c\u00f3mo va el tema de la vivienda, del terreno y de la planta de aguas servidas\u201d.<\/p>\n<\/div><\/section><\/div><div  style='height:50px' class='hr hr-invisible   avia-builder-el-6  el_after_av_one_full  el_before_av_social_share '><span class='hr-inner ' ><span class='hr-inner-style'><\/span><\/span><\/div><\/p>\n<div  class='av-social-sharing-box  avia-builder-el-7  el_after_av_hr  el_before_av_hr  '><div class='av-share-box'><h5 class='av-share-link-description av-no-toc '>Compartir esta noticia<\/h5><ul class='av-share-box-list noLightbox'><li class='av-share-link av-social-link-facebook' ><a target=\"_blank\" aria-label=\"Compartir en Facebook\" href='https:\/\/www.facebook.com\/sharer.php?u=https:\/\/radiorevelacionfm.cl\/?p=13353&#038;t=Calisto%20se%20re%C3%BAne%20con%20comit%C3%A9%20de%20Villa%20Frei%20y%20lamenta%20poco%20avance%20en%20proyecto%20habitacional' aria-hidden='false' data-av_icon='\ue8f3' data-av_iconfont='entypo-fontello' title='' data-avia-related-tooltip='Compartir en Facebook' rel=\"noopener\"><span class='avia_hidden_link_text'>Compartir en Facebook<\/span><\/a><\/li><li class='av-share-link av-social-link-twitter' ><a target=\"_blank\" aria-label=\"Compartir en Twitter\" href='https:\/\/twitter.com\/share?text=Calisto%20se%20re%C3%BAne%20con%20comit%C3%A9%20de%20Villa%20Frei%20y%20lamenta%20poco%20avance%20en%20proyecto%20habitacional&#038;url=https:\/\/radiorevelacionfm.cl\/?p=13353' aria-hidden='false' data-av_icon='\ue8f1' data-av_iconfont='entypo-fontello' title='' data-avia-related-tooltip='Compartir en Twitter' rel=\"noopener\"><span class='avia_hidden_link_text'>Compartir en Twitter<\/span><\/a><\/li><li class='av-share-link av-social-link-whatsapp' ><a target=\"_blank\" aria-label=\"Compartir en Whatsapp\" href='https:\/\/api.whatsapp.com\/send?text=https:\/\/radiorevelacionfm.cl\/?p=13353' aria-hidden='false' data-av_icon='\uf232' data-av_iconfont='entypo-fontello' title='' data-avia-related-tooltip='Compartir en Whatsapp' rel=\"noopener\"><span class='avia_hidden_link_text'>Compartir en Whatsapp<\/span><\/a><\/li><li class='av-share-link av-social-link-linkedin' ><a target=\"_blank\" aria-label=\"Compartir en LinkedIn\" href='https:\/\/linkedin.com\/shareArticle?mini=true&#038;title=Calisto%20se%20re%C3%BAne%20con%20comit%C3%A9%20de%20Villa%20Frei%20y%20lamenta%20poco%20avance%20en%20proyecto%20habitacional&#038;url=https:\/\/radiorevelacionfm.cl\/?p=13353' aria-hidden='false' data-av_icon='\ue8fc' data-av_iconfont='entypo-fontello' title='' data-avia-related-tooltip='Compartir en LinkedIn' rel=\"noopener\"><span class='avia_hidden_link_text'>Compartir en LinkedIn<\/span><\/a><\/li><li class='av-share-link av-social-link-mail' ><a  aria-label=\"Compartir por correo\" href='mailto:?subject=Calisto%20se%20re%C3%BAne%20con%20comit%C3%A9%20de%20Villa%20Frei%20y%20lamenta%20poco%20avance%20en%20proyecto%20habitacional&#038;body=https:\/\/radiorevelacionfm.cl\/?p=13353' aria-hidden='false' data-av_icon='\ue805' data-av_iconfont='entypo-fontello' title='' data-avia-related-tooltip='Compartir por correo'><span class='avia_hidden_link_text'>Compartir por correo<\/span><\/a><\/li><\/ul><\/div><\/div>\n<div  style='height:50px' class='hr hr-invisible   avia-builder-el-8  el_after_av_social_share  el_before_av_comments_list '><span class='hr-inner ' ><span class='hr-inner-style'><\/span><\/span><\/div>\n<div  class='av-buildercomment  av-blog-meta-html-info-disabled av-blog-meta-tag-disabled  '><\/div>\n","protected":false},"excerpt":{"rendered":"","protected":false},"author":1,"featured_media":13354,"comment_status":"open","ping_status":"open","sticky":false,"template":"","format":"standard","meta":{"footnotes":""},"categories":[35],"tags":[],"class_list":["post-13353","post","type-post","status-publish","format-standard","has-post-thumbnail","hentry","category-politica"],"jetpack_featured_media_url":"https:\/\/radiorevelacionfm.cl\/wp-content\/uploads\/2022\/01\/image-36-2.jpg","_links":{"self":[{"href":"https:\/\/radiorevelacionfm.cl\/index.php?rest_route=\/wp\/v2\/posts\/13353","targetHints":{"allow":["GET"]}}],"collection":[{"href":"https:\/\/radiorevelacionfm.cl\/index.php?rest_route=\/wp\/v2\/posts"}],"about":[{"href":"https:\/\/radiorevelacionfm.cl\/index.php?rest_route=\/wp\/v2\/types\/post"}],"author":[{"embeddable":true,"href":"https:\/\/radiorevelacionfm.cl\/index.php?rest_route=\/wp\/v2\/users\/1"}],"replies":[{"embeddable":true,"href":"https:\/\/radiorevelacionfm.cl\/index.php?rest_route=%2Fwp%2Fv2%2Fcomments&post=13353"}],"version-history":[{"count":2,"href":"https:\/\/radiorevelacionfm.cl\/index.php?rest_route=\/wp\/v2\/posts\/13353\/revisions"}],"predecessor-version":[{"id":13356,"href":"https:\/\/radiorevelacionfm.cl\/index.php?rest_route=\/wp\/v2\/posts\/13353\/revisions\/13356"}],"wp:featuredmedia":[{"embeddable":true,"href":"https:\/\/radiorevelacionfm.cl\/index.php?rest_route=\/wp\/v2\/media\/13354"}],"wp:attachment":[{"href":"https:\/\/radiorevelacionfm.cl\/index.php?rest_route=%2Fwp%2Fv2%2Fmedia&parent=13353"}],"wp:term":[{"taxonomy":"category","embeddable":true,"href":"https:\/\/radiorevelacionfm.cl\/index.php?rest_route=%2Fwp%2Fv2%2Fcategories&post=13353"},{"taxonomy":"post_tag","embeddable":true,"href":"https:\/\/radiorevelacionfm.cl\/index.php?rest_route=%2Fwp%2Fv2%2Ftags&post=13353"}],"curies":[{"name":"wp","href":"https:\/\/api.w.org\/{rel}","templated":true}]}}