{"id":13350,"date":"2022-01-31T15:26:09","date_gmt":"2022-01-31T18:26:09","guid":{"rendered":"https:\/\/radiorevelacionfm.cl\/?p=13350"},"modified":"2022-01-31T15:26:09","modified_gmt":"2022-01-31T18:26:09","slug":"vive-el-verano-en-aysen-intervine-locaciones-publicas-con-programa-de-cuentacuentos-en-aniversario","status":"publish","type":"post","link":"https:\/\/radiorevelacionfm.cl\/?p=13350","title":{"rendered":"Vive el Verano en Ays\u00e9n intervine locaciones p\u00fablicas con programa de cuentacuentos en aniversario"},"content":{"rendered":"<div class=\"flex_column av_one_full  flex_column_div av-zero-column-padding first  avia-builder-el-0  el_before_av_one_full  avia-builder-el-first  \" style='border-radius:0px; '><div  class='avia-image-container  av-styling-    avia-builder-el-1  avia-builder-el-no-sibling  avia-align-center '  itemprop=\"image\" itemscope=\"itemscope\" itemtype=\"https:\/\/schema.org\/ImageObject\"  ><div class='avia-image-container-inner'><div class='avia-image-overlay-wrap'><img decoding=\"async\" class='wp-image-13351 avia-img-lazy-loading-not-13351 avia_image' src=\"https:\/\/radiorevelacionfm.cl\/wp-content\/uploads\/2022\/01\/foto-1-5-2_optimized.jpg\" alt='' title='foto-1-5-2_optimized' height=\"600\" width=\"900\"  itemprop=\"thumbnailUrl\" srcset=\"https:\/\/radiorevelacionfm.cl\/wp-content\/uploads\/2022\/01\/foto-1-5-2_optimized.jpg 900w, https:\/\/radiorevelacionfm.cl\/wp-content\/uploads\/2022\/01\/foto-1-5-2_optimized-300x200.jpg 300w, https:\/\/radiorevelacionfm.cl\/wp-content\/uploads\/2022\/01\/foto-1-5-2_optimized-768x512.jpg 768w, https:\/\/radiorevelacionfm.cl\/wp-content\/uploads\/2022\/01\/foto-1-5-2_optimized-705x470.jpg 705w, https:\/\/radiorevelacionfm.cl\/wp-content\/uploads\/2022\/01\/foto-1-5-2_optimized-600x400.jpg 600w\" sizes=\"(max-width: 900px) 100vw, 900px\" \/><\/div><\/div><\/div><\/div><div class=\"flex_column av_one_full  flex_column_div av-zero-column-padding first  avia-builder-el-2  el_after_av_one_full  el_before_av_one_full  column-top-margin\" style='border-radius:0px; '><section class=\"av_textblock_section \"  itemscope=\"itemscope\" itemtype=\"https:\/\/schema.org\/BlogPosting\" itemprop=\"blogPost\" ><div class='avia_textblock  '   itemprop=\"text\" ><p style=\"text-align: center;\"><span style=\"font-size: 18pt;\"><strong>Vive el Verano en Ays\u00e9n intervine locaciones p\u00fablicas con programa de cuentacuentos en aniversario <\/strong><\/span><\/p>\n<div id=\"gtx-trans\" style=\"position: absolute; left: -50px; top: 4.31534px;\">\n<div class=\"gtx-trans-icon\"><\/div>\n<\/div>\n<\/div><\/section><\/div><div class=\"flex_column av_one_full  flex_column_div av-zero-column-padding first  avia-builder-el-4  el_after_av_one_full  el_before_av_hr  column-top-margin\" style='border-radius:0px; '><section class=\"av_textblock_section \"  itemscope=\"itemscope\" itemtype=\"https:\/\/schema.org\/BlogPosting\" itemprop=\"blogPost\" ><div class='avia_textblock  '   itemprop=\"text\" ><p style=\"text-align: justify;\">En la \u00f3ptica de prevenir y educar mediante mecanismos l\u00fadicos, el equipo de SENDA Previene de la Ilustre Municipalidad de Ays\u00e9n, a trav\u00e9s de relatos orales fomentar\u00e1 la lectura, imaginaci\u00f3n y relaciones sanas entre pares con un mensaje significativo que busca fortalecer factores protectores de su entorno.<\/p>\n<p style=\"text-align: justify;\">La Direcci\u00f3n de Desarrollo Comunitario (DIDECO) y los programas de la infancia, en conjunto a SENDA Previene, incluyeron en la programaci\u00f3n del aniversario comunal una serie de cuentacuentos en Puerto Chacabuco, Puerto Ays\u00e9n y Villa Ma\u00f1ihuales durante enero y febrero, luego del rotundo \u00e9xito obtenido en la presentaci\u00f3n de Navidad.<\/p>\n<p style=\"text-align: justify;\">La iniciativa que debut\u00f3 el a\u00f1o pasado en plena Plaza de Armas con gran convocatoria de p\u00fablico, se replicar\u00e1 en Vive el Verano en Ays\u00e9n con cuatro relatos a cargo del equipo de SENDA. \u201cEl viaje de Pilar\u201d, \u201cLos pescadores de la panga m\u00e1gica\u201d, \u201cEl cazador de sue\u00f1os\u201d y \u201cLatatlantis\u201d, ser\u00e1n los t\u00edtulos que se sumar\u00e1n al repertorio.El contenido, en palabras de sus autores es muy din\u00e1mico y contempla la participaci\u00f3n de ni\u00f1os, ni\u00f1as y adolescentes en base a la interacci\u00f3n y refuerzos positivos.<\/p>\n<p style=\"text-align: justify;\">\u201cEsto permite el fomento a la lectura, es integral, transversal. Las tem\u00e1ticas son ajustadas a cuentos infantiles cotidianos y tambi\u00e9n son algunos creados por los propios profesionales\u201d, coment\u00f3 Manuel Vera, coordinador comunal de SENDA Previene que junto a su equipo fueron los impulsores del proyecto para ense\u00f1ar de manera l\u00fadica a un p\u00fablico principalmente infantil.<\/p>\n<p style=\"text-align: justify;\">El argumento central de las tem\u00e1ticas favorece el desarrollo integral y los lazos del n\u00facleo familiar al prevenir el consumo de alcohol, drogas y potenciar el juego entre pares, adem\u00e1s de educar en el uso responsable de la tecnolog\u00eda y la crianza digital, tras el incremento del consumo de internet en un 324%, concorde al informe emitido por la Comisi\u00f3n Econ\u00f3mica para Am\u00e9rica Latina en 2020, luego del confinamiento ocasionado por la pandemia.<\/p>\n<p style=\"text-align: justify;\">Considerando esa realidad, los cuentos \u201cest\u00e1n ajustados con entretenidas historias que llaman la atenci\u00f3n. Cada uno entrega un mensaje optimista de uni\u00f3n familiar, de compartir con los amigos, de cuidar el medio ambiente y una serie de acciones que permitan a ni\u00f1os, ni\u00f1as y adolescentes ser personas de bien\u201d, agreg\u00f3 Vera.<\/p>\n<p style=\"text-align: justify;\">La psicopedagoga de SENDA Previene, Paulina P\u00e9rez, aclara que el primer paso es generar el gusto por los libros y reforzar la compresi\u00f3n lectora, para as\u00ed alejar a los ni\u00f1os y ni\u00f1as m\u00e1s vulnerables socialmente de ambientes de alto riesgo con personajes entretenidos que invitan a la reflexi\u00f3n. \u201cHay una gran diversidad (personajes) en cada historia, pero cada uno cumple la funci\u00f3n de generar consciencia sobre los factores de riesgos y de protecci\u00f3n\u201d, manifest\u00f3.<\/p>\n<p style=\"text-align: justify;\">Frente a ese escenario, el alcalde Julio Uribe Alvarado especific\u00f3: \u201cenfocados en las actividades de nuestro Verano en Ays\u00e9n, hemos querido dar un realce a la cultura en la parte literaria\u201d, esto debido al confinamiento que ocasion\u00f3 la pandemia en el consumo digital y de dispositivos m\u00f3viles en generaciones m\u00e1s j\u00f3venes, en que seg\u00fan datos del Ministerio de Desarrollo Social y Familia, el 86% de los ni\u00f1os y ni\u00f1as tiene celular propio.<\/p>\n<p style=\"text-align: justify;\">Por tanto, desde la casa edilicia para contrarrestar la cantidad de horas frente a celulares y la predisposici\u00f3n a uso de sustancias il\u00edcitas, implement\u00f3 el relato oral en la comuna de Ays\u00e9n. \u201cLos ni\u00f1os se han metido mucho en el tema de los celulares y la han dejado de lado (lectura). Hoy el municipio ha querido resaltarla a trav\u00e9s de estos cuentacuentos y ha dado muy buenos resultados\u201d, manifest\u00f3 el alcalde.<\/p>\n<p style=\"text-align: justify;\">En relaci\u00f3n a los lineamientos del Ministerio de Salud, SENDA Previene y la Municipalidad de Ays\u00e9n est\u00e1n considerando los protocolos sanitarios. Lista de asistencia, toma de temperatura, distanciamiento social y uso obligatorio de mascarillas son algunas de las medidas tomadas para la ocasi\u00f3n. \u201cEs fundamental seguir cuid\u00e1ndonos para que todas las actividades se realicen de la mejor manera y que no tengamos ning\u00fan tipo de inconvenientes\u201d, sentenci\u00f3 Vera.<\/p>\n<p style=\"text-align: justify;\"><strong>Pr\u00f3ximas funciones<\/strong><br \/>\nMartes 1 de febrero, 15:00 horas<br \/>\nPlaza San Pedro Pescador, Puerto Ays\u00e9n<\/p>\n<p style=\"text-align: justify;\">Viernes 4 de febrero, 15:00 horas<br \/>\nSector Parque Lavanderos, Villa Ma\u00f1ihuales<\/p>\n<p style=\"text-align: justify;\">Martes 8 de febrero, 15:00 horas.<br \/>\nSector Pedro Aguirre Cerda, Puerto Ays\u00e9n<\/p>\n<p style=\"text-align: justify;\">Viernes 11 de febrero, 15:00 horas.<br \/>\nPlaza de Artesanos, Puerto Chacabuco<\/p>\n<p style=\"text-align: justify;\">Martes 15 de febrero, 15:00 horas.<br \/>\nSector Pedro Aguirre Cerda, Puerto Ays\u00e9n<\/p>\n<p style=\"text-align: justify;\">Para conocer el resto de actividades se invita a revisar el cronograma completo en <a href=\"http:\/\/www.puertoaysen.cl\/\">www.puertoaysen.cl<\/a><\/p>\n<\/div><\/section><\/div><div  style='height:50px' class='hr hr-invisible   avia-builder-el-6  el_after_av_one_full  el_before_av_social_share '><span class='hr-inner ' ><span class='hr-inner-style'><\/span><\/span><\/div><\/p>\n<div  class='av-social-sharing-box  avia-builder-el-7  el_after_av_hr  el_before_av_hr  '><div class='av-share-box'><h5 class='av-share-link-description av-no-toc '>Compartir esta noticia<\/h5><ul class='av-share-box-list noLightbox'><li class='av-share-link av-social-link-facebook' ><a target=\"_blank\" aria-label=\"Compartir en Facebook\" href='https:\/\/www.facebook.com\/sharer.php?u=https:\/\/radiorevelacionfm.cl\/?p=13350&#038;t=Vive%20el%20Verano%20en%20Ays%C3%A9n%20intervine%20locaciones%20p%C3%BAblicas%20con%20programa%20de%20cuentacuentos%20en%20aniversario' aria-hidden='false' data-av_icon='\ue8f3' data-av_iconfont='entypo-fontello' title='' data-avia-related-tooltip='Compartir en Facebook' rel=\"noopener\"><span class='avia_hidden_link_text'>Compartir en Facebook<\/span><\/a><\/li><li class='av-share-link av-social-link-twitter' ><a target=\"_blank\" aria-label=\"Compartir en Twitter\" href='https:\/\/twitter.com\/share?text=Vive%20el%20Verano%20en%20Ays%C3%A9n%20intervine%20locaciones%20p%C3%BAblicas%20con%20programa%20de%20cuentacuentos%20en%20aniversario&#038;url=https:\/\/radiorevelacionfm.cl\/?p=13350' aria-hidden='false' data-av_icon='\ue8f1' data-av_iconfont='entypo-fontello' title='' data-avia-related-tooltip='Compartir en Twitter' rel=\"noopener\"><span class='avia_hidden_link_text'>Compartir en Twitter<\/span><\/a><\/li><li class='av-share-link av-social-link-whatsapp' ><a target=\"_blank\" aria-label=\"Compartir en Whatsapp\" href='https:\/\/api.whatsapp.com\/send?text=https:\/\/radiorevelacionfm.cl\/?p=13350' aria-hidden='false' data-av_icon='\uf232' data-av_iconfont='entypo-fontello' title='' data-avia-related-tooltip='Compartir en Whatsapp' rel=\"noopener\"><span class='avia_hidden_link_text'>Compartir en Whatsapp<\/span><\/a><\/li><li class='av-share-link av-social-link-linkedin' ><a target=\"_blank\" aria-label=\"Compartir en LinkedIn\" href='https:\/\/linkedin.com\/shareArticle?mini=true&#038;title=Vive%20el%20Verano%20en%20Ays%C3%A9n%20intervine%20locaciones%20p%C3%BAblicas%20con%20programa%20de%20cuentacuentos%20en%20aniversario&#038;url=https:\/\/radiorevelacionfm.cl\/?p=13350' aria-hidden='false' data-av_icon='\ue8fc' data-av_iconfont='entypo-fontello' title='' data-avia-related-tooltip='Compartir en LinkedIn' rel=\"noopener\"><span class='avia_hidden_link_text'>Compartir en LinkedIn<\/span><\/a><\/li><li class='av-share-link av-social-link-mail' ><a  aria-label=\"Compartir por correo\" href='mailto:?subject=Vive%20el%20Verano%20en%20Ays%C3%A9n%20intervine%20locaciones%20p%C3%BAblicas%20con%20programa%20de%20cuentacuentos%20en%20aniversario&#038;body=https:\/\/radiorevelacionfm.cl\/?p=13350' aria-hidden='false' data-av_icon='\ue805' data-av_iconfont='entypo-fontello' title='' data-avia-related-tooltip='Compartir por correo'><span class='avia_hidden_link_text'>Compartir por correo<\/span><\/a><\/li><\/ul><\/div><\/div>\n<div  style='height:50px' class='hr hr-invisible   avia-builder-el-8  el_after_av_social_share  el_before_av_comments_list '><span class='hr-inner ' ><span class='hr-inner-style'><\/span><\/span><\/div>\n<div  class='av-buildercomment  av-blog-meta-html-info-disabled av-blog-meta-tag-disabled  '><\/div>\n","protected":false},"excerpt":{"rendered":"","protected":false},"author":1,"featured_media":13351,"comment_status":"open","ping_status":"open","sticky":false,"template":"","format":"standard","meta":{"footnotes":""},"categories":[38],"tags":[],"class_list":["post-13350","post","type-post","status-publish","format-standard","has-post-thumbnail","hentry","category-regional"],"jetpack_featured_media_url":"https:\/\/radiorevelacionfm.cl\/wp-content\/uploads\/2022\/01\/foto-1-5-2_optimized.jpg","_links":{"self":[{"href":"https:\/\/radiorevelacionfm.cl\/index.php?rest_route=\/wp\/v2\/posts\/13350","targetHints":{"allow":["GET"]}}],"collection":[{"href":"https:\/\/radiorevelacionfm.cl\/index.php?rest_route=\/wp\/v2\/posts"}],"about":[{"href":"https:\/\/radiorevelacionfm.cl\/index.php?rest_route=\/wp\/v2\/types\/post"}],"author":[{"embeddable":true,"href":"https:\/\/radiorevelacionfm.cl\/index.php?rest_route=\/wp\/v2\/users\/1"}],"replies":[{"embeddable":true,"href":"https:\/\/radiorevelacionfm.cl\/index.php?rest_route=%2Fwp%2Fv2%2Fcomments&post=13350"}],"version-history":[{"count":2,"href":"https:\/\/radiorevelacionfm.cl\/index.php?rest_route=\/wp\/v2\/posts\/13350\/revisions"}],"predecessor-version":[{"id":13360,"href":"https:\/\/radiorevelacionfm.cl\/index.php?rest_route=\/wp\/v2\/posts\/13350\/revisions\/13360"}],"wp:featuredmedia":[{"embeddable":true,"href":"https:\/\/radiorevelacionfm.cl\/index.php?rest_route=\/wp\/v2\/media\/13351"}],"wp:attachment":[{"href":"https:\/\/radiorevelacionfm.cl\/index.php?rest_route=%2Fwp%2Fv2%2Fmedia&parent=13350"}],"wp:term":[{"taxonomy":"category","embeddable":true,"href":"https:\/\/radiorevelacionfm.cl\/index.php?rest_route=%2Fwp%2Fv2%2Fcategories&post=13350"},{"taxonomy":"post_tag","embeddable":true,"href":"https:\/\/radiorevelacionfm.cl\/index.php?rest_route=%2Fwp%2Fv2%2Ftags&post=13350"}],"curies":[{"name":"wp","href":"https:\/\/api.w.org\/{rel}","templated":true}]}}