{"id":13343,"date":"2022-01-30T22:14:15","date_gmt":"2022-01-31T01:14:15","guid":{"rendered":"https:\/\/radiorevelacionfm.cl\/?p=13343"},"modified":"2022-01-30T22:20:05","modified_gmt":"2022-01-31T01:20:05","slug":"los-vasquez-deleitaron-al-publico-con-sus-exitos-cerrando-las-actividades-del-94-aniversario-de-puerto-aysen","status":"publish","type":"post","link":"https:\/\/radiorevelacionfm.cl\/?p=13343","title":{"rendered":"Los V\u00e1squez deleitaron al p\u00fablico con sus \u00e9xitos cerrando las actividades del 94 aniversario de Puerto Ays\u00e9n"},"content":{"rendered":"<div class=\"flex_column av_one_full  flex_column_div av-zero-column-padding first  avia-builder-el-0  el_before_av_one_full  avia-builder-el-first  \" style='border-radius:0px; '><div  class='avia-image-container  av-styling-    avia-builder-el-1  avia-builder-el-no-sibling  avia-align-center '  itemprop=\"image\" itemscope=\"itemscope\" itemtype=\"https:\/\/schema.org\/ImageObject\"  ><div class='avia-image-container-inner'><div class='avia-image-overlay-wrap'><img decoding=\"async\" class='wp-image-13344 avia-img-lazy-loading-not-13344 avia_image' src=\"https:\/\/radiorevelacionfm.cl\/wp-content\/uploads\/2022\/01\/Concierto-2-2-2.jpg\" alt='' title='Concierto-2-2-2' height=\"600\" width=\"900\"  itemprop=\"thumbnailUrl\" srcset=\"https:\/\/radiorevelacionfm.cl\/wp-content\/uploads\/2022\/01\/Concierto-2-2-2.jpg 900w, https:\/\/radiorevelacionfm.cl\/wp-content\/uploads\/2022\/01\/Concierto-2-2-2-300x200.jpg 300w, https:\/\/radiorevelacionfm.cl\/wp-content\/uploads\/2022\/01\/Concierto-2-2-2-768x512.jpg 768w, https:\/\/radiorevelacionfm.cl\/wp-content\/uploads\/2022\/01\/Concierto-2-2-2-705x470.jpg 705w, https:\/\/radiorevelacionfm.cl\/wp-content\/uploads\/2022\/01\/Concierto-2-2-2-600x400.jpg 600w\" sizes=\"(max-width: 900px) 100vw, 900px\" \/><\/div><\/div><\/div><\/div>\n<div class=\"flex_column av_one_full  flex_column_div av-zero-column-padding first  avia-builder-el-2  el_after_av_one_full  el_before_av_one_full  column-top-margin\" style='border-radius:0px; '><section class=\"av_textblock_section \"  itemscope=\"itemscope\" itemtype=\"https:\/\/schema.org\/BlogPosting\" itemprop=\"blogPost\" ><div class='avia_textblock  '   itemprop=\"text\" ><p style=\"text-align: center;\"><strong><span style=\"font-size: 18pt;\">Los V\u00e1squez deleitaron al p\u00fablico con sus \u00e9xitos cerrando las actividades del 94 aniversario de Puerto Ays\u00e9n<\/span><\/strong><\/p>\n<div id=\"gtx-trans\" style=\"position: absolute; left: -50px; top: 4.31534px;\">\n<div class=\"gtx-trans-icon\"><\/div>\n<\/div>\n<\/div><\/section><\/div>\n<div class=\"flex_column av_one_full  flex_column_div av-zero-column-padding first  avia-builder-el-4  el_after_av_one_full  el_before_av_hr  column-top-margin\" style='border-radius:0px; '><section class=\"av_textblock_section \"  itemscope=\"itemscope\" itemtype=\"https:\/\/schema.org\/BlogPosting\" itemprop=\"blogPost\" ><div class='avia_textblock  '   itemprop=\"text\" ><p style=\"text-align: justify;\">Los artistas llegaron un d\u00eda antes de su espect\u00e1culo para para efectuar en encuentro con m\u00fasicos locales.<\/p>\n<p style=\"text-align: justify;\">Como parte de las actividades de Verano de la Ilustre Municipalidad de Ays\u00e9n y con motivo del nonag\u00e9simo cuarto aniversario de la ciudad capital de la comuna porte\u00f1a, se desarroll\u00f3 desde el Parque Municipal (ex Isla D\u00edaz) la presentaci\u00f3n de los artistas coyhaiquinos reconocidos nacionalmente como\u00a0 \u201cLos V\u00e1squez\u201d, quienes al ritmo del Pop Cebolla hicieron bailar a todos los asistentes que se congregaron bajo extremas medidas de seguridad por las directrices entregadas por el Ministerio de Salud para la realizaci\u00f3n de eventos masivos.<\/p>\n<p style=\"text-align: justify;\">A las 22:00 horas en punto comenz\u00f3 la jornada que hizo corear las m\u00e1s intensas canciones del conjunto, Juana Mar\u00eda, Me Vuelvo Loco, Mi\u00e9nteme una vez, fueron parte del repertorio expuesto para la comunidad que esper\u00f3 con ansiosa la realizaci\u00f3n del show masivo por parte de la Casa Edilicia de Ays\u00e9n. En la presentaci\u00f3n, los artistas tambi\u00e9n expusieron sus m\u00e1s recientes \u00e9xitos musicales, as\u00ed como tambi\u00e9n, mostraron el adelanto de dos canciones que formar\u00e1n parte de su cuarto \u00e1lbum de estudio.<\/p>\n<p style=\"text-align: justify;\">Al respecto, la primera autoridad comunal de Ays\u00e9n, Julio Uribe Alvarado, junto con entregar sentidos agradecimientos a todos los actores involucrados para materializar este show indic\u00f3 que \u201cesperar a que nos continuemos cuidando con el covid, vamos a tener m\u00e1s actividades en febrero pero esto ha sido extraordinario, hemos tenido dos eventos de alta categor\u00eda y con mucha asistencia de p\u00fablico, as\u00ed es que estamos contentos y seguiremos trabajando por potenciar la cultura en Puerto Ays\u00e9n\u201d.<\/p>\n<p style=\"text-align: justify;\">Adem\u00e1s, el l\u00edder comunal aysenino valor\u00f3 la acci\u00f3n efectuada por los artistas de llegar un d\u00eda antes del evento hasta la comuna porte\u00f1a para reunirse en la sede del sector Litoral Austral con m\u00e1s de una treintena de artistas ayseninos, entre ellos m\u00fasicos, profesores, actores incipientes; esto con el objetivo de potenciar el talento local.<\/p>\n<p style=\"text-align: justify;\">Finalmente, Enzo e \u00cdtalo V\u00e1squez declararon sentirse contentos y agradecidos de la presentaci\u00f3n en la zona \u201cfelices, volver a la Patagonia y encontrarse con amigas y amigos, nos vamos con el coraz\u00f3n llenito de amor\u201d. Cabe se\u00f1alar que uno de los primeros conciertos efectuados por los artistas coyhaiquinos se produjo hace poco m\u00e1s de 10 a\u00f1os en Puerto Ays\u00e9n.<\/p>\n<\/div><\/section><\/div><div  style='height:50px' class='hr hr-invisible   avia-builder-el-6  el_after_av_one_full  el_before_av_social_share '><span class='hr-inner ' ><span class='hr-inner-style'><\/span><\/span><\/div><\/p>\n<div  class='av-social-sharing-box  avia-builder-el-7  el_after_av_hr  el_before_av_hr  '><div class='av-share-box'><h5 class='av-share-link-description av-no-toc '>Compartir esta noticia<\/h5><ul class='av-share-box-list noLightbox'><li class='av-share-link av-social-link-facebook' ><a target=\"_blank\" aria-label=\"Compartir en Facebook\" href='https:\/\/www.facebook.com\/sharer.php?u=https:\/\/radiorevelacionfm.cl\/?p=13343&#038;t=Los%20V%C3%A1squez%20deleitaron%20al%20p%C3%BAblico%20con%20sus%20%C3%A9xitos%20cerrando%20las%20actividades%20del%2094%20aniversario%20de%20Puerto%20Ays%C3%A9n' aria-hidden='false' data-av_icon='\ue8f3' data-av_iconfont='entypo-fontello' title='' data-avia-related-tooltip='Compartir en Facebook' rel=\"noopener\"><span class='avia_hidden_link_text'>Compartir en Facebook<\/span><\/a><\/li><li class='av-share-link av-social-link-twitter' ><a target=\"_blank\" aria-label=\"Compartir en Twitter\" href='https:\/\/twitter.com\/share?text=Los%20V%C3%A1squez%20deleitaron%20al%20p%C3%BAblico%20con%20sus%20%C3%A9xitos%20cerrando%20las%20actividades%20del%2094%20aniversario%20de%20Puerto%20Ays%C3%A9n&#038;url=https:\/\/radiorevelacionfm.cl\/?p=13343' aria-hidden='false' data-av_icon='\ue8f1' data-av_iconfont='entypo-fontello' title='' data-avia-related-tooltip='Compartir en Twitter' rel=\"noopener\"><span class='avia_hidden_link_text'>Compartir en Twitter<\/span><\/a><\/li><li class='av-share-link av-social-link-whatsapp' ><a target=\"_blank\" aria-label=\"Compartir en Whatsapp\" href='https:\/\/api.whatsapp.com\/send?text=https:\/\/radiorevelacionfm.cl\/?p=13343' aria-hidden='false' data-av_icon='\uf232' data-av_iconfont='entypo-fontello' title='' data-avia-related-tooltip='Compartir en Whatsapp' rel=\"noopener\"><span class='avia_hidden_link_text'>Compartir en Whatsapp<\/span><\/a><\/li><li class='av-share-link av-social-link-linkedin' ><a target=\"_blank\" aria-label=\"Compartir en LinkedIn\" href='https:\/\/linkedin.com\/shareArticle?mini=true&#038;title=Los%20V%C3%A1squez%20deleitaron%20al%20p%C3%BAblico%20con%20sus%20%C3%A9xitos%20cerrando%20las%20actividades%20del%2094%20aniversario%20de%20Puerto%20Ays%C3%A9n&#038;url=https:\/\/radiorevelacionfm.cl\/?p=13343' aria-hidden='false' data-av_icon='\ue8fc' data-av_iconfont='entypo-fontello' title='' data-avia-related-tooltip='Compartir en LinkedIn' rel=\"noopener\"><span class='avia_hidden_link_text'>Compartir en LinkedIn<\/span><\/a><\/li><li class='av-share-link av-social-link-mail' ><a  aria-label=\"Compartir por correo\" href='mailto:?subject=Los%20V%C3%A1squez%20deleitaron%20al%20p%C3%BAblico%20con%20sus%20%C3%A9xitos%20cerrando%20las%20actividades%20del%2094%20aniversario%20de%20Puerto%20Ays%C3%A9n&#038;body=https:\/\/radiorevelacionfm.cl\/?p=13343' aria-hidden='false' data-av_icon='\ue805' data-av_iconfont='entypo-fontello' title='' data-avia-related-tooltip='Compartir por correo'><span class='avia_hidden_link_text'>Compartir por correo<\/span><\/a><\/li><\/ul><\/div><\/div>\n<div  style='height:50px' class='hr hr-invisible   avia-builder-el-8  el_after_av_social_share  el_before_av_comments_list '><span class='hr-inner ' ><span class='hr-inner-style'><\/span><\/span><\/div>\n<div  class='av-buildercomment  av-blog-meta-html-info-disabled av-blog-meta-tag-disabled  '><\/div>\n","protected":false},"excerpt":{"rendered":"","protected":false},"author":1,"featured_media":13344,"comment_status":"open","ping_status":"open","sticky":false,"template":"","format":"standard","meta":{"footnotes":""},"categories":[38],"tags":[],"class_list":["post-13343","post","type-post","status-publish","format-standard","has-post-thumbnail","hentry","category-regional"],"jetpack_featured_media_url":"https:\/\/radiorevelacionfm.cl\/wp-content\/uploads\/2022\/01\/Concierto-2-2-2.jpg","_links":{"self":[{"href":"https:\/\/radiorevelacionfm.cl\/index.php?rest_route=\/wp\/v2\/posts\/13343","targetHints":{"allow":["GET"]}}],"collection":[{"href":"https:\/\/radiorevelacionfm.cl\/index.php?rest_route=\/wp\/v2\/posts"}],"about":[{"href":"https:\/\/radiorevelacionfm.cl\/index.php?rest_route=\/wp\/v2\/types\/post"}],"author":[{"embeddable":true,"href":"https:\/\/radiorevelacionfm.cl\/index.php?rest_route=\/wp\/v2\/users\/1"}],"replies":[{"embeddable":true,"href":"https:\/\/radiorevelacionfm.cl\/index.php?rest_route=%2Fwp%2Fv2%2Fcomments&post=13343"}],"version-history":[{"count":3,"href":"https:\/\/radiorevelacionfm.cl\/index.php?rest_route=\/wp\/v2\/posts\/13343\/revisions"}],"predecessor-version":[{"id":13346,"href":"https:\/\/radiorevelacionfm.cl\/index.php?rest_route=\/wp\/v2\/posts\/13343\/revisions\/13346"}],"wp:featuredmedia":[{"embeddable":true,"href":"https:\/\/radiorevelacionfm.cl\/index.php?rest_route=\/wp\/v2\/media\/13344"}],"wp:attachment":[{"href":"https:\/\/radiorevelacionfm.cl\/index.php?rest_route=%2Fwp%2Fv2%2Fmedia&parent=13343"}],"wp:term":[{"taxonomy":"category","embeddable":true,"href":"https:\/\/radiorevelacionfm.cl\/index.php?rest_route=%2Fwp%2Fv2%2Fcategories&post=13343"},{"taxonomy":"post_tag","embeddable":true,"href":"https:\/\/radiorevelacionfm.cl\/index.php?rest_route=%2Fwp%2Fv2%2Ftags&post=13343"}],"curies":[{"name":"wp","href":"https:\/\/api.w.org\/{rel}","templated":true}]}}