{"id":13341,"date":"2022-01-31T10:45:22","date_gmt":"2022-01-31T13:45:22","guid":{"rendered":"https:\/\/radiorevelacionfm.cl\/?p=13341"},"modified":"2022-01-31T10:45:22","modified_gmt":"2022-01-31T13:45:22","slug":"autoridades-recuerdan-derecho-laboral-que-otorga-permiso-de-%c2%bd-dia-para-que-trabajadores-se-vacunen","status":"publish","type":"post","link":"https:\/\/radiorevelacionfm.cl\/?p=13341","title":{"rendered":"Autoridades recuerdan derecho laboral que otorga permiso de \u00bd d\u00eda para que trabajadores se vacunen"},"content":{"rendered":"<div class=\"flex_column av_one_full  flex_column_div av-zero-column-padding first  avia-builder-el-0  el_before_av_one_full  avia-builder-el-first  \" style='border-radius:0px; '><div  class='avia-image-container  av-styling-    avia-builder-el-1  avia-builder-el-no-sibling  avia-align-center '  itemprop=\"image\" itemscope=\"itemscope\" itemtype=\"https:\/\/schema.org\/ImageObject\"  ><div class='avia-image-container-inner'><div class='avia-image-overlay-wrap'><img decoding=\"async\" class='wp-image-6570 avia-img-lazy-loading-not-6570 avia_image' src=\"https:\/\/radiorevelacionfm.cl\/wp-content\/uploads\/2021\/07\/Vacunas-2021-07-22-1.jpeg\" alt='' title='Vacunas 2021-07-22 (1)' height=\"600\" width=\"900\"  itemprop=\"thumbnailUrl\" srcset=\"https:\/\/radiorevelacionfm.cl\/wp-content\/uploads\/2021\/07\/Vacunas-2021-07-22-1.jpeg 900w, https:\/\/radiorevelacionfm.cl\/wp-content\/uploads\/2021\/07\/Vacunas-2021-07-22-1-300x200.jpeg 300w, https:\/\/radiorevelacionfm.cl\/wp-content\/uploads\/2021\/07\/Vacunas-2021-07-22-1-768x512.jpeg 768w, https:\/\/radiorevelacionfm.cl\/wp-content\/uploads\/2021\/07\/Vacunas-2021-07-22-1-705x470.jpeg 705w, https:\/\/radiorevelacionfm.cl\/wp-content\/uploads\/2021\/07\/Vacunas-2021-07-22-1-600x400.jpeg 600w\" sizes=\"(max-width: 900px) 100vw, 900px\" \/><\/div><\/div><\/div><\/div><div class=\"flex_column av_one_full  flex_column_div av-zero-column-padding first  avia-builder-el-2  el_after_av_one_full  el_before_av_one_full  column-top-margin\" style='border-radius:0px; '><section class=\"av_textblock_section \"  itemscope=\"itemscope\" itemtype=\"https:\/\/schema.org\/BlogPosting\" itemprop=\"blogPost\" ><div class='avia_textblock  '   itemprop=\"text\" ><p style=\"text-align: center;\"><span style=\"font-size: 18pt;\"><b><span lang=\"ES\">Autoridades recuerdan derecho laboral que otorga permiso de \u00bd d\u00eda para que trabajadores se vacunen<\/span><\/b><\/span><\/p>\n<div id=\"gtx-trans\" style=\"position: absolute; left: -50px; top: 4.31534px;\">\n<div class=\"gtx-trans-icon\"><\/div>\n<\/div>\n<\/div><\/section><\/div><div class=\"flex_column av_one_full  flex_column_div av-zero-column-padding first  avia-builder-el-4  el_after_av_one_full  el_before_av_hr  column-top-margin\" style='border-radius:0px; '><section class=\"av_textblock_section \"  itemscope=\"itemscope\" itemtype=\"https:\/\/schema.org\/BlogPosting\" itemprop=\"blogPost\" ><div class='avia_textblock  '   itemprop=\"text\" ><p class=\"v1MsoNormal\" style=\"text-align: justify;\"><span lang=\"ES\">Ante el aumento explosivo de casos de Covid 19 a nivel regional, nacional e internacional, las autoridades laborales de la Regi\u00f3n de Ays\u00e9n, recordaron la existencia de la ley 21.347 de junio 2021, que entrega un permiso de \u00bd d\u00eda para que los trabajadores puedan vacunarse, ello en cualquier campa\u00f1a de inmunizaci\u00f3n del Ministerio de Salud para el control y prevenci\u00f3n de enfermedades, por ejemplo, contra el Covid 19.<\/span><\/p>\n<p class=\"v1MsoNormal\" style=\"text-align: justify;\"><span lang=\"ES\">La Seremi del Trabajo y Previsi\u00f3n Social, Andrea Ponce, reforz\u00f3 el llamado a vacunarse explicando este derecho laboral, \u00abQuisi\u00e9ramos reforzar la importancia de vacunarse para cuidarnos entre todos, han aumentado considerablemente los casos y seg\u00fan los estudios, son precisamente las vacunas y el autocuidado con los elementos de protecci\u00f3n, lo que nos est\u00e1n apoyando para no enfermarnos o en caso de contagiarnos, que esta enfermedad no sea de gravedad. A nadie lo pueden obligar a vacunarse, sin embargo, las vacunas son fundamentales para salvar vidas, por ello, recordamos a empleadores y a trabajadores la existencia de una ley del a\u00f1o 2021, que entrega un permiso de \u00bd d\u00eda para vacunarse, ya sea por Covid o ante cualquier campa\u00f1a que determine el Ministerio de Salud. Este permiso el trabajador debe solicitarlo con dos d\u00edas de anticipaci\u00f3n a su empleador y debe quedar por escrito, teniendo en cuenta que este \u00bd d\u00eda no puede ser descontado de su remuneraci\u00f3n. Pedimos a los empleadores entregar este permiso, que es un derecho laboral\u00bb, asever\u00f3.<\/span><\/p>\n<p class=\"v1MsoNormal\" style=\"text-align: justify;\"><span lang=\"ES\">Con respecto a otros detalles de la normativa, la Directora regional del Trabajo, Victoria Sierra, destac\u00f3 que el empleador que niegue este permiso, est\u00e1 incurriendo en una falta,<\/span><\/p>\n<p class=\"v1MsoNormal\" style=\"text-align: justify;\"><span lang=\"ES\">\u00abEste permiso laboral de \u00bd para vacunarse no puede ser negado, ni compensado econ\u00f3micamente, ya que el empleador estar\u00eda incurriendo en una falta. Es un permiso que adem\u00e1s debe ser ampliado con el tiempo suficiente para los traslados hacia y desde el lugar donde se realice la administraci\u00f3n de dosis de la vacuna, tomando en consideraci\u00f3n las condiciones geogr\u00e1ficas y de transporte. Esta extensi\u00f3n tambi\u00e9n debe considerarse como tiempo trabajado para todos los efectos legales, y, en consecuencia, da derecho al pago de remuneraci\u00f3n. En todos aquellos casos en que la inmunizaci\u00f3n suponga la inoculaci\u00f3n de m\u00e1s de una dosis de vacuna, el trabajador tendr\u00e1 derecho a 1\/2 d\u00eda de permiso laboral por cada una de ellas. Para efectos de solicitar el permiso laboral, tal como mencion\u00f3 la Seremi Andrea Ponce, el trabajador debe dar aviso a su empleador con al menos dos d\u00edas de anticipaci\u00f3n, este aviso deber\u00e1 constar por escrito y el trabajador luego debe presentar un certificado o documento que otorgue la autoridad sanitaria respectiva, detallando que efectivamente se vacun\u00f3\u00bb, especific\u00f3.<\/span><\/p>\n<p class=\"v1MsoNormal\" style=\"text-align: justify;\"><span lang=\"ES\">Sobre los canales de orientaci\u00f3n y denuncia, Sierra mencion\u00f3, \u00abSi necesitan orientaci\u00f3n o realizar una denuncia porque el empleador est\u00e1 negando este permiso para vacunarse, pueden contactarnos en cualquiera de nuestras oficinas a lo largo de la Regi\u00f3n de Ays\u00e9n, de 9:00 a 14:00 hrs. o escribirnos al correo electr\u00f3nico\u00a0<\/span><span lang=\"ES\"><a href=\"mailto:upartesaysen@dt.gob.cl\" rel=\"noreferrer\">upartesaysen@dt.gob.cl<\/a><\/span><span lang=\"ES\">\u00ab, concluy\u00f3 la Directora regional del Trabajo.<\/span><\/p>\n<p class=\"v1MsoNormal\" style=\"text-align: justify;\">Finalmente, cabe mencionar que en los canales de atenci\u00f3n y las cuentas de redes sociales de la autoridad sanitaria, ya sea de la Seremi de Salud Ays\u00e9n o del Servicio de Salud Ays\u00e9n se encuentren publicados y actualizados los calendarios y lugares de vacunaci\u00f3n.<\/p>\n<\/div><\/section><\/div><div  style='height:50px' class='hr hr-invisible   avia-builder-el-6  el_after_av_one_full  el_before_av_social_share '><span class='hr-inner ' ><span class='hr-inner-style'><\/span><\/span><\/div><\/p>\n<div  class='av-social-sharing-box  avia-builder-el-7  el_after_av_hr  el_before_av_hr  '><div class='av-share-box'><h5 class='av-share-link-description av-no-toc '>Compartir esta noticia<\/h5><ul class='av-share-box-list noLightbox'><li class='av-share-link av-social-link-facebook' ><a target=\"_blank\" aria-label=\"Compartir en Facebook\" href='https:\/\/www.facebook.com\/sharer.php?u=https:\/\/radiorevelacionfm.cl\/?p=13341&#038;t=Autoridades%20recuerdan%20derecho%20laboral%20que%20otorga%20permiso%20de%20%C2%BD%20d%C3%ADa%20para%20que%20trabajadores%20se%20vacunen' aria-hidden='false' data-av_icon='\ue8f3' data-av_iconfont='entypo-fontello' title='' data-avia-related-tooltip='Compartir en Facebook' rel=\"noopener\"><span class='avia_hidden_link_text'>Compartir en Facebook<\/span><\/a><\/li><li class='av-share-link av-social-link-twitter' ><a target=\"_blank\" aria-label=\"Compartir en Twitter\" href='https:\/\/twitter.com\/share?text=Autoridades%20recuerdan%20derecho%20laboral%20que%20otorga%20permiso%20de%20%C2%BD%20d%C3%ADa%20para%20que%20trabajadores%20se%20vacunen&#038;url=https:\/\/radiorevelacionfm.cl\/?p=13341' aria-hidden='false' data-av_icon='\ue8f1' data-av_iconfont='entypo-fontello' title='' data-avia-related-tooltip='Compartir en Twitter' rel=\"noopener\"><span class='avia_hidden_link_text'>Compartir en Twitter<\/span><\/a><\/li><li class='av-share-link av-social-link-whatsapp' ><a target=\"_blank\" aria-label=\"Compartir en Whatsapp\" href='https:\/\/api.whatsapp.com\/send?text=https:\/\/radiorevelacionfm.cl\/?p=13341' aria-hidden='false' data-av_icon='\uf232' data-av_iconfont='entypo-fontello' title='' data-avia-related-tooltip='Compartir en Whatsapp' rel=\"noopener\"><span class='avia_hidden_link_text'>Compartir en Whatsapp<\/span><\/a><\/li><li class='av-share-link av-social-link-linkedin' ><a target=\"_blank\" aria-label=\"Compartir en LinkedIn\" href='https:\/\/linkedin.com\/shareArticle?mini=true&#038;title=Autoridades%20recuerdan%20derecho%20laboral%20que%20otorga%20permiso%20de%20%C2%BD%20d%C3%ADa%20para%20que%20trabajadores%20se%20vacunen&#038;url=https:\/\/radiorevelacionfm.cl\/?p=13341' aria-hidden='false' data-av_icon='\ue8fc' data-av_iconfont='entypo-fontello' title='' data-avia-related-tooltip='Compartir en LinkedIn' rel=\"noopener\"><span class='avia_hidden_link_text'>Compartir en LinkedIn<\/span><\/a><\/li><li class='av-share-link av-social-link-mail' ><a  aria-label=\"Compartir por correo\" href='mailto:?subject=Autoridades%20recuerdan%20derecho%20laboral%20que%20otorga%20permiso%20de%20%C2%BD%20d%C3%ADa%20para%20que%20trabajadores%20se%20vacunen&#038;body=https:\/\/radiorevelacionfm.cl\/?p=13341' aria-hidden='false' data-av_icon='\ue805' data-av_iconfont='entypo-fontello' title='' data-avia-related-tooltip='Compartir por correo'><span class='avia_hidden_link_text'>Compartir por correo<\/span><\/a><\/li><\/ul><\/div><\/div>\n<div  style='height:50px' class='hr hr-invisible   avia-builder-el-8  el_after_av_social_share  el_before_av_comments_list '><span class='hr-inner ' ><span class='hr-inner-style'><\/span><\/span><\/div>\n<div  class='av-buildercomment  av-blog-meta-html-info-disabled av-blog-meta-tag-disabled  '><\/div>\n","protected":false},"excerpt":{"rendered":"","protected":false},"author":1,"featured_media":6570,"comment_status":"open","ping_status":"open","sticky":false,"template":"","format":"standard","meta":{"footnotes":""},"categories":[56],"tags":[],"class_list":["post-13341","post","type-post","status-publish","format-standard","has-post-thumbnail","hentry","category-trabajo"],"jetpack_featured_media_url":"https:\/\/radiorevelacionfm.cl\/wp-content\/uploads\/2021\/07\/Vacunas-2021-07-22-1.jpeg","_links":{"self":[{"href":"https:\/\/radiorevelacionfm.cl\/index.php?rest_route=\/wp\/v2\/posts\/13341","targetHints":{"allow":["GET"]}}],"collection":[{"href":"https:\/\/radiorevelacionfm.cl\/index.php?rest_route=\/wp\/v2\/posts"}],"about":[{"href":"https:\/\/radiorevelacionfm.cl\/index.php?rest_route=\/wp\/v2\/types\/post"}],"author":[{"embeddable":true,"href":"https:\/\/radiorevelacionfm.cl\/index.php?rest_route=\/wp\/v2\/users\/1"}],"replies":[{"embeddable":true,"href":"https:\/\/radiorevelacionfm.cl\/index.php?rest_route=%2Fwp%2Fv2%2Fcomments&post=13341"}],"version-history":[{"count":2,"href":"https:\/\/radiorevelacionfm.cl\/index.php?rest_route=\/wp\/v2\/posts\/13341\/revisions"}],"predecessor-version":[{"id":13349,"href":"https:\/\/radiorevelacionfm.cl\/index.php?rest_route=\/wp\/v2\/posts\/13341\/revisions\/13349"}],"wp:featuredmedia":[{"embeddable":true,"href":"https:\/\/radiorevelacionfm.cl\/index.php?rest_route=\/wp\/v2\/media\/6570"}],"wp:attachment":[{"href":"https:\/\/radiorevelacionfm.cl\/index.php?rest_route=%2Fwp%2Fv2%2Fmedia&parent=13341"}],"wp:term":[{"taxonomy":"category","embeddable":true,"href":"https:\/\/radiorevelacionfm.cl\/index.php?rest_route=%2Fwp%2Fv2%2Fcategories&post=13341"},{"taxonomy":"post_tag","embeddable":true,"href":"https:\/\/radiorevelacionfm.cl\/index.php?rest_route=%2Fwp%2Fv2%2Ftags&post=13341"}],"curies":[{"name":"wp","href":"https:\/\/api.w.org\/{rel}","templated":true}]}}