{"id":13338,"date":"2022-01-31T10:28:46","date_gmt":"2022-01-31T13:28:46","guid":{"rendered":"https:\/\/radiorevelacionfm.cl\/?p=13338"},"modified":"2022-01-31T10:28:46","modified_gmt":"2022-01-31T13:28:46","slug":"anuncian-rebaja-de-un-22-en-el-precio-de-los-pasaportes-a-contar-del-01-de-marzo","status":"publish","type":"post","link":"https:\/\/radiorevelacionfm.cl\/?p=13338","title":{"rendered":"Anuncian rebaja de un 22% en el precio de los pasaportes a contar del 01 de marzo"},"content":{"rendered":"<div class=\"flex_column av_one_full  flex_column_div av-zero-column-padding first  avia-builder-el-0  el_before_av_one_full  avia-builder-el-first  \" style='border-radius:0px; '><div  class='avia-image-container  av-styling-    avia-builder-el-1  avia-builder-el-no-sibling  avia-align-center '  itemprop=\"image\" itemscope=\"itemscope\" itemtype=\"https:\/\/schema.org\/ImageObject\"  ><div class='avia-image-container-inner'><div class='avia-image-overlay-wrap'><img decoding=\"async\" class='wp-image-13339 avia-img-lazy-loading-not-13339 avia_image' src=\"https:\/\/radiorevelacionfm.cl\/wp-content\/uploads\/2022\/01\/pasaporte-2-2.jpg\" alt='' title='pasaporte-2-2' height=\"600\" width=\"900\"  itemprop=\"thumbnailUrl\" srcset=\"https:\/\/radiorevelacionfm.cl\/wp-content\/uploads\/2022\/01\/pasaporte-2-2.jpg 900w, https:\/\/radiorevelacionfm.cl\/wp-content\/uploads\/2022\/01\/pasaporte-2-2-300x200.jpg 300w, https:\/\/radiorevelacionfm.cl\/wp-content\/uploads\/2022\/01\/pasaporte-2-2-768x512.jpg 768w, https:\/\/radiorevelacionfm.cl\/wp-content\/uploads\/2022\/01\/pasaporte-2-2-705x470.jpg 705w, https:\/\/radiorevelacionfm.cl\/wp-content\/uploads\/2022\/01\/pasaporte-2-2-600x400.jpg 600w\" sizes=\"(max-width: 900px) 100vw, 900px\" \/><\/div><\/div><\/div><\/div><div class=\"flex_column av_one_full  flex_column_div av-zero-column-padding first  avia-builder-el-2  el_after_av_one_full  el_before_av_one_full  column-top-margin\" style='border-radius:0px; '><section class=\"av_textblock_section \"  itemscope=\"itemscope\" itemtype=\"https:\/\/schema.org\/BlogPosting\" itemprop=\"blogPost\" ><div class='avia_textblock  '   itemprop=\"text\" ><h2 class=\"title\" style=\"text-align: center;\">Anuncian rebaja de un 22% en el precio de los pasaportes a contar del 01 de marzo<\/h2>\n<div id=\"gtx-trans\" style=\"position: absolute; left: -50px; top: 4.31534px;\">\n<div class=\"gtx-trans-icon\"><\/div>\n<\/div>\n<\/div><\/section><\/div><div class=\"flex_column av_one_full  flex_column_div av-zero-column-padding first  avia-builder-el-4  el_after_av_one_full  el_before_av_hr  column-top-margin\" style='border-radius:0px; '><section class=\"av_textblock_section \"  itemscope=\"itemscope\" itemtype=\"https:\/\/schema.org\/BlogPosting\" itemprop=\"blogPost\" ><div class='avia_textblock  '   itemprop=\"text\" ><p style=\"text-align: justify;\">A partir del 1 de Marzo, el precio de los pasaportes experimentar\u00e1n una rebaja del 22%, lo que se traduce en que de su valor actual que bordea los 89.740 quedar\u00e1n en \u00a069.740, as\u00ed lo dieron a conocer esta ma\u00f1ana autoridades nacionales, encabezadas por el Ministro de Justicia y DD.HH Hern\u00e1n Larra\u00edn.<\/p>\n<p style=\"text-align: justify;\">Respecto a este importante anuncio, el Seremi de Justicia y DD.HH Luis Prieto explic\u00f3 que \u00a0\u201cesta medida es fruto de una negociaci\u00f3n con la empresa actual que realiza los pasaportes, a quienes les pedimos una rebaja en los precios, mientras dure el periodo de implementaci\u00f3n de la nueva licitaci\u00f3n. De esta manera, logramos una disminuci\u00f3n inmediata en el valor de un 22%, que ir\u00e1 en directo beneficio de chilenos y chilenas que necesitan sacar este documento\u201d.<\/p>\n<p style=\"text-align: justify;\">Mientras que el Director Regional (s) del Servicio de Registro Civil, Danilo Carrillo explic\u00f3 que \u201cesta rebaja lograda da cuenta del inter\u00e9s de nuestro Servicio y del proveedor por concordar una disminuci\u00f3n significativa durante la transici\u00f3n previa a la puesta en marcha del nuevo modelo,\u00a0 la que implica una rebaja de $20.000 durante el proceso de desarrollo del nuevo sistema de identificaci\u00f3n, que tiene por objetivo bajar a\u00fan m\u00e1s el valor y disponer de nuevos documentos de identidad para la ciudadan\u00eda. Esto se suma a lo logrado en 2020, cuando se aument\u00f3 la duraci\u00f3n del pasaporte de 5 a 10 a\u00f1os\u201d.<\/p>\n<p style=\"text-align: justify;\">Finalmente, cabe mencionar que la rebaja, equivalente a 22%, se mantendr\u00e1 hasta que comience a regir el nuevo contrato de licitaci\u00f3n de pasaportes a comienzos del pr\u00f3ximo a\u00f1o, y que se traducir\u00e1 en una disminuci\u00f3n a\u00fan mayor del costo de estos documentos.<\/p>\n<\/div><\/section><\/div><div  style='height:50px' class='hr hr-invisible   avia-builder-el-6  el_after_av_one_full  el_before_av_social_share '><span class='hr-inner ' ><span class='hr-inner-style'><\/span><\/span><\/div><\/p>\n<div  class='av-social-sharing-box  avia-builder-el-7  el_after_av_hr  el_before_av_hr  '><div class='av-share-box'><h5 class='av-share-link-description av-no-toc '>Compartir esta noticia<\/h5><ul class='av-share-box-list noLightbox'><li class='av-share-link av-social-link-facebook' ><a target=\"_blank\" aria-label=\"Compartir en Facebook\" href='https:\/\/www.facebook.com\/sharer.php?u=https:\/\/radiorevelacionfm.cl\/?p=13338&#038;t=Anuncian%20rebaja%20de%20un%2022%25%20en%20el%20precio%20de%20los%20pasaportes%20a%20contar%20del%2001%20de%20marzo' aria-hidden='false' data-av_icon='\ue8f3' data-av_iconfont='entypo-fontello' title='' data-avia-related-tooltip='Compartir en Facebook' rel=\"noopener\"><span class='avia_hidden_link_text'>Compartir en Facebook<\/span><\/a><\/li><li class='av-share-link av-social-link-twitter' ><a target=\"_blank\" aria-label=\"Compartir en Twitter\" href='https:\/\/twitter.com\/share?text=Anuncian%20rebaja%20de%20un%2022%25%20en%20el%20precio%20de%20los%20pasaportes%20a%20contar%20del%2001%20de%20marzo&#038;url=https:\/\/radiorevelacionfm.cl\/?p=13338' aria-hidden='false' data-av_icon='\ue8f1' data-av_iconfont='entypo-fontello' title='' data-avia-related-tooltip='Compartir en Twitter' rel=\"noopener\"><span class='avia_hidden_link_text'>Compartir en Twitter<\/span><\/a><\/li><li class='av-share-link av-social-link-whatsapp' ><a target=\"_blank\" aria-label=\"Compartir en Whatsapp\" href='https:\/\/api.whatsapp.com\/send?text=https:\/\/radiorevelacionfm.cl\/?p=13338' aria-hidden='false' data-av_icon='\uf232' data-av_iconfont='entypo-fontello' title='' data-avia-related-tooltip='Compartir en Whatsapp' rel=\"noopener\"><span class='avia_hidden_link_text'>Compartir en Whatsapp<\/span><\/a><\/li><li class='av-share-link av-social-link-linkedin' ><a target=\"_blank\" aria-label=\"Compartir en LinkedIn\" href='https:\/\/linkedin.com\/shareArticle?mini=true&#038;title=Anuncian%20rebaja%20de%20un%2022%25%20en%20el%20precio%20de%20los%20pasaportes%20a%20contar%20del%2001%20de%20marzo&#038;url=https:\/\/radiorevelacionfm.cl\/?p=13338' aria-hidden='false' data-av_icon='\ue8fc' data-av_iconfont='entypo-fontello' title='' data-avia-related-tooltip='Compartir en LinkedIn' rel=\"noopener\"><span class='avia_hidden_link_text'>Compartir en LinkedIn<\/span><\/a><\/li><li class='av-share-link av-social-link-mail' ><a  aria-label=\"Compartir por correo\" href='mailto:?subject=Anuncian%20rebaja%20de%20un%2022%25%20en%20el%20precio%20de%20los%20pasaportes%20a%20contar%20del%2001%20de%20marzo&#038;body=https:\/\/radiorevelacionfm.cl\/?p=13338' aria-hidden='false' data-av_icon='\ue805' data-av_iconfont='entypo-fontello' title='' data-avia-related-tooltip='Compartir por correo'><span class='avia_hidden_link_text'>Compartir por correo<\/span><\/a><\/li><\/ul><\/div><\/div>\n<div  style='height:50px' class='hr hr-invisible   avia-builder-el-8  el_after_av_social_share  el_before_av_comments_list '><span class='hr-inner ' ><span class='hr-inner-style'><\/span><\/span><\/div>\n<div  class='av-buildercomment  av-blog-meta-html-info-disabled av-blog-meta-tag-disabled  '><\/div>\n","protected":false},"excerpt":{"rendered":"","protected":false},"author":1,"featured_media":13339,"comment_status":"open","ping_status":"open","sticky":false,"template":"","format":"standard","meta":{"footnotes":""},"categories":[55],"tags":[],"class_list":["post-13338","post","type-post","status-publish","format-standard","has-post-thumbnail","hentry","category-justicia"],"jetpack_featured_media_url":"https:\/\/radiorevelacionfm.cl\/wp-content\/uploads\/2022\/01\/pasaporte-2-2.jpg","_links":{"self":[{"href":"https:\/\/radiorevelacionfm.cl\/index.php?rest_route=\/wp\/v2\/posts\/13338","targetHints":{"allow":["GET"]}}],"collection":[{"href":"https:\/\/radiorevelacionfm.cl\/index.php?rest_route=\/wp\/v2\/posts"}],"about":[{"href":"https:\/\/radiorevelacionfm.cl\/index.php?rest_route=\/wp\/v2\/types\/post"}],"author":[{"embeddable":true,"href":"https:\/\/radiorevelacionfm.cl\/index.php?rest_route=\/wp\/v2\/users\/1"}],"replies":[{"embeddable":true,"href":"https:\/\/radiorevelacionfm.cl\/index.php?rest_route=%2Fwp%2Fv2%2Fcomments&post=13338"}],"version-history":[{"count":2,"href":"https:\/\/radiorevelacionfm.cl\/index.php?rest_route=\/wp\/v2\/posts\/13338\/revisions"}],"predecessor-version":[{"id":13348,"href":"https:\/\/radiorevelacionfm.cl\/index.php?rest_route=\/wp\/v2\/posts\/13338\/revisions\/13348"}],"wp:featuredmedia":[{"embeddable":true,"href":"https:\/\/radiorevelacionfm.cl\/index.php?rest_route=\/wp\/v2\/media\/13339"}],"wp:attachment":[{"href":"https:\/\/radiorevelacionfm.cl\/index.php?rest_route=%2Fwp%2Fv2%2Fmedia&parent=13338"}],"wp:term":[{"taxonomy":"category","embeddable":true,"href":"https:\/\/radiorevelacionfm.cl\/index.php?rest_route=%2Fwp%2Fv2%2Fcategories&post=13338"},{"taxonomy":"post_tag","embeddable":true,"href":"https:\/\/radiorevelacionfm.cl\/index.php?rest_route=%2Fwp%2Fv2%2Ftags&post=13338"}],"curies":[{"name":"wp","href":"https:\/\/api.w.org\/{rel}","templated":true}]}}