{"id":13330,"date":"2022-01-28T19:06:09","date_gmt":"2022-01-28T22:06:09","guid":{"rendered":"https:\/\/radiorevelacionfm.cl\/?p=13330"},"modified":"2022-01-28T19:06:09","modified_gmt":"2022-01-28T22:06:09","slug":"zumbale-primo-hizo-vibrar-el-parque-municipal-en-la-primera-jornada-masiva-de-conciertos-en-puerto-aysen","status":"publish","type":"post","link":"https:\/\/radiorevelacionfm.cl\/?p=13330","title":{"rendered":"Z\u00fambale Primo hizo vibrar el Parque Municipal en la primera jornada masiva de conciertos en Puerto Ays\u00e9n"},"content":{"rendered":"<div class=\"flex_column av_one_full  flex_column_div av-zero-column-padding first  avia-builder-el-0  el_before_av_one_full  avia-builder-el-first  \" style='border-radius:0px; '><div  class='avia-image-container  av-styling-    avia-builder-el-1  avia-builder-el-no-sibling  avia-align-center '  itemprop=\"image\" itemscope=\"itemscope\" itemtype=\"https:\/\/schema.org\/ImageObject\"  ><div class='avia-image-container-inner'><div class='avia-image-overlay-wrap'><img decoding=\"async\" class='wp-image-13331 avia-img-lazy-loading-not-13331 avia_image' src=\"https:\/\/radiorevelacionfm.cl\/wp-content\/uploads\/2022\/01\/zumbale-muniaysen2-1-1.jpeg\" alt='' title='zumbale-muniaysen2 (1) (1)' height=\"600\" width=\"900\"  itemprop=\"thumbnailUrl\" srcset=\"https:\/\/radiorevelacionfm.cl\/wp-content\/uploads\/2022\/01\/zumbale-muniaysen2-1-1.jpeg 900w, https:\/\/radiorevelacionfm.cl\/wp-content\/uploads\/2022\/01\/zumbale-muniaysen2-1-1-300x200.jpeg 300w, https:\/\/radiorevelacionfm.cl\/wp-content\/uploads\/2022\/01\/zumbale-muniaysen2-1-1-768x512.jpeg 768w, https:\/\/radiorevelacionfm.cl\/wp-content\/uploads\/2022\/01\/zumbale-muniaysen2-1-1-705x470.jpeg 705w, https:\/\/radiorevelacionfm.cl\/wp-content\/uploads\/2022\/01\/zumbale-muniaysen2-1-1-600x400.jpeg 600w\" sizes=\"(max-width: 900px) 100vw, 900px\" \/><\/div><\/div><\/div><\/div><div class=\"flex_column av_one_full  flex_column_div av-zero-column-padding first  avia-builder-el-2  el_after_av_one_full  el_before_av_one_full  column-top-margin\" style='border-radius:0px; '><section class=\"av_textblock_section \"  itemscope=\"itemscope\" itemtype=\"https:\/\/schema.org\/BlogPosting\" itemprop=\"blogPost\" ><div class='avia_textblock  '   itemprop=\"text\" ><p style=\"text-align: center;\"><strong><span style=\"font-size: 18pt;\">Z\u00fambale Primo hizo vibrar el Parque Municipal en la primera jornada masiva de conciertos en Puerto Ays\u00e9n<\/span><\/strong><\/p>\n<div id=\"gtx-trans\" style=\"position: absolute; left: -50px; top: 4.31534px;\">\n<div class=\"gtx-trans-icon\"><\/div>\n<\/div>\n<\/div><\/section><\/div><div class=\"flex_column av_one_full  flex_column_div av-zero-column-padding first  avia-builder-el-4  el_after_av_one_full  el_before_av_hr  column-top-margin\" style='border-radius:0px; '><section class=\"av_textblock_section \"  itemscope=\"itemscope\" itemtype=\"https:\/\/schema.org\/BlogPosting\" itemprop=\"blogPost\" ><div class='avia_textblock  '   itemprop=\"text\" ><p style=\"text-align: justify;\">Un show marcado por el cumplimiento de las medidas sanitarias ordenadas por el Ministerio de Salud tuvo la Ilustre Municipalidad de Ays\u00e9n con la primera jornada masiva del Aniversario N 94 de Puerto Ays\u00e9n y que cont\u00f3 con la destacada participaci\u00f3n de la banda nacional \u201cZ\u00fambale Primo\u201d quienes fueron los encargados a trav\u00e9s de la Cumbia Ranchera hacer bailar a los ayseninos en el Parque Municipal (ex Isla D\u00edaz). La actividad de clausura del aniversario se llevar\u00e1 a efecto con la presentaci\u00f3n el viernes 28 con el d\u00fao Los V\u00e1squez.<\/p>\n<p style=\"text-align: justify;\">En el primer concierto tras dos a\u00f1os de inactividad en la escena musical, el Parque Municipal recibi\u00f3 la visita de distintos lugare\u00f1os y turistas nacionales e internacionales que portaban de manera activa su Pase de Movilidad. Para llevar adelante estos preparativos, la casa edilicia despleg\u00f3 un amplio contingente de personal para controlar todos los accesos al recinto con el apoyo de Carabineros de Chile.<\/p>\n<p style=\"text-align: justify;\">El alcalde de Ays\u00e9n, Julio Uribe Alvarado, destac\u00f3 que \u201cdespu\u00e9s de esta pandemia que no nos dej\u00f3 tener espect\u00e1culos durante dos a\u00f1os, no me queda m\u00e1s que agradecer al tremendo equipo de trabajadores de municipales que han podido sacar adelante este tremendo espect\u00e1culo de primer nivel, hoy d\u00eda nosotros estamos muy contento de haber logrado esto y terminar con broche de oro nuestra semana aysenina y seguir trabajando por el resto del verano en el Vive tu verano en Ays\u00e9n\u201d.<\/p>\n<p style=\"text-align: justify;\">Rubic Mauricio, uno de los integrantes del grupo Z\u00fambale Primo, destac\u00f3 lo renovado de la puesta en escena que desarrollaron en el Parque Municipal de Ays\u00e9n, esto acompa\u00f1ado de un \u201cun show de calidad, como la gente se lo merece\u201d, brindando as\u00ed tambi\u00e9n, las gracias a la Ilustre Municipalidad de Ays\u00e9n por la invitaci\u00f3n formulada.<\/p>\n<p style=\"text-align: justify;\">Por su parte, Tatiana Villarroel, locutora radial, animadora y concejala de la comuna, enfatiz\u00f3 la recepci\u00f3n positiva que tuvo el p\u00fablico en la primera jornada de concierto masivo \u201choy lo vi desde el lado de la animaci\u00f3n, donde quise aportar de manera gratuita porque soy concejala pero adem\u00e1s soy animadora y es lo que a mi me gusta, as\u00ed es que, contenta por haber participado y conocido a los chicos del grupo, la gente muy contenta, muy cari\u00f1osa tambi\u00e9n, esperamos que lo sigan pasando bien.\u201d Con ello, Villarroel indic\u00f3 que su parecer fue todo un acierto el requisito de contar con el Pase de Movilidad en vista y consideraci\u00f3n de la situaci\u00f3n epidemiol\u00f3gica actual.<\/p>\n<p style=\"text-align: justify;\">Una de las asistentes al evento, Cristina Ruiz, puntualiz\u00f3 sus declaraciones en tiempo transcurrido para efectuar este tipo de eventos en el territorio. Adicionalmente, por su condici\u00f3n de gestante, agradeci\u00f3 las medidas de prevenci\u00f3n adoptadas por el municipio y establecidas por el Minsal porque en su caso permite una asistencia segura a estas instancias \u201cQue se sigan cuidando para que sigamos teniendo estas actividades que nos da el municipio y especialmente nuestro gran alcalde que nos ha dado bonitas experiencias\u201d.<\/p>\n<p style=\"text-align: justify;\">Finalmente, Sandra Guti\u00e9rrez, quien tuvo la oportunidad de obtener una fotograf\u00eda con los m\u00fasicos en su presentaci\u00f3n en Puerto Ays\u00e9n declar\u00f3 que para ella fue \u201cemocionante y bonito\u201d el encuentro con la Banda Z\u00fambale Primo. \u201cPara todos es s\u00faper lindo e importante, despu\u00e9s de la pandemia contar con algo as\u00ed. Tras ser consultada por las medidas de sanitarias emitidas por el Ministerio de Salud, manifest\u00f3 su conformidad \u201cporque uno tiene la tranquilidad de ver este espect\u00e1culo con seguridad\u201d.<\/p>\n<\/div><\/section><\/div><div  style='height:50px' class='hr hr-invisible   avia-builder-el-6  el_after_av_one_full  el_before_av_social_share '><span class='hr-inner ' ><span class='hr-inner-style'><\/span><\/span><\/div><\/p>\n<div  class='av-social-sharing-box  avia-builder-el-7  el_after_av_hr  el_before_av_hr  '><div class='av-share-box'><h5 class='av-share-link-description av-no-toc '>Compartir esta noticia<\/h5><ul class='av-share-box-list noLightbox'><li class='av-share-link av-social-link-facebook' ><a target=\"_blank\" aria-label=\"Compartir en Facebook\" href='https:\/\/www.facebook.com\/sharer.php?u=https:\/\/radiorevelacionfm.cl\/?p=13330&#038;t=Z%C3%BAmbale%20Primo%20hizo%20vibrar%20el%20Parque%20Municipal%20en%20la%20primera%20jornada%20masiva%20de%20conciertos%20en%20Puerto%20Ays%C3%A9n' aria-hidden='false' data-av_icon='\ue8f3' data-av_iconfont='entypo-fontello' title='' data-avia-related-tooltip='Compartir en Facebook' rel=\"noopener\"><span class='avia_hidden_link_text'>Compartir en Facebook<\/span><\/a><\/li><li class='av-share-link av-social-link-twitter' ><a target=\"_blank\" aria-label=\"Compartir en Twitter\" href='https:\/\/twitter.com\/share?text=Z%C3%BAmbale%20Primo%20hizo%20vibrar%20el%20Parque%20Municipal%20en%20la%20primera%20jornada%20masiva%20de%20conciertos%20en%20Puerto%20Ays%C3%A9n&#038;url=https:\/\/radiorevelacionfm.cl\/?p=13330' aria-hidden='false' data-av_icon='\ue8f1' data-av_iconfont='entypo-fontello' title='' data-avia-related-tooltip='Compartir en Twitter' rel=\"noopener\"><span class='avia_hidden_link_text'>Compartir en Twitter<\/span><\/a><\/li><li class='av-share-link av-social-link-whatsapp' ><a target=\"_blank\" aria-label=\"Compartir en Whatsapp\" href='https:\/\/api.whatsapp.com\/send?text=https:\/\/radiorevelacionfm.cl\/?p=13330' aria-hidden='false' data-av_icon='\uf232' data-av_iconfont='entypo-fontello' title='' data-avia-related-tooltip='Compartir en Whatsapp' rel=\"noopener\"><span class='avia_hidden_link_text'>Compartir en Whatsapp<\/span><\/a><\/li><li class='av-share-link av-social-link-linkedin' ><a target=\"_blank\" aria-label=\"Compartir en LinkedIn\" href='https:\/\/linkedin.com\/shareArticle?mini=true&#038;title=Z%C3%BAmbale%20Primo%20hizo%20vibrar%20el%20Parque%20Municipal%20en%20la%20primera%20jornada%20masiva%20de%20conciertos%20en%20Puerto%20Ays%C3%A9n&#038;url=https:\/\/radiorevelacionfm.cl\/?p=13330' aria-hidden='false' data-av_icon='\ue8fc' data-av_iconfont='entypo-fontello' title='' data-avia-related-tooltip='Compartir en LinkedIn' rel=\"noopener\"><span class='avia_hidden_link_text'>Compartir en LinkedIn<\/span><\/a><\/li><li class='av-share-link av-social-link-mail' ><a  aria-label=\"Compartir por correo\" href='mailto:?subject=Z%C3%BAmbale%20Primo%20hizo%20vibrar%20el%20Parque%20Municipal%20en%20la%20primera%20jornada%20masiva%20de%20conciertos%20en%20Puerto%20Ays%C3%A9n&#038;body=https:\/\/radiorevelacionfm.cl\/?p=13330' aria-hidden='false' data-av_icon='\ue805' data-av_iconfont='entypo-fontello' title='' data-avia-related-tooltip='Compartir por correo'><span class='avia_hidden_link_text'>Compartir por correo<\/span><\/a><\/li><\/ul><\/div><\/div>\n<div  style='height:50px' class='hr hr-invisible   avia-builder-el-8  el_after_av_social_share  el_before_av_comments_list '><span class='hr-inner ' ><span class='hr-inner-style'><\/span><\/span><\/div>\n<div  class='av-buildercomment  av-blog-meta-html-info-disabled av-blog-meta-tag-disabled  '><\/div>\n","protected":false},"excerpt":{"rendered":"","protected":false},"author":1,"featured_media":13331,"comment_status":"open","ping_status":"open","sticky":false,"template":"","format":"standard","meta":{"footnotes":""},"categories":[38],"tags":[],"class_list":["post-13330","post","type-post","status-publish","format-standard","has-post-thumbnail","hentry","category-regional"],"jetpack_featured_media_url":"https:\/\/radiorevelacionfm.cl\/wp-content\/uploads\/2022\/01\/zumbale-muniaysen2-1-1.jpeg","_links":{"self":[{"href":"https:\/\/radiorevelacionfm.cl\/index.php?rest_route=\/wp\/v2\/posts\/13330","targetHints":{"allow":["GET"]}}],"collection":[{"href":"https:\/\/radiorevelacionfm.cl\/index.php?rest_route=\/wp\/v2\/posts"}],"about":[{"href":"https:\/\/radiorevelacionfm.cl\/index.php?rest_route=\/wp\/v2\/types\/post"}],"author":[{"embeddable":true,"href":"https:\/\/radiorevelacionfm.cl\/index.php?rest_route=\/wp\/v2\/users\/1"}],"replies":[{"embeddable":true,"href":"https:\/\/radiorevelacionfm.cl\/index.php?rest_route=%2Fwp%2Fv2%2Fcomments&post=13330"}],"version-history":[{"count":2,"href":"https:\/\/radiorevelacionfm.cl\/index.php?rest_route=\/wp\/v2\/posts\/13330\/revisions"}],"predecessor-version":[{"id":13333,"href":"https:\/\/radiorevelacionfm.cl\/index.php?rest_route=\/wp\/v2\/posts\/13330\/revisions\/13333"}],"wp:featuredmedia":[{"embeddable":true,"href":"https:\/\/radiorevelacionfm.cl\/index.php?rest_route=\/wp\/v2\/media\/13331"}],"wp:attachment":[{"href":"https:\/\/radiorevelacionfm.cl\/index.php?rest_route=%2Fwp%2Fv2%2Fmedia&parent=13330"}],"wp:term":[{"taxonomy":"category","embeddable":true,"href":"https:\/\/radiorevelacionfm.cl\/index.php?rest_route=%2Fwp%2Fv2%2Fcategories&post=13330"},{"taxonomy":"post_tag","embeddable":true,"href":"https:\/\/radiorevelacionfm.cl\/index.php?rest_route=%2Fwp%2Fv2%2Ftags&post=13330"}],"curies":[{"name":"wp","href":"https:\/\/api.w.org\/{rel}","templated":true}]}}