{"id":13325,"date":"2022-01-28T17:52:57","date_gmt":"2022-01-28T20:52:57","guid":{"rendered":"https:\/\/radiorevelacionfm.cl\/?p=13325"},"modified":"2022-01-28T17:54:53","modified_gmt":"2022-01-28T20:54:53","slug":"vecinos-de-amengual-valoran-gestion-municipal-tras-aprobacion-de-recursos-para-alcantarillado","status":"publish","type":"post","link":"https:\/\/radiorevelacionfm.cl\/?p=13325","title":{"rendered":"Vecinos de Amengual valoran gesti\u00f3n municipal tras aprobaci\u00f3n de recursos para Alcantarillado"},"content":{"rendered":"<div class=\"flex_column av_one_full  flex_column_div av-zero-column-padding first  avia-builder-el-0  el_before_av_one_full  avia-builder-el-first  \" style='border-radius:0px; '><div  class='avia-image-container  av-styling-    avia-builder-el-1  avia-builder-el-no-sibling  avia-align-center '  itemprop=\"image\" itemscope=\"itemscope\" itemtype=\"https:\/\/schema.org\/ImageObject\"  ><div class='avia-image-container-inner'><div class='avia-image-overlay-wrap'><img decoding=\"async\" class='wp-image-13326 avia-img-lazy-loading-not-13326 avia_image' src=\"https:\/\/radiorevelacionfm.cl\/wp-content\/uploads\/2022\/01\/villa-amengual-1-2_optimized.jpg\" alt='' title='villa-amengual-1-(2)_optimized' height=\"600\" width=\"1067\"  itemprop=\"thumbnailUrl\" srcset=\"https:\/\/radiorevelacionfm.cl\/wp-content\/uploads\/2022\/01\/villa-amengual-1-2_optimized.jpg 1067w, https:\/\/radiorevelacionfm.cl\/wp-content\/uploads\/2022\/01\/villa-amengual-1-2_optimized-300x169.jpg 300w, https:\/\/radiorevelacionfm.cl\/wp-content\/uploads\/2022\/01\/villa-amengual-1-2_optimized-1030x579.jpg 1030w, https:\/\/radiorevelacionfm.cl\/wp-content\/uploads\/2022\/01\/villa-amengual-1-2_optimized-768x432.jpg 768w, https:\/\/radiorevelacionfm.cl\/wp-content\/uploads\/2022\/01\/villa-amengual-1-2_optimized-705x396.jpg 705w, https:\/\/radiorevelacionfm.cl\/wp-content\/uploads\/2022\/01\/villa-amengual-1-2_optimized-600x337.jpg 600w\" sizes=\"(max-width: 1067px) 100vw, 1067px\" \/><\/div><\/div><\/div><\/div>\n<div class=\"flex_column av_one_full  flex_column_div av-zero-column-padding first  avia-builder-el-2  el_after_av_one_full  el_before_av_one_full  column-top-margin\" style='border-radius:0px; '><section class=\"av_textblock_section \"  itemscope=\"itemscope\" itemtype=\"https:\/\/schema.org\/BlogPosting\" itemprop=\"blogPost\" ><div class='avia_textblock  '   itemprop=\"text\" ><p style=\"text-align: center;\"><strong><span style=\"font-size: 18pt;\">Vecinos de Amengual valoran gesti\u00f3n municipal tras aprobaci\u00f3n de recursos para Alcantarillado<\/span><\/strong><\/p>\n<div id=\"gtx-trans\" style=\"position: absolute; left: -50px; top: 4.31534px;\">\n<div class=\"gtx-trans-icon\"><\/div>\n<\/div>\n<\/div><\/section><\/div>\n<div class=\"flex_column av_one_full  flex_column_div av-zero-column-padding first  avia-builder-el-4  el_after_av_one_full  el_before_av_hr  column-top-margin\" style='border-radius:0px; '><section class=\"av_textblock_section \"  itemscope=\"itemscope\" itemtype=\"https:\/\/schema.org\/BlogPosting\" itemprop=\"blogPost\" ><div class='avia_textblock  '   itemprop=\"text\" ><p style=\"text-align: justify;\">Villa Amengual es una peque\u00f1a y hermosa localidad, emplazada en medio de la ruta y es parte de la comuna de Lago Verde, sector que ha ido creciendo y hoy es el paso obligado de muchos turistas. Es por ello que, la gesti\u00f3n del Alcalde, Nelson Opazo L\u00f3pez, los profesionales del Municipio, el Concejo Municipal y la propia comunidad amengualina, han trabajado en conjunto y se fijaron un objetivo, lograr los recursos para el alcantarillado y planta de tratamiento de aguas servidas.<\/p>\n<p style=\"text-align: justify;\">A esta labor y necesidad ciudadana se uni\u00f3 el Senador David Sandoval, la Subdere con su representante regional, Patricio Ulloa, m\u00e1s la Subsecretaria Mar\u00eda Paz Troncoso, la Gobernadora Regional, Andrea Mac\u00edas, el Consejo Regional en pleno. Todos en definitiva con la idea de mejorar la calidad de vida de las familias de Villa Amengual. Esto deriv\u00f3 en que los recursos para este mega proyecto sean aportados en un 50% por Subdere y el otro 50% por el Gobierno Regional de Ays\u00e9n.<\/p>\n<p style=\"text-align: justify;\">Sin lugar a dudas, que un trabajo de esta magnitud, donde se unen voluntades pol\u00edticas por un bien com\u00fan, la ciudadan\u00eda lo celebra y agradece. Porque es de esta forma que se avanza en la concreci\u00f3n de iniciativas, en este caso sanitarias.<\/p>\n<p style=\"text-align: justify;\">\u201cMe parece muy positivo que se hagan estos adelantos en la Villa, es importante dado que estamos creciendo, una poblaci\u00f3n que est\u00e1 aumentando, se necesitan otros requerimientos y sin duda que la mejora del alcantarillado y la planta de tratamientos nos va a beneficiar a todos, no solamente a la gente que vive en la localidad, ni solamente a los servicios que est\u00e1n en la localidad, sino que tambi\u00e9n para la que gente que viene a visitarnos, es importante, para que le entreguemos una mejor calidad en los servicios. As\u00ed es que, contento con estos avances, feliz por el progreso, importante seguir as\u00ed en esta misma senda\u201d, manifest\u00f3, V\u00edctor Ojeda, director de la escuela de Villa Amengual.<\/p>\n<p style=\"text-align: justify;\">H\u00e9ctor Arias, antiguo vecino de la localidad, se mostraba feliz con que la iniciativa del alcantarillado tenga financiamiento, ya que, es algo totalmente necesario, comenta. \u201cYo creo que est\u00e1 muy bien que se haya aprobado el financiamiento para este proyecto, porque est\u00e1 haciendo falta aqu\u00ed, ya que los olores se devuelven, entonces, creo que es muy importante la planta de tratamiento y el alcantarillado. Todo lo que sea en beneficio de la comuna, las gestiones que se hagan son bienvenidas, porque es bueno que se vaya en apoyo de la localidad y de las tres localidades de la comuna\u201d.<\/p>\n<p style=\"text-align: justify;\">La se\u00f1ora Ida Bulher, dirigenta de social y emprendedora del turismo en Villa Amengual, relev\u00f3 el trabajo y las gestiones de la Primera Autoridad Comunal y el Concejo en bien de la ciudadan\u00eda.<\/p>\n<p style=\"text-align: justify;\">\u201cMe parece genial, felicito a don Nelson Opazo y a su Concejo, el proyecto de la planta de tratamiento de aguas servidas que ha salido, para nosotros es muy importante por la salud de la gente. En mi casa, en mi local, siempre se notaba el mal olor, se devolv\u00eda hacia la casa, el local, pero hoy el proyecto ya est\u00e1 aprobado. As\u00ed es que, felicitaciones al se\u00f1or Alcalde y a toda la gente que ha estado detr\u00e1s de esto, para que hoy d\u00eda tengamos un proyecto grande, porque vamos a tener todo en orden, como debe ser, en Villa Amengual\u201d.<\/p>\n<p style=\"text-align: justify;\">Por su parte, el Alcalde de la comuna de Lago Verde, Nelson Opazo L\u00f3pez, agradeci\u00f3 las palabras de los vecinos, el reconocimiento que se hace a la gesti\u00f3n, la cual, ha sido realizada de la mano y con el respaldo de los vecinos, vecinas y dirigentes de la localidad. \u201cUna iniciativa como esta, que involucra a tantos actores y que se logra materializar con su financiamiento, hace que tengamos momentos de especial satisfacci\u00f3n, m\u00e1s aun, cuando este reconocimiento y esta valoraci\u00f3n esta expresada directamente por los actores protagonistas de las localidades, en este caso Villa Amengual, donde dirigentes, vecinos de la localidad, valoran este trabajo y lo expresan decididamente\u201d.<\/p>\n<p style=\"text-align: justify;\">El jefe comunal, reiter\u00f3 su agradecimiento a las personas y actores pol\u00edticos que a nivel local y regional han hecho posible que este proyecto se pueda financiar. Indicando tambi\u00e9n que, dentro los pr\u00f3ximos d\u00edas se proceder\u00e1 a la firma del convenio, posteriormente realizar el proceso de licitaci\u00f3n y comenzar las obras de esta importante iniciativa que junto con entregar una soluci\u00f3n sanitaria, entregar\u00e1 adem\u00e1s, \u201cgarant\u00edas de movimiento econ\u00f3mico, impulso para los negocios locales y aumentar las posibilidades de empleo para la gente\u201d, puntualiz\u00f3 el Alcalde de la comuna de Lago Verde, Nelson Opazo.<\/p>\n<\/div><\/section><\/div><div  style='height:50px' class='hr hr-invisible   avia-builder-el-6  el_after_av_one_full  el_before_av_social_share '><span class='hr-inner ' ><span class='hr-inner-style'><\/span><\/span><\/div><\/p>\n<div  class='av-social-sharing-box  avia-builder-el-7  el_after_av_hr  el_before_av_hr  '><div class='av-share-box'><h5 class='av-share-link-description av-no-toc '>Compartir esta noticia<\/h5><ul class='av-share-box-list noLightbox'><li class='av-share-link av-social-link-facebook' ><a target=\"_blank\" aria-label=\"Compartir en Facebook\" href='https:\/\/www.facebook.com\/sharer.php?u=https:\/\/radiorevelacionfm.cl\/?p=13325&#038;t=Vecinos%20de%20Amengual%20valoran%20gesti%C3%B3n%20municipal%20tras%20aprobaci%C3%B3n%20de%20recursos%20para%20Alcantarillado' aria-hidden='false' data-av_icon='\ue8f3' data-av_iconfont='entypo-fontello' title='' data-avia-related-tooltip='Compartir en Facebook' rel=\"noopener\"><span class='avia_hidden_link_text'>Compartir en Facebook<\/span><\/a><\/li><li class='av-share-link av-social-link-twitter' ><a target=\"_blank\" aria-label=\"Compartir en Twitter\" href='https:\/\/twitter.com\/share?text=Vecinos%20de%20Amengual%20valoran%20gesti%C3%B3n%20municipal%20tras%20aprobaci%C3%B3n%20de%20recursos%20para%20Alcantarillado&#038;url=https:\/\/radiorevelacionfm.cl\/?p=13325' aria-hidden='false' data-av_icon='\ue8f1' data-av_iconfont='entypo-fontello' title='' data-avia-related-tooltip='Compartir en Twitter' rel=\"noopener\"><span class='avia_hidden_link_text'>Compartir en Twitter<\/span><\/a><\/li><li class='av-share-link av-social-link-whatsapp' ><a target=\"_blank\" aria-label=\"Compartir en Whatsapp\" href='https:\/\/api.whatsapp.com\/send?text=https:\/\/radiorevelacionfm.cl\/?p=13325' aria-hidden='false' data-av_icon='\uf232' data-av_iconfont='entypo-fontello' title='' data-avia-related-tooltip='Compartir en Whatsapp' rel=\"noopener\"><span class='avia_hidden_link_text'>Compartir en Whatsapp<\/span><\/a><\/li><li class='av-share-link av-social-link-linkedin' ><a target=\"_blank\" aria-label=\"Compartir en LinkedIn\" href='https:\/\/linkedin.com\/shareArticle?mini=true&#038;title=Vecinos%20de%20Amengual%20valoran%20gesti%C3%B3n%20municipal%20tras%20aprobaci%C3%B3n%20de%20recursos%20para%20Alcantarillado&#038;url=https:\/\/radiorevelacionfm.cl\/?p=13325' aria-hidden='false' data-av_icon='\ue8fc' data-av_iconfont='entypo-fontello' title='' data-avia-related-tooltip='Compartir en LinkedIn' rel=\"noopener\"><span class='avia_hidden_link_text'>Compartir en LinkedIn<\/span><\/a><\/li><li class='av-share-link av-social-link-mail' ><a  aria-label=\"Compartir por correo\" href='mailto:?subject=Vecinos%20de%20Amengual%20valoran%20gesti%C3%B3n%20municipal%20tras%20aprobaci%C3%B3n%20de%20recursos%20para%20Alcantarillado&#038;body=https:\/\/radiorevelacionfm.cl\/?p=13325' aria-hidden='false' data-av_icon='\ue805' data-av_iconfont='entypo-fontello' title='' data-avia-related-tooltip='Compartir por correo'><span class='avia_hidden_link_text'>Compartir por correo<\/span><\/a><\/li><\/ul><\/div><\/div>\n<div  style='height:50px' class='hr hr-invisible   avia-builder-el-8  el_after_av_social_share  el_before_av_comments_list '><span class='hr-inner ' ><span class='hr-inner-style'><\/span><\/span><\/div>\n<div  class='av-buildercomment  av-blog-meta-html-info-disabled av-blog-meta-tag-disabled  '><\/div>\n","protected":false},"excerpt":{"rendered":"","protected":false},"author":1,"featured_media":13326,"comment_status":"open","ping_status":"open","sticky":false,"template":"","format":"standard","meta":{"footnotes":""},"categories":[38],"tags":[],"class_list":["post-13325","post","type-post","status-publish","format-standard","has-post-thumbnail","hentry","category-regional"],"jetpack_featured_media_url":"https:\/\/radiorevelacionfm.cl\/wp-content\/uploads\/2022\/01\/villa-amengual-1-2_optimized.jpg","_links":{"self":[{"href":"https:\/\/radiorevelacionfm.cl\/index.php?rest_route=\/wp\/v2\/posts\/13325","targetHints":{"allow":["GET"]}}],"collection":[{"href":"https:\/\/radiorevelacionfm.cl\/index.php?rest_route=\/wp\/v2\/posts"}],"about":[{"href":"https:\/\/radiorevelacionfm.cl\/index.php?rest_route=\/wp\/v2\/types\/post"}],"author":[{"embeddable":true,"href":"https:\/\/radiorevelacionfm.cl\/index.php?rest_route=\/wp\/v2\/users\/1"}],"replies":[{"embeddable":true,"href":"https:\/\/radiorevelacionfm.cl\/index.php?rest_route=%2Fwp%2Fv2%2Fcomments&post=13325"}],"version-history":[{"count":3,"href":"https:\/\/radiorevelacionfm.cl\/index.php?rest_route=\/wp\/v2\/posts\/13325\/revisions"}],"predecessor-version":[{"id":13328,"href":"https:\/\/radiorevelacionfm.cl\/index.php?rest_route=\/wp\/v2\/posts\/13325\/revisions\/13328"}],"wp:featuredmedia":[{"embeddable":true,"href":"https:\/\/radiorevelacionfm.cl\/index.php?rest_route=\/wp\/v2\/media\/13326"}],"wp:attachment":[{"href":"https:\/\/radiorevelacionfm.cl\/index.php?rest_route=%2Fwp%2Fv2%2Fmedia&parent=13325"}],"wp:term":[{"taxonomy":"category","embeddable":true,"href":"https:\/\/radiorevelacionfm.cl\/index.php?rest_route=%2Fwp%2Fv2%2Fcategories&post=13325"},{"taxonomy":"post_tag","embeddable":true,"href":"https:\/\/radiorevelacionfm.cl\/index.php?rest_route=%2Fwp%2Fv2%2Ftags&post=13325"}],"curies":[{"name":"wp","href":"https:\/\/api.w.org\/{rel}","templated":true}]}}