{"id":13321,"date":"2022-01-28T17:40:46","date_gmt":"2022-01-28T20:40:46","guid":{"rendered":"https:\/\/radiorevelacionfm.cl\/?p=13321"},"modified":"2022-01-28T17:40:46","modified_gmt":"2022-01-28T20:40:46","slug":"sence-abre-las-postulaciones-para-los-programas-aprendices-y-experiencia-mayor-2022","status":"publish","type":"post","link":"https:\/\/radiorevelacionfm.cl\/?p=13321","title":{"rendered":"Sence abre las postulaciones para los programas aprendices y experiencia mayor 2022"},"content":{"rendered":"<div class=\"flex_column av_one_full  flex_column_div av-zero-column-padding first  avia-builder-el-0  el_before_av_one_full  avia-builder-el-first  \" style='border-radius:0px; '><div  class='avia-image-container  av-styling-    avia-builder-el-1  avia-builder-el-no-sibling  avia-align-center '  itemprop=\"image\" itemscope=\"itemscope\" itemtype=\"https:\/\/schema.org\/ImageObject\"  ><div class='avia-image-container-inner'><div class='avia-image-overlay-wrap'><img decoding=\"async\" class='wp-image-13322 avia-img-lazy-loading-not-13322 avia_image' src=\"https:\/\/radiorevelacionfm.cl\/wp-content\/uploads\/2022\/01\/Katherine-Kingma-1-1.jpeg\" alt='' title='Katherine Kingma (1) (1)' height=\"600\" width=\"800\"  itemprop=\"thumbnailUrl\" srcset=\"https:\/\/radiorevelacionfm.cl\/wp-content\/uploads\/2022\/01\/Katherine-Kingma-1-1.jpeg 800w, https:\/\/radiorevelacionfm.cl\/wp-content\/uploads\/2022\/01\/Katherine-Kingma-1-1-300x225.jpeg 300w, https:\/\/radiorevelacionfm.cl\/wp-content\/uploads\/2022\/01\/Katherine-Kingma-1-1-768x576.jpeg 768w, https:\/\/radiorevelacionfm.cl\/wp-content\/uploads\/2022\/01\/Katherine-Kingma-1-1-705x529.jpeg 705w, https:\/\/radiorevelacionfm.cl\/wp-content\/uploads\/2022\/01\/Katherine-Kingma-1-1-600x450.jpeg 600w\" sizes=\"(max-width: 800px) 100vw, 800px\" \/><\/div><\/div><\/div><\/div><div class=\"flex_column av_one_full  flex_column_div av-zero-column-padding first  avia-builder-el-2  el_after_av_one_full  el_before_av_one_full  column-top-margin\" style='border-radius:0px; '><section class=\"av_textblock_section \"  itemscope=\"itemscope\" itemtype=\"https:\/\/schema.org\/BlogPosting\" itemprop=\"blogPost\" ><div class='avia_textblock  '   itemprop=\"text\" ><p style=\"text-align: center;\"><strong><span style=\"font-size: 18pt;\">Sence abre las postulaciones para los programas aprendices y experiencia mayor 2022 <\/span><\/strong><\/p>\n<div id=\"gtx-trans\" style=\"position: absolute; left: -50px; top: 4.31534px;\">\n<div class=\"gtx-trans-icon\"><\/div>\n<\/div>\n<\/div><\/section><\/div><div class=\"flex_column av_one_full  flex_column_div av-zero-column-padding first  avia-builder-el-4  el_after_av_one_full  el_before_av_hr  column-top-margin\" style='border-radius:0px; '><section class=\"av_textblock_section \"  itemscope=\"itemscope\" itemtype=\"https:\/\/schema.org\/BlogPosting\" itemprop=\"blogPost\" ><div class='avia_textblock  '   itemprop=\"text\" ><p style=\"text-align: justify;\">Se trata de 2 programas que buscan apoyar la contrataci\u00f3n y la reactivaci\u00f3n laboral, en el caso de aprendices, busca promover el ingreso de j\u00f3venes mayores de 15 y menores de 25 a\u00f1os a las empresas, a trav\u00e9s de la bonificaci\u00f3n del 50% del ingreso m\u00ednimo mensual y de un bono de capacitaci\u00f3n de hasta $400.000, que recibe la empresa por cada joven contratado, a trav\u00e9s de un OTEC o Relator Interno de cada aprendiz contratado.<\/p>\n<p style=\"text-align: justify;\">Pueden participar en el Programa Aprendices, empresas contribuyentes de Primera Categor\u00eda del Decreto Ley N\u00b0824, sobre Impuesto a la Renta, conforme a lo establecido en el art\u00edculo 20 de dicho cuerpo legal. Empresas con un m\u00ednimo de cinco trabajadoras o trabajadores contratados. Empresas que hayan realizado por lo menos una declaraci\u00f3n anual de impuestos. Finalmente, las empresas deber\u00e1n estar inscritas en el Registro de Entidades Receptoras de Fondos P\u00fablicos del SENCE (receptores.sence.cl).<\/p>\n<p style=\"text-align: justify;\"><strong>Para el caso del Programa Experiencia Mayor, b<\/strong>usca generar acciones para facilitar la inserci\u00f3n laboral de las personas desempleadas de 60 a\u00f1os o m\u00e1s, a trav\u00e9s del desarrollo de iniciativas de capacitaci\u00f3n y\/o de entrega de beneficios a empleadores.<\/p>\n<p style=\"text-align: justify;\">En este programa, SENCE bonificar\u00e1 a la empresa por un monto equivalente a un 60% de un ingreso m\u00ednimo mensual durante los primeros 6 meses de contrato, y un 20% del ingreso m\u00ednimo mensual de los pr\u00f3ximos 6 meses, seg\u00fan ingreso m\u00ednimo vigente, respecto a la capacitaci\u00f3n, es optativa, si la empresa elige capacitar puede optar a un bono de hasta $400.00.- (cuatrocientos mil pesos) por persona capacitada, ejecutada a trav\u00e9s de un OTEC o Relator Interno y al igual que el programa aprendices, las empresas deber\u00e1n cumplir con los requisitos para la contrataci\u00f3n.<\/p>\n<p style=\"text-align: justify;\">As\u00ed lo destac\u00f3 la Directora Regional del SENCE Ays\u00e9n, Katherine Kingma, se\u00f1alando \u201cHay que destacar que ambos programas vienen a apoyar la reactivaci\u00f3n laboral y tambi\u00e9n su formalizaci\u00f3n, en el caso de Aprendices, estamos apoyando a los j\u00f3venes, que en algunos casos les cuesta encontrar un empleo o una pr\u00e1ctica laboral, se\u00f1alar que a partir del 2019 el Ministerio de Educaci\u00f3n permite que las pr\u00e1cticas de estudiantes egresados de Ense\u00f1anza Media T\u00e9cnico Profesional (EMTP), tambi\u00e9n, se puedan acreditar con contratos de aprendizaje,\u00a0 de esta manera, el establecimiento educacional podr\u00e1 reconocer como pr\u00e1ctica profesional a estudiantes egresados, que se hayan desempe\u00f1ado en actividades propias de su especialidad por 540 horas cronol\u00f3gicas y que cuente con un contrato de aprendizaje. En el caso de Experiencia Mayor, busca formalizar y apoyar la contrataci\u00f3n de personas mayores, que muchas veces desean continuar trabajando o se sienten con el \u00e1nimo de seguir con sus actividades\u201d puntualiz\u00f3.<\/p>\n<p style=\"text-align: justify;\">Para ver si tu empresa cumple con los requisitos puedes revisar en el siguiente link <a href=\"https:\/\/sistemas.sence.cl\/fpt\/Autoconsulta.aspx\">https:\/\/sistemas.sence.cl\/fpt\/Autoconsulta.aspx<\/a> para acceder a Experiencia Mayor ingresa Aqu\u00ed: <a href=\"https:\/\/www.sence.gob.cl\/empresas\/experiencia-mayor\">https:\/\/www.sence.gob.cl\/empresas\/experiencia-mayor<\/a> y finalmente para Aprendices aqu\u00ed: <a href=\"https:\/\/www.sence.gob.cl\/empresas\/aprendices\">https:\/\/www.sence.gob.cl\/empresas\/aprendices<\/a><\/p>\n<\/div><\/section><\/div><div  style='height:50px' class='hr hr-invisible   avia-builder-el-6  el_after_av_one_full  el_before_av_social_share '><span class='hr-inner ' ><span class='hr-inner-style'><\/span><\/span><\/div><\/p>\n<div  class='av-social-sharing-box  avia-builder-el-7  el_after_av_hr  el_before_av_hr  '><div class='av-share-box'><h5 class='av-share-link-description av-no-toc '>Compartir esta noticia<\/h5><ul class='av-share-box-list noLightbox'><li class='av-share-link av-social-link-facebook' ><a target=\"_blank\" aria-label=\"Compartir en Facebook\" href='https:\/\/www.facebook.com\/sharer.php?u=https:\/\/radiorevelacionfm.cl\/?p=13321&#038;t=Sence%20abre%20las%20postulaciones%20para%20los%20programas%20aprendices%20y%20experiencia%20mayor%202022' aria-hidden='false' data-av_icon='\ue8f3' data-av_iconfont='entypo-fontello' title='' data-avia-related-tooltip='Compartir en Facebook' rel=\"noopener\"><span class='avia_hidden_link_text'>Compartir en Facebook<\/span><\/a><\/li><li class='av-share-link av-social-link-twitter' ><a target=\"_blank\" aria-label=\"Compartir en Twitter\" href='https:\/\/twitter.com\/share?text=Sence%20abre%20las%20postulaciones%20para%20los%20programas%20aprendices%20y%20experiencia%20mayor%202022&#038;url=https:\/\/radiorevelacionfm.cl\/?p=13321' aria-hidden='false' data-av_icon='\ue8f1' data-av_iconfont='entypo-fontello' title='' data-avia-related-tooltip='Compartir en Twitter' rel=\"noopener\"><span class='avia_hidden_link_text'>Compartir en Twitter<\/span><\/a><\/li><li class='av-share-link av-social-link-whatsapp' ><a target=\"_blank\" aria-label=\"Compartir en Whatsapp\" href='https:\/\/api.whatsapp.com\/send?text=https:\/\/radiorevelacionfm.cl\/?p=13321' aria-hidden='false' data-av_icon='\uf232' data-av_iconfont='entypo-fontello' title='' data-avia-related-tooltip='Compartir en Whatsapp' rel=\"noopener\"><span class='avia_hidden_link_text'>Compartir en Whatsapp<\/span><\/a><\/li><li class='av-share-link av-social-link-linkedin' ><a target=\"_blank\" aria-label=\"Compartir en LinkedIn\" href='https:\/\/linkedin.com\/shareArticle?mini=true&#038;title=Sence%20abre%20las%20postulaciones%20para%20los%20programas%20aprendices%20y%20experiencia%20mayor%202022&#038;url=https:\/\/radiorevelacionfm.cl\/?p=13321' aria-hidden='false' data-av_icon='\ue8fc' data-av_iconfont='entypo-fontello' title='' data-avia-related-tooltip='Compartir en LinkedIn' rel=\"noopener\"><span class='avia_hidden_link_text'>Compartir en LinkedIn<\/span><\/a><\/li><li class='av-share-link av-social-link-mail' ><a  aria-label=\"Compartir por correo\" href='mailto:?subject=Sence%20abre%20las%20postulaciones%20para%20los%20programas%20aprendices%20y%20experiencia%20mayor%202022&#038;body=https:\/\/radiorevelacionfm.cl\/?p=13321' aria-hidden='false' data-av_icon='\ue805' data-av_iconfont='entypo-fontello' title='' data-avia-related-tooltip='Compartir por correo'><span class='avia_hidden_link_text'>Compartir por correo<\/span><\/a><\/li><\/ul><\/div><\/div>\n<div  style='height:50px' class='hr hr-invisible   avia-builder-el-8  el_after_av_social_share  el_before_av_comments_list '><span class='hr-inner ' ><span class='hr-inner-style'><\/span><\/span><\/div>\n<div  class='av-buildercomment  av-blog-meta-html-info-disabled av-blog-meta-tag-disabled  '><\/div>\n","protected":false},"excerpt":{"rendered":"","protected":false},"author":1,"featured_media":13322,"comment_status":"open","ping_status":"open","sticky":false,"template":"","format":"standard","meta":{"footnotes":""},"categories":[56],"tags":[],"class_list":["post-13321","post","type-post","status-publish","format-standard","has-post-thumbnail","hentry","category-trabajo"],"jetpack_featured_media_url":"https:\/\/radiorevelacionfm.cl\/wp-content\/uploads\/2022\/01\/Katherine-Kingma-1-1.jpeg","_links":{"self":[{"href":"https:\/\/radiorevelacionfm.cl\/index.php?rest_route=\/wp\/v2\/posts\/13321","targetHints":{"allow":["GET"]}}],"collection":[{"href":"https:\/\/radiorevelacionfm.cl\/index.php?rest_route=\/wp\/v2\/posts"}],"about":[{"href":"https:\/\/radiorevelacionfm.cl\/index.php?rest_route=\/wp\/v2\/types\/post"}],"author":[{"embeddable":true,"href":"https:\/\/radiorevelacionfm.cl\/index.php?rest_route=\/wp\/v2\/users\/1"}],"replies":[{"embeddable":true,"href":"https:\/\/radiorevelacionfm.cl\/index.php?rest_route=%2Fwp%2Fv2%2Fcomments&post=13321"}],"version-history":[{"count":2,"href":"https:\/\/radiorevelacionfm.cl\/index.php?rest_route=\/wp\/v2\/posts\/13321\/revisions"}],"predecessor-version":[{"id":13324,"href":"https:\/\/radiorevelacionfm.cl\/index.php?rest_route=\/wp\/v2\/posts\/13321\/revisions\/13324"}],"wp:featuredmedia":[{"embeddable":true,"href":"https:\/\/radiorevelacionfm.cl\/index.php?rest_route=\/wp\/v2\/media\/13322"}],"wp:attachment":[{"href":"https:\/\/radiorevelacionfm.cl\/index.php?rest_route=%2Fwp%2Fv2%2Fmedia&parent=13321"}],"wp:term":[{"taxonomy":"category","embeddable":true,"href":"https:\/\/radiorevelacionfm.cl\/index.php?rest_route=%2Fwp%2Fv2%2Fcategories&post=13321"},{"taxonomy":"post_tag","embeddable":true,"href":"https:\/\/radiorevelacionfm.cl\/index.php?rest_route=%2Fwp%2Fv2%2Ftags&post=13321"}],"curies":[{"name":"wp","href":"https:\/\/api.w.org\/{rel}","templated":true}]}}