{"id":13317,"date":"2022-01-28T16:11:50","date_gmt":"2022-01-28T19:11:50","guid":{"rendered":"https:\/\/radiorevelacionfm.cl\/?p=13317"},"modified":"2022-01-28T16:11:50","modified_gmt":"2022-01-28T19:11:50","slug":"ministro-felipe-ward-destaca-la-generacion-de-mas-de-185-mil-empleos-gracias-al-plan-de-recuperacion-economica-y-social","status":"publish","type":"post","link":"https:\/\/radiorevelacionfm.cl\/?p=13317","title":{"rendered":"Ministro Felipe Ward destaca la generaci\u00f3n de m\u00e1s de 185 mil empleos gracias al Plan de Recuperaci\u00f3n Econ\u00f3mica y Social"},"content":{"rendered":"<div class=\"flex_column av_one_full  flex_column_div av-zero-column-padding first  avia-builder-el-0  el_before_av_one_full  avia-builder-el-first  \" style='border-radius:0px; '><div  class='avia-image-container  av-styling-    avia-builder-el-1  avia-builder-el-no-sibling  avia-align-center '  itemprop=\"image\" itemscope=\"itemscope\" itemtype=\"https:\/\/schema.org\/ImageObject\"  ><div class='avia-image-container-inner'><div class='avia-image-overlay-wrap'><img decoding=\"async\" class='wp-image-13318 avia-img-lazy-loading-not-13318 avia_image' src=\"https:\/\/radiorevelacionfm.cl\/wp-content\/uploads\/2022\/01\/image003-1-1-1.jpg\" alt='' title='image003 (1) (1) (1)' height=\"600\" width=\"901\"  itemprop=\"thumbnailUrl\" srcset=\"https:\/\/radiorevelacionfm.cl\/wp-content\/uploads\/2022\/01\/image003-1-1-1.jpg 901w, https:\/\/radiorevelacionfm.cl\/wp-content\/uploads\/2022\/01\/image003-1-1-1-300x200.jpg 300w, https:\/\/radiorevelacionfm.cl\/wp-content\/uploads\/2022\/01\/image003-1-1-1-768x511.jpg 768w, https:\/\/radiorevelacionfm.cl\/wp-content\/uploads\/2022\/01\/image003-1-1-1-705x469.jpg 705w, https:\/\/radiorevelacionfm.cl\/wp-content\/uploads\/2022\/01\/image003-1-1-1-600x400.jpg 600w\" sizes=\"(max-width: 901px) 100vw, 901px\" \/><\/div><\/div><\/div><\/div><div class=\"flex_column av_one_full  flex_column_div av-zero-column-padding first  avia-builder-el-2  el_after_av_one_full  el_before_av_one_full  column-top-margin\" style='border-radius:0px; '><section class=\"av_textblock_section \"  itemscope=\"itemscope\" itemtype=\"https:\/\/schema.org\/BlogPosting\" itemprop=\"blogPost\" ><div class='avia_textblock  '   itemprop=\"text\" ><p style=\"text-align: center;\"><span style=\"font-size: 18pt;\"><b>Ministro Felipe Ward destaca la generaci\u00f3n de m\u00e1s de 185 mil empleos gracias al Plan de Recuperaci\u00f3n Econ\u00f3mica y Social<\/b><\/span><\/p>\n<div id=\"gtx-trans\" style=\"position: absolute; left: -50px; top: 4.31534px;\">\n<div class=\"gtx-trans-icon\"><\/div>\n<\/div>\n<\/div><\/section><\/div><div class=\"flex_column av_one_full  flex_column_div av-zero-column-padding first  avia-builder-el-4  el_after_av_one_full  el_before_av_hr  column-top-margin\" style='border-radius:0px; '><section class=\"av_textblock_section \"  itemscope=\"itemscope\" itemtype=\"https:\/\/schema.org\/BlogPosting\" itemprop=\"blogPost\" ><div class='avia_textblock  '   itemprop=\"text\" ><p class=\"m_3388293857552138646Default\" style=\"text-align: justify;\">En el marco de la reuni\u00f3n de cierre del \u201cConsejo Asesor para la Recuperaci\u00f3n de la Inversi\u00f3n\u201d, el ministro de Vivienda y Urbanismo,\u00a0<b>Felipe Ward<\/b>, realiz\u00f3 un balance de la cartera en inversi\u00f3n y empleos generados en obras desarrolladas en torno al Plan de Recuperaci\u00f3n Econ\u00f3mica y Social que lidera el Presidente Sebasti\u00e1n Pi\u00f1era, para apoyar la ejecuci\u00f3n del \u201cPlan Paso a Paso Chile se Recupera\u201d y enfrentar la crisis econ\u00f3mica provocada por la pandemia.<u><\/u><u><\/u><\/p>\n<p class=\"m_3388293857552138646Default\" style=\"text-align: justify;\"><u><\/u>El ministro Ward recalc\u00f3 que, durante el 2021, la cartera cont\u00f3 con el presupuesto m\u00e1s alto de la historia &#8211; U$4.774 millones \u2013 para la construcci\u00f3n y mejoramiento de viviendas, ejecuci\u00f3n de espacios p\u00fablicos y entrega de subsidios.<u><\/u><u><\/u><\/p>\n<p class=\"m_3388293857552138646Default\" style=\"text-align: justify;\"><u><\/u>\u201cActualmente el Ministerio de Vivienda y Urbanismo tiene m\u00e1s de 131 mil viviendas en ejecuci\u00f3n y, desde que comenz\u00f3 el Plan de Recuperaci\u00f3n Econ\u00f3mica y Social, se han generado m\u00e1s de 185 mil empleos en proyectos habitacionales y urbanos, impactando directamente en la calidad de vida de miles de familias en todo el pa\u00eds. Adem\u00e1s, desde agosto 2020 a la fecha, hemos asignado m\u00e1s de 400 mil subsidios e iniciado la construcci\u00f3n y el mejoramiento de 178.284 viviendas, cifras que dan cuenta que el Minvu est\u00e1 en el coraz\u00f3n de la recuperaci\u00f3n\u201d, expres\u00f3 el ministro Ward.<u><\/u><u><\/u><\/p>\n<p class=\"m_3388293857552138646Default\" style=\"text-align: justify;\"><u><\/u>Cabe destacar que el Minvu ha cumplido un rol importante como reactivador de la inversi\u00f3n y ha promovido una serie de medidas para la generaci\u00f3n empleos, la contenci\u00f3n a los grupos vulnerables m\u00e1s afectados por la pandemia y la agilizaci\u00f3n de los tr\u00e1mites para facilitar y acelerar la inversi\u00f3n. Este plan ha requerido la colaboraci\u00f3n tanto del sector p\u00fablico como privado, aunando as\u00ed esfuerzos con los distintos ministerios y servicios, y las empresas del rubro de la construcci\u00f3n.<u><\/u><u><\/u><\/p>\n<p class=\"m_3388293857552138646Default\" style=\"text-align: justify;\"><u><\/u>En el balance realizado por el jefe de la cartera, tambi\u00e9n se destac\u00f3 que durante este gobierno se han entregado casi 1 mill\u00f3n de subsidios; se inici\u00f3 la construcci\u00f3n de 209 mil viviendas , s\u00f3lo el 2021 se iniciaron 32 mil viviendas del programa de Integraci\u00f3n Social; se cumpli\u00f3 con el <b>\u201cDesaf\u00edo 100+100\u201d<\/b>, el que busca triplicar las soluciones habitacionales y obras de habitabilidad en campamentos; y se fortaleci\u00f3 el\u00a0<b>Banco de Suelo<\/b>, con el que se obtuvieron 273 terrenos, emplazados en 712 hect\u00e1reas para la ejecuci\u00f3n de 50 mil viviendas. Adem\u00e1s, se inici\u00f3 el mejoramiento de 360 mil viviendas y se entregaron casi 153 mil hogares a familias de todo el pa\u00eds.<\/p>\n<\/div><\/section><\/div><div  style='height:50px' class='hr hr-invisible   avia-builder-el-6  el_after_av_one_full  el_before_av_social_share '><span class='hr-inner ' ><span class='hr-inner-style'><\/span><\/span><\/div><\/p>\n<div  class='av-social-sharing-box  avia-builder-el-7  el_after_av_hr  el_before_av_hr  '><div class='av-share-box'><h5 class='av-share-link-description av-no-toc '>Compartir esta noticia<\/h5><ul class='av-share-box-list noLightbox'><li class='av-share-link av-social-link-facebook' ><a target=\"_blank\" aria-label=\"Compartir en Facebook\" href='https:\/\/www.facebook.com\/sharer.php?u=https:\/\/radiorevelacionfm.cl\/?p=13317&#038;t=Ministro%20Felipe%20Ward%20destaca%20la%20generaci%C3%B3n%20de%20m%C3%A1s%20de%20185%20mil%20empleos%20gracias%20al%20Plan%20de%20Recuperaci%C3%B3n%20Econ%C3%B3mica%20y%20Social' aria-hidden='false' data-av_icon='\ue8f3' data-av_iconfont='entypo-fontello' title='' data-avia-related-tooltip='Compartir en Facebook' rel=\"noopener\"><span class='avia_hidden_link_text'>Compartir en Facebook<\/span><\/a><\/li><li class='av-share-link av-social-link-twitter' ><a target=\"_blank\" aria-label=\"Compartir en Twitter\" href='https:\/\/twitter.com\/share?text=Ministro%20Felipe%20Ward%20destaca%20la%20generaci%C3%B3n%20de%20m%C3%A1s%20de%20185%20mil%20empleos%20gracias%20al%20Plan%20de%20Recuperaci%C3%B3n%20Econ%C3%B3mica%20y%20Social&#038;url=https:\/\/radiorevelacionfm.cl\/?p=13317' aria-hidden='false' data-av_icon='\ue8f1' data-av_iconfont='entypo-fontello' title='' data-avia-related-tooltip='Compartir en Twitter' rel=\"noopener\"><span class='avia_hidden_link_text'>Compartir en Twitter<\/span><\/a><\/li><li class='av-share-link av-social-link-whatsapp' ><a target=\"_blank\" aria-label=\"Compartir en Whatsapp\" href='https:\/\/api.whatsapp.com\/send?text=https:\/\/radiorevelacionfm.cl\/?p=13317' aria-hidden='false' data-av_icon='\uf232' data-av_iconfont='entypo-fontello' title='' data-avia-related-tooltip='Compartir en Whatsapp' rel=\"noopener\"><span class='avia_hidden_link_text'>Compartir en Whatsapp<\/span><\/a><\/li><li class='av-share-link av-social-link-linkedin' ><a target=\"_blank\" aria-label=\"Compartir en LinkedIn\" href='https:\/\/linkedin.com\/shareArticle?mini=true&#038;title=Ministro%20Felipe%20Ward%20destaca%20la%20generaci%C3%B3n%20de%20m%C3%A1s%20de%20185%20mil%20empleos%20gracias%20al%20Plan%20de%20Recuperaci%C3%B3n%20Econ%C3%B3mica%20y%20Social&#038;url=https:\/\/radiorevelacionfm.cl\/?p=13317' aria-hidden='false' data-av_icon='\ue8fc' data-av_iconfont='entypo-fontello' title='' data-avia-related-tooltip='Compartir en LinkedIn' rel=\"noopener\"><span class='avia_hidden_link_text'>Compartir en LinkedIn<\/span><\/a><\/li><li class='av-share-link av-social-link-mail' ><a  aria-label=\"Compartir por correo\" href='mailto:?subject=Ministro%20Felipe%20Ward%20destaca%20la%20generaci%C3%B3n%20de%20m%C3%A1s%20de%20185%20mil%20empleos%20gracias%20al%20Plan%20de%20Recuperaci%C3%B3n%20Econ%C3%B3mica%20y%20Social&#038;body=https:\/\/radiorevelacionfm.cl\/?p=13317' aria-hidden='false' data-av_icon='\ue805' data-av_iconfont='entypo-fontello' title='' data-avia-related-tooltip='Compartir por correo'><span class='avia_hidden_link_text'>Compartir por correo<\/span><\/a><\/li><\/ul><\/div><\/div>\n<div  style='height:50px' class='hr hr-invisible   avia-builder-el-8  el_after_av_social_share  el_before_av_comments_list '><span class='hr-inner ' ><span class='hr-inner-style'><\/span><\/span><\/div>\n<div  class='av-buildercomment  av-blog-meta-html-info-disabled av-blog-meta-tag-disabled  '><\/div>\n","protected":false},"excerpt":{"rendered":"","protected":false},"author":1,"featured_media":13318,"comment_status":"open","ping_status":"open","sticky":false,"template":"","format":"standard","meta":{"footnotes":""},"categories":[57],"tags":[],"class_list":["post-13317","post","type-post","status-publish","format-standard","has-post-thumbnail","hentry","category-vivienda"],"jetpack_featured_media_url":"https:\/\/radiorevelacionfm.cl\/wp-content\/uploads\/2022\/01\/image003-1-1-1.jpg","_links":{"self":[{"href":"https:\/\/radiorevelacionfm.cl\/index.php?rest_route=\/wp\/v2\/posts\/13317","targetHints":{"allow":["GET"]}}],"collection":[{"href":"https:\/\/radiorevelacionfm.cl\/index.php?rest_route=\/wp\/v2\/posts"}],"about":[{"href":"https:\/\/radiorevelacionfm.cl\/index.php?rest_route=\/wp\/v2\/types\/post"}],"author":[{"embeddable":true,"href":"https:\/\/radiorevelacionfm.cl\/index.php?rest_route=\/wp\/v2\/users\/1"}],"replies":[{"embeddable":true,"href":"https:\/\/radiorevelacionfm.cl\/index.php?rest_route=%2Fwp%2Fv2%2Fcomments&post=13317"}],"version-history":[{"count":2,"href":"https:\/\/radiorevelacionfm.cl\/index.php?rest_route=\/wp\/v2\/posts\/13317\/revisions"}],"predecessor-version":[{"id":13320,"href":"https:\/\/radiorevelacionfm.cl\/index.php?rest_route=\/wp\/v2\/posts\/13317\/revisions\/13320"}],"wp:featuredmedia":[{"embeddable":true,"href":"https:\/\/radiorevelacionfm.cl\/index.php?rest_route=\/wp\/v2\/media\/13318"}],"wp:attachment":[{"href":"https:\/\/radiorevelacionfm.cl\/index.php?rest_route=%2Fwp%2Fv2%2Fmedia&parent=13317"}],"wp:term":[{"taxonomy":"category","embeddable":true,"href":"https:\/\/radiorevelacionfm.cl\/index.php?rest_route=%2Fwp%2Fv2%2Fcategories&post=13317"},{"taxonomy":"post_tag","embeddable":true,"href":"https:\/\/radiorevelacionfm.cl\/index.php?rest_route=%2Fwp%2Fv2%2Ftags&post=13317"}],"curies":[{"name":"wp","href":"https:\/\/api.w.org\/{rel}","templated":true}]}}