{"id":13311,"date":"2022-01-28T13:13:53","date_gmt":"2022-01-28T16:13:53","guid":{"rendered":"https:\/\/radiorevelacionfm.cl\/?p=13311"},"modified":"2022-01-28T13:13:53","modified_gmt":"2022-01-28T16:13:53","slug":"ministra-undurraga-destaca-el-aporte-de-la-region-de-aysen-en-el-desarrollo-rural-y-la-innovacion-agraria","status":"publish","type":"post","link":"https:\/\/radiorevelacionfm.cl\/?p=13311","title":{"rendered":"Ministra Undurraga destaca el aporte de la regi\u00f3n de Ays\u00e9n en el desarrollo rural y la innovaci\u00f3n agraria"},"content":{"rendered":"<div class=\"flex_column av_one_full  flex_column_div av-zero-column-padding first  avia-builder-el-0  el_before_av_one_full  avia-builder-el-first  \" style='border-radius:0px; '><div  class='avia-image-container  av-styling-    avia-builder-el-1  avia-builder-el-no-sibling  avia-align-center '  itemprop=\"image\" itemscope=\"itemscope\" itemtype=\"https:\/\/schema.org\/ImageObject\"  ><div class='avia-image-container-inner'><div class='avia-image-overlay-wrap'><img decoding=\"async\" class='wp-image-13312 avia-img-lazy-loading-not-13312 avia_image' src=\"https:\/\/radiorevelacionfm.cl\/wp-content\/uploads\/2022\/01\/dsc2439-1_optimized.jpg\" alt='' title='_dsc2439-(1)_optimized' height=\"600\" width=\"899\"  itemprop=\"thumbnailUrl\" srcset=\"https:\/\/radiorevelacionfm.cl\/wp-content\/uploads\/2022\/01\/dsc2439-1_optimized.jpg 899w, https:\/\/radiorevelacionfm.cl\/wp-content\/uploads\/2022\/01\/dsc2439-1_optimized-300x200.jpg 300w, https:\/\/radiorevelacionfm.cl\/wp-content\/uploads\/2022\/01\/dsc2439-1_optimized-768x513.jpg 768w, https:\/\/radiorevelacionfm.cl\/wp-content\/uploads\/2022\/01\/dsc2439-1_optimized-705x471.jpg 705w, https:\/\/radiorevelacionfm.cl\/wp-content\/uploads\/2022\/01\/dsc2439-1_optimized-600x400.jpg 600w\" sizes=\"(max-width: 899px) 100vw, 899px\" \/><\/div><\/div><\/div><\/div><div class=\"flex_column av_one_full  flex_column_div av-zero-column-padding first  avia-builder-el-2  el_after_av_one_full  el_before_av_one_full  column-top-margin\" style='border-radius:0px; '><section class=\"av_textblock_section \"  itemscope=\"itemscope\" itemtype=\"https:\/\/schema.org\/BlogPosting\" itemprop=\"blogPost\" ><div class='avia_textblock  '   itemprop=\"text\" ><p style=\"text-align: center;\"><span style=\"font-size: 18pt;\"><b><span lang=\"ES\">Ministra Undurraga destaca el aporte de la regi\u00f3n de Ays\u00e9n en el desarrollo rural y la innovaci\u00f3n agraria\u00a0<\/span><\/b><\/span><\/p>\n<div id=\"gtx-trans\" style=\"position: absolute; left: -50px; top: 4.31534px;\">\n<div class=\"gtx-trans-icon\"><\/div>\n<\/div>\n<\/div><\/section><\/div><div class=\"flex_column av_one_full  flex_column_div av-zero-column-padding first  avia-builder-el-4  el_after_av_one_full  el_before_av_hr  column-top-margin\" style='border-radius:0px; '><section class=\"av_textblock_section \"  itemscope=\"itemscope\" itemtype=\"https:\/\/schema.org\/BlogPosting\" itemprop=\"blogPost\" ><div class='avia_textblock  '   itemprop=\"text\" ><p class=\"v1xmsonormal\" style=\"text-align: justify;\"><span lang=\"ES\">Con el objetivo de potenciar la participaci\u00f3n regional de todas las instancias en materia de innovaci\u00f3n, la ministra de Agricultura, Mar\u00eda Emilia Undurraga, junto al director nacional de la Fundaci\u00f3n para la Innovaci\u00f3n Agraria (FIA), \u00c1lvaro Eyzaguirre dio a conocer la puesta en marcha de iniciativas adjudicadas por FIA durante el segundo semestre de 2021.\u00a0<\/span><\/p>\n<p class=\"v1xmsonormal\" style=\"text-align: justify;\"><span lang=\"ES\">La ministra Undurraga relev\u00f3 la necesidad de este tipo de iniciativas porque apoyan los emprendimientos regionales. \u00abQuiero destacar el trabajo del FIA, un trabajo con lineamientos estrat\u00e9gicos claros lo que ha permitido ver una l\u00ednea que no solo apoye los proyectos que se adjudican, sino que tambi\u00e9n sean un faro de inspiraci\u00f3n en las regiones para otros que pudieran sumarse a estas pr\u00e1cticas innovadoras\u00bb, se\u00f1al\u00f3.\u00a0<\/span><\/p>\n<p class=\"v1xmsonormal\" style=\"text-align: justify;\"><span lang=\"ES\">\u00abEn esta regi\u00f3n la innovaci\u00f3n es muy relevante y no solo la ganadera, tambi\u00e9n hay que ver c\u00f3mo podemos fomentar la horticultura, c\u00f3mo fomentamos el manejo sustentable de diversos productos, como el Sphagnum, que son importantes para las comunidades. (&#8230;) entregar diversidad en estas econom\u00edas regionales es fundamental y la innovaci\u00f3n es clave para eso\u00bb, agreg\u00f3 la autoridad del agro.\u00a0<\/span><\/p>\n<p class=\"v1xmsonormal\" style=\"text-align: justify;\"><span lang=\"ES\">Por su parte, el director nacional del FIA, \u00c1lvaro Eyzaguirre destac\u00f3 las iniciativas regionales realizadas en innovaci\u00f3n. \u00abEstamos muy contentos de estar impulsando en la regi\u00f3n de Ays\u00e9n estas cuatro nuevas iniciativas que apuntan a resolver parte de las problem\u00e1ticas de los rubros m\u00e1s relevantes para el territorio. Son $166 millones de aporte FIA, para la ejecuci\u00f3n de tres estudios que entregar\u00e1n datos importantes para la toma de decisiones en temas como: el desecho de la industria cervecera para alimento de ganado, caracterizaci\u00f3n de la miel de la regi\u00f3n y la evaluaci\u00f3n de las turberas para el cultivo artificial de musgo Sphagnum. Tambi\u00e9n est\u00e1 comenzando un proyecto que busca a trav\u00e9s del co-dise\u00f1o y desarrollo participativo de infraestructuras modulares, contribuir a aumentar la superficie de uso hort\u00edcola. Iniciativas que est\u00e1n enfocadas 100% en el desarrollo sustentable del agro en el territorio\u00bb, indic\u00f3 Eyzaguirre.\u00a0<\/span><\/p>\n<p class=\"v1xmsonormal\" style=\"text-align: justify;\"><b><span lang=\"ES\">Reuni\u00f3n con agricultoras y di\u00e1logo regional\u00a0<\/span><\/b><\/p>\n<p class=\"v1xmsonormal\" style=\"text-align: justify;\"><span lang=\"ES\">Durante su estad\u00eda en la regi\u00f3n de Ays\u00e9n, la ministra Mar\u00eda Emilia Undurraga se reuni\u00f3 con agricultoras y emprendedoras de los grupos de Indap \u2013 Prodemu y de la mujer rural de las localidades de Cisnes y Ma\u00f1ihuales donde se interioriz\u00f3 del proceso de emprendimiento y generaci\u00f3n de valor que les han entregado estas agricultoras a sus productos.\u00a0<\/span><\/p>\n<p class=\"v1xmsonormal\" style=\"text-align: justify;\"><span lang=\"ES\">La titular del agro destac\u00f3 que \u00abestas visitas han sido muy relevantes, porque hemos escuchado a estas mujeres rurales, en sus oficios, en sus quehaceres y hemos revalorado lo que ocurre en los espacios rurales, porque desde aqu\u00ed se construye la identidad y el motor futuro para la ruralidad de la regi\u00f3n y del pa\u00eds\u00bb.\u00a0<\/span><\/p>\n<p class=\"v1xmsonormal\" style=\"text-align: justify;\"><span lang=\"ES\">La ministra Mar\u00eda Emilia Undurraga tambi\u00e9n encabez\u00f3 un di\u00e1logo con representantes de distintas agrupaciones y gremios denominado \u00abAlimentaci\u00f3n, Bosques y Ruralidad: Una Nueva Mirada para el Futuro\u00bb, destacando los principales ejes de la actual administraci\u00f3n y reflexionando sobre los desaf\u00edos y estrategias a largo plazo que tiene el mundo rural, como tambi\u00e9n del sector agr\u00edcola y forestal.\u00a0 \u00a0<\/span><\/p>\n<p class=\"v1xmsonormal\" style=\"text-align: justify;\"><span lang=\"ES\">A la jornada asistieron diversos representantes del mundo p\u00fablico, privado y la sociedad civil. Entre ellos agricultores, representantes de gremios agr\u00edcolas y ganaderos de la regi\u00f3n, del gobierno regional, de la Universidad Austral de Chile, de Inacap, ProChile y de las instituciones pertenecientes al Minagri como SAG, INIA, FIA y Conaf.\u00a0<\/span><\/p>\n<p class=\"v1xmsonormal\" style=\"text-align: justify;\"><span lang=\"ES\">Adem\u00e1s, en la regi\u00f3n de Ays\u00e9n, Undurraga realiz\u00f3 un recorrido por la Reserva Nacional R\u00edo Simpson, dependiente de la CONAF, lugar en el que destac\u00f3 como se desarrolla el turismo en la regi\u00f3n. \u00abVisitamos la Reserva Nacional Rio Simpson y pudimos observar c\u00f3mo estos lugares est\u00e1n en el coraz\u00f3n del bienestar de las personas que los visitan. Pudimos ver como se desarrolla el turismo y como las comunidades aleda\u00f1as a ellos pueden vivir del desarrollo que generar estos parques. Tambi\u00e9n hay que agradecer las inversiones, por ejemplo, del gobierno regional y otras entidades, que han entendido que al invertir en los parques estamos invirtiendo en el bienestar de la regi\u00f3n\u00bb, se\u00f1al\u00f3 la ministra.\u00a0<\/span><\/p>\n<p class=\"v1xmsonormal\" style=\"text-align: justify;\"><span lang=\"ES\">El Seremi del agro de la regi\u00f3n de Ays\u00e9n, Felipe Henr\u00edquez resalt\u00f3 el trabajo mancomunado que se ha realizado en la regi\u00f3n. \u00abDesde el ministerio de Agricultura, nosotros mantenemos un trabajo coordinado durante todo el a\u00f1o con todos los actores, con las organizaciones de la sociedad civil, con la academia, con las empresas y durante esta temporada ponemos especial \u00e9nfasis con lo que tiene que ver con la prevenci\u00f3n y control de incendios forestales y el apoyo a los agricultores que en esta \u00e9poca en sus tiempos de cosecha y sus labores productivas\u00bb, cerr\u00f3.\u00a0<\/span><\/p>\n<\/div><\/section><\/div><div  style='height:50px' class='hr hr-invisible   avia-builder-el-6  el_after_av_one_full  el_before_av_social_share '><span class='hr-inner ' ><span class='hr-inner-style'><\/span><\/span><\/div><\/p>\n<div  class='av-social-sharing-box  avia-builder-el-7  el_after_av_hr  el_before_av_hr  '><div class='av-share-box'><h5 class='av-share-link-description av-no-toc '>Compartir esta noticia<\/h5><ul class='av-share-box-list noLightbox'><li class='av-share-link av-social-link-facebook' ><a target=\"_blank\" aria-label=\"Compartir en Facebook\" href='https:\/\/www.facebook.com\/sharer.php?u=https:\/\/radiorevelacionfm.cl\/?p=13311&#038;t=Ministra%20Undurraga%20destaca%20el%20aporte%20de%20la%20regi%C3%B3n%20de%20Ays%C3%A9n%20en%20el%20desarrollo%20rural%20y%20la%20innovaci%C3%B3n%20agraria' aria-hidden='false' data-av_icon='\ue8f3' data-av_iconfont='entypo-fontello' title='' data-avia-related-tooltip='Compartir en Facebook' rel=\"noopener\"><span class='avia_hidden_link_text'>Compartir en Facebook<\/span><\/a><\/li><li class='av-share-link av-social-link-twitter' ><a target=\"_blank\" aria-label=\"Compartir en Twitter\" href='https:\/\/twitter.com\/share?text=Ministra%20Undurraga%20destaca%20el%20aporte%20de%20la%20regi%C3%B3n%20de%20Ays%C3%A9n%20en%20el%20desarrollo%20rural%20y%20la%20innovaci%C3%B3n%20agraria&#038;url=https:\/\/radiorevelacionfm.cl\/?p=13311' aria-hidden='false' data-av_icon='\ue8f1' data-av_iconfont='entypo-fontello' title='' data-avia-related-tooltip='Compartir en Twitter' rel=\"noopener\"><span class='avia_hidden_link_text'>Compartir en Twitter<\/span><\/a><\/li><li class='av-share-link av-social-link-whatsapp' ><a target=\"_blank\" aria-label=\"Compartir en Whatsapp\" href='https:\/\/api.whatsapp.com\/send?text=https:\/\/radiorevelacionfm.cl\/?p=13311' aria-hidden='false' data-av_icon='\uf232' data-av_iconfont='entypo-fontello' title='' data-avia-related-tooltip='Compartir en Whatsapp' rel=\"noopener\"><span class='avia_hidden_link_text'>Compartir en Whatsapp<\/span><\/a><\/li><li class='av-share-link av-social-link-linkedin' ><a target=\"_blank\" aria-label=\"Compartir en LinkedIn\" href='https:\/\/linkedin.com\/shareArticle?mini=true&#038;title=Ministra%20Undurraga%20destaca%20el%20aporte%20de%20la%20regi%C3%B3n%20de%20Ays%C3%A9n%20en%20el%20desarrollo%20rural%20y%20la%20innovaci%C3%B3n%20agraria&#038;url=https:\/\/radiorevelacionfm.cl\/?p=13311' aria-hidden='false' data-av_icon='\ue8fc' data-av_iconfont='entypo-fontello' title='' data-avia-related-tooltip='Compartir en LinkedIn' rel=\"noopener\"><span class='avia_hidden_link_text'>Compartir en LinkedIn<\/span><\/a><\/li><li class='av-share-link av-social-link-mail' ><a  aria-label=\"Compartir por correo\" href='mailto:?subject=Ministra%20Undurraga%20destaca%20el%20aporte%20de%20la%20regi%C3%B3n%20de%20Ays%C3%A9n%20en%20el%20desarrollo%20rural%20y%20la%20innovaci%C3%B3n%20agraria&#038;body=https:\/\/radiorevelacionfm.cl\/?p=13311' aria-hidden='false' data-av_icon='\ue805' data-av_iconfont='entypo-fontello' title='' data-avia-related-tooltip='Compartir por correo'><span class='avia_hidden_link_text'>Compartir por correo<\/span><\/a><\/li><\/ul><\/div><\/div>\n<div  style='height:50px' class='hr hr-invisible   avia-builder-el-8  el_after_av_social_share  el_before_av_comments_list '><span class='hr-inner ' ><span class='hr-inner-style'><\/span><\/span><\/div>\n<div  class='av-buildercomment  av-blog-meta-html-info-disabled av-blog-meta-tag-disabled  '><\/div>\n","protected":false},"excerpt":{"rendered":"","protected":false},"author":1,"featured_media":13312,"comment_status":"open","ping_status":"open","sticky":false,"template":"","format":"standard","meta":{"footnotes":""},"categories":[38],"tags":[],"class_list":["post-13311","post","type-post","status-publish","format-standard","has-post-thumbnail","hentry","category-regional"],"jetpack_featured_media_url":"https:\/\/radiorevelacionfm.cl\/wp-content\/uploads\/2022\/01\/dsc2439-1_optimized.jpg","_links":{"self":[{"href":"https:\/\/radiorevelacionfm.cl\/index.php?rest_route=\/wp\/v2\/posts\/13311","targetHints":{"allow":["GET"]}}],"collection":[{"href":"https:\/\/radiorevelacionfm.cl\/index.php?rest_route=\/wp\/v2\/posts"}],"about":[{"href":"https:\/\/radiorevelacionfm.cl\/index.php?rest_route=\/wp\/v2\/types\/post"}],"author":[{"embeddable":true,"href":"https:\/\/radiorevelacionfm.cl\/index.php?rest_route=\/wp\/v2\/users\/1"}],"replies":[{"embeddable":true,"href":"https:\/\/radiorevelacionfm.cl\/index.php?rest_route=%2Fwp%2Fv2%2Fcomments&post=13311"}],"version-history":[{"count":2,"href":"https:\/\/radiorevelacionfm.cl\/index.php?rest_route=\/wp\/v2\/posts\/13311\/revisions"}],"predecessor-version":[{"id":13314,"href":"https:\/\/radiorevelacionfm.cl\/index.php?rest_route=\/wp\/v2\/posts\/13311\/revisions\/13314"}],"wp:featuredmedia":[{"embeddable":true,"href":"https:\/\/radiorevelacionfm.cl\/index.php?rest_route=\/wp\/v2\/media\/13312"}],"wp:attachment":[{"href":"https:\/\/radiorevelacionfm.cl\/index.php?rest_route=%2Fwp%2Fv2%2Fmedia&parent=13311"}],"wp:term":[{"taxonomy":"category","embeddable":true,"href":"https:\/\/radiorevelacionfm.cl\/index.php?rest_route=%2Fwp%2Fv2%2Fcategories&post=13311"},{"taxonomy":"post_tag","embeddable":true,"href":"https:\/\/radiorevelacionfm.cl\/index.php?rest_route=%2Fwp%2Fv2%2Ftags&post=13311"}],"curies":[{"name":"wp","href":"https:\/\/api.w.org\/{rel}","templated":true}]}}