{"id":13305,"date":"2022-01-28T10:59:23","date_gmt":"2022-01-28T13:59:23","guid":{"rendered":"https:\/\/radiorevelacionfm.cl\/?p=13305"},"modified":"2022-01-28T15:54:24","modified_gmt":"2022-01-28T18:54:24","slug":"anuncian-obras-que-daran-vida-a-futura-plaza-de-la-localidad-de-villa-nirehuao","status":"publish","type":"post","link":"https:\/\/radiorevelacionfm.cl\/?p=13305","title":{"rendered":"Anuncian obras que dar\u00e1n vida a futura plaza de la localidad de Villa \u00d1irehuao"},"content":{"rendered":"<div class=\"flex_column av_one_full  flex_column_div av-zero-column-padding first  avia-builder-el-0  el_before_av_one_full  avia-builder-el-first  \" style='border-radius:0px; '><div  class='avia-image-container  av-styling-    avia-builder-el-1  avia-builder-el-no-sibling  avia-align-center '  itemprop=\"image\" itemscope=\"itemscope\" itemtype=\"https:\/\/schema.org\/ImageObject\"  ><div class='avia-image-container-inner'><div class='avia-image-overlay-wrap'><img decoding=\"async\" class='wp-image-13306 avia-img-lazy-loading-not-13306 avia_image' src=\"https:\/\/radiorevelacionfm.cl\/wp-content\/uploads\/2022\/01\/proyecto-plaza-Nirehuao-1_optimized.jpg\" alt='' title='proyecto-plaza-\u00d1irehuao-(1)_optimized' height=\"600\" width=\"1060\"  itemprop=\"thumbnailUrl\" srcset=\"https:\/\/radiorevelacionfm.cl\/wp-content\/uploads\/2022\/01\/proyecto-plaza-Nirehuao-1_optimized.jpg 1060w, https:\/\/radiorevelacionfm.cl\/wp-content\/uploads\/2022\/01\/proyecto-plaza-Nirehuao-1_optimized-300x170.jpg 300w, https:\/\/radiorevelacionfm.cl\/wp-content\/uploads\/2022\/01\/proyecto-plaza-Nirehuao-1_optimized-1030x583.jpg 1030w, https:\/\/radiorevelacionfm.cl\/wp-content\/uploads\/2022\/01\/proyecto-plaza-Nirehuao-1_optimized-768x435.jpg 768w, https:\/\/radiorevelacionfm.cl\/wp-content\/uploads\/2022\/01\/proyecto-plaza-Nirehuao-1_optimized-705x399.jpg 705w, https:\/\/radiorevelacionfm.cl\/wp-content\/uploads\/2022\/01\/proyecto-plaza-Nirehuao-1_optimized-600x340.jpg 600w\" sizes=\"(max-width: 1060px) 100vw, 1060px\" \/><\/div><\/div><\/div><\/div>\n<div class=\"flex_column av_one_full  flex_column_div av-zero-column-padding first  avia-builder-el-2  el_after_av_one_full  el_before_av_one_full  column-top-margin\" style='border-radius:0px; '><section class=\"av_textblock_section \"  itemscope=\"itemscope\" itemtype=\"https:\/\/schema.org\/BlogPosting\" itemprop=\"blogPost\" ><div class='avia_textblock  '   itemprop=\"text\" ><p style=\"text-align: center;\"><strong><span style=\"font-size: 18pt;\">Anuncian obras que dar\u00e1n vida a futura plaza de la localidad de Villa \u00d1irehuao<\/span><\/strong><\/p>\n<div id=\"gtx-trans\" style=\"position: absolute; left: -50px; top: 4.31534px;\">\n<div class=\"gtx-trans-icon\"><\/div>\n<\/div>\n<\/div><\/section><\/div>\n<div class=\"flex_column av_one_full  flex_column_div av-zero-column-padding first  avia-builder-el-4  el_after_av_one_full  el_before_av_hr  column-top-margin\" style='border-radius:0px; '><section class=\"av_textblock_section \"  itemscope=\"itemscope\" itemtype=\"https:\/\/schema.org\/BlogPosting\" itemprop=\"blogPost\" ><div class='avia_textblock  '   itemprop=\"text\" ><div class=\"cxmmr5t8 oygrvhab hcukyx3x c1et5uql o9v6fnle ii04i59q\"><\/div>\n<div dir=\"auto\" style=\"text-align: justify;\">\n<p>Este jueves, el Seremi de Vivienda y Urbanismo, Diego Silva, dio a conocer que durante este a\u00f1o se dar\u00e1 inicio a las obras de reparaci\u00f3n de lo que ser\u00e1\u00a0 la futura plaza de la localidad de Villa \u00d1irehuao.<\/p>\n<p>El titular de la cartera destac\u00f3 el apoyo de la Junta de Vecinos y la Municipalidad de Coyhaique para poder empujar este proyecto tan anhelado para las y los vecinos de esta peque\u00f1a localidad, de la comuna de Coyhaique.<\/p>\n<p>Junto con ello, anticip\u00f3 algunos detalles de los trabajos que contempla dicha obra que se ejecutar\u00e1 durante el 2022 y 2023, cuya superficie a intervenir considera 5.998,84 m2, el proyecto se ejecutar\u00e1 con fondos sectoriales y aportes municipales. La obra tendr\u00e1 una inversi\u00f3n de $550.000.000, de los cuales m\u00e1s de $11.000.000 millones fueron aportados por la Ilustre Municipalidad de Coyhaique y el resto fue financiado por Minvu Ays\u00e9n.<\/p>\n<\/div>\n<p><span style=\"text-align: justify;\">Al anunciar esta buena noticia, adelant\u00f3 algunos detalles que incluye el proyecto:<\/span><\/p>\n<div class=\"cxmmr5t8 oygrvhab hcukyx3x c1et5uql o9v6fnle ii04i59q\" style=\"text-align: justify;\">\n<div dir=\"auto\"><\/div>\n<\/div>\n<div class=\"cxmmr5t8 oygrvhab hcukyx3x c1et5uql o9v6fnle ii04i59q\" style=\"text-align: justify;\">\n<div dir=\"auto\"><\/div>\n<\/div>\n<div class=\"cxmmr5t8 oygrvhab hcukyx3x c1et5uql o9v6fnle ii04i59q\" style=\"text-align: justify;\">\n<div dir=\"auto\">&#8211; Circulaciones peatonales: Se habilitan las veredas de las 4 calles que bordean la plaza y ejes peatonales interiores, en base a pavimentos de hormig\u00f3n y baldosa micro vibrada.<\/div>\n<\/div>\n<div class=\"cxmmr5t8 oygrvhab hcukyx3x c1et5uql o9v6fnle ii04i59q\" style=\"text-align: justify;\">\n<div dir=\"auto\">&#8211; \u00c1reas verdes compuestas por c\u00e9sped, sombra y protecci\u00f3n solar mediante arboles (\u00f1ire, lenga) y arbustos nativos (coironal, neneos, calafates).<\/div>\n<\/div>\n<div class=\"cxmmr5t8 oygrvhab hcukyx3x c1et5uql o9v6fnle ii04i59q\" style=\"text-align: justify;\">\n<div dir=\"auto\">&#8211; Explanadas para actividades c\u00edvicas, frente a Calle 6 y sede comunitaria.<\/div>\n<\/div>\n<div class=\"cxmmr5t8 oygrvhab hcukyx3x c1et5uql o9v6fnle ii04i59q\" style=\"text-align: justify;\">\n<div dir=\"auto\">&#8211; P\u00e9rgola Central para actividades comunitarias, justificada por condiciones clim\u00e1ticas del lugar.<\/div>\n<\/div>\n<div class=\"cxmmr5t8 oygrvhab hcukyx3x c1et5uql o9v6fnle ii04i59q\" style=\"text-align: justify;\">\n<div dir=\"auto\">&#8211; M\u00f3dulo de informaci\u00f3n tur\u00edstica y servicios b\u00e1sicos de la comunidad.<\/div>\n<\/div>\n<div class=\"cxmmr5t8 oygrvhab hcukyx3x c1et5uql o9v6fnle ii04i59q\" style=\"text-align: justify;\">\n<div dir=\"auto\">&#8211; Juegos infantiles delimitado en sector central, con piso habilitado de caucho, se incorporan juegos de madera protegidos para el clima.<\/div>\n<\/div>\n<div class=\"cxmmr5t8 oygrvhab hcukyx3x c1et5uql o9v6fnle ii04i59q\" style=\"text-align: justify;\">\n<div dir=\"auto\">&#8211; Nueva iluminaci\u00f3n (20) en toda la plaza, incluyendo p\u00e9rgola y m\u00f3dulo de informaci\u00f3n tur\u00edstica.<\/div>\n<\/div>\n<div class=\"cxmmr5t8 oygrvhab hcukyx3x c1et5uql o9v6fnle ii04i59q\" style=\"text-align: justify;\">\n<div dir=\"auto\">&#8211; Sistema de riego por goteo para \u00e1rboles y arbustos y llaves para riego de \u00e1reas verdes.<\/div>\n<\/div>\n<div class=\"cxmmr5t8 oygrvhab hcukyx3x c1et5uql o9v6fnle ii04i59q\" style=\"text-align: justify;\">\n<div dir=\"auto\">&#8211; Mobiliario: astas de banderas, esca\u00f1os, basureros, esca\u00f1os in situ, esculturas, bicicleteros, mesas de picnic.<\/div>\n<\/div>\n<div class=\"cxmmr5t8 oygrvhab hcukyx3x c1et5uql o9v6fnle ii04i59q\" style=\"text-align: justify;\">\n<div dir=\"auto\">&#8211; Estacionamientos (5) ubicados en Calle Francisco de Aguirre y Calle Pedro de Valdivia. 2 estacionamientos destinados con accesibilidad universal.<\/div>\n<\/div>\n<div class=\"cxmmr5t8 oygrvhab hcukyx3x c1et5uql o9v6fnle ii04i59q\" style=\"text-align: justify;\">\n<div dir=\"auto\">&#8211; Accesibilidad Universal: proyecto se desarrolla en pendiente moderada, sin gradas ni escalones, utilizando la pendiente natural de terreno para generar senderos con pendiente adecuada para el tr\u00e1nsito universal.<\/div>\n<\/div>\n<div class=\"cxmmr5t8 oygrvhab hcukyx3x c1et5uql o9v6fnle ii04i59q\">\n<div dir=\"auto\" style=\"text-align: justify;\">&#8211; Pasos peatonales: se habilitan 5 cruces peatonales, en cada esquina de la plaza y frente a Calle Valle de la Luna.<\/div>\n<\/div>\n<\/div><\/section><\/div><div  style='height:50px' class='hr hr-invisible   avia-builder-el-6  el_after_av_one_full  el_before_av_social_share '><span class='hr-inner ' ><span class='hr-inner-style'><\/span><\/span><\/div><\/p>\n<div  class='av-social-sharing-box  avia-builder-el-7  el_after_av_hr  el_before_av_hr  '><div class='av-share-box'><h5 class='av-share-link-description av-no-toc '>Compartir esta noticia<\/h5><ul class='av-share-box-list noLightbox'><li class='av-share-link av-social-link-facebook' ><a target=\"_blank\" aria-label=\"Compartir en Facebook\" href='https:\/\/www.facebook.com\/sharer.php?u=https:\/\/radiorevelacionfm.cl\/?p=13305&#038;t=Anuncian%20obras%20que%20dar%C3%A1n%20vida%20a%20futura%20plaza%20de%20la%20localidad%20de%20Villa%20%C3%91irehuao' aria-hidden='false' data-av_icon='\ue8f3' data-av_iconfont='entypo-fontello' title='' data-avia-related-tooltip='Compartir en Facebook' rel=\"noopener\"><span class='avia_hidden_link_text'>Compartir en Facebook<\/span><\/a><\/li><li class='av-share-link av-social-link-twitter' ><a target=\"_blank\" aria-label=\"Compartir en Twitter\" href='https:\/\/twitter.com\/share?text=Anuncian%20obras%20que%20dar%C3%A1n%20vida%20a%20futura%20plaza%20de%20la%20localidad%20de%20Villa%20%C3%91irehuao&#038;url=https:\/\/radiorevelacionfm.cl\/?p=13305' aria-hidden='false' data-av_icon='\ue8f1' data-av_iconfont='entypo-fontello' title='' data-avia-related-tooltip='Compartir en Twitter' rel=\"noopener\"><span class='avia_hidden_link_text'>Compartir en Twitter<\/span><\/a><\/li><li class='av-share-link av-social-link-whatsapp' ><a target=\"_blank\" aria-label=\"Compartir en Whatsapp\" href='https:\/\/api.whatsapp.com\/send?text=https:\/\/radiorevelacionfm.cl\/?p=13305' aria-hidden='false' data-av_icon='\uf232' data-av_iconfont='entypo-fontello' title='' data-avia-related-tooltip='Compartir en Whatsapp' rel=\"noopener\"><span class='avia_hidden_link_text'>Compartir en Whatsapp<\/span><\/a><\/li><li class='av-share-link av-social-link-linkedin' ><a target=\"_blank\" aria-label=\"Compartir en LinkedIn\" href='https:\/\/linkedin.com\/shareArticle?mini=true&#038;title=Anuncian%20obras%20que%20dar%C3%A1n%20vida%20a%20futura%20plaza%20de%20la%20localidad%20de%20Villa%20%C3%91irehuao&#038;url=https:\/\/radiorevelacionfm.cl\/?p=13305' aria-hidden='false' data-av_icon='\ue8fc' data-av_iconfont='entypo-fontello' title='' data-avia-related-tooltip='Compartir en LinkedIn' rel=\"noopener\"><span class='avia_hidden_link_text'>Compartir en LinkedIn<\/span><\/a><\/li><li class='av-share-link av-social-link-mail' ><a  aria-label=\"Compartir por correo\" href='mailto:?subject=Anuncian%20obras%20que%20dar%C3%A1n%20vida%20a%20futura%20plaza%20de%20la%20localidad%20de%20Villa%20%C3%91irehuao&#038;body=https:\/\/radiorevelacionfm.cl\/?p=13305' aria-hidden='false' data-av_icon='\ue805' data-av_iconfont='entypo-fontello' title='' data-avia-related-tooltip='Compartir por correo'><span class='avia_hidden_link_text'>Compartir por correo<\/span><\/a><\/li><\/ul><\/div><\/div>\n<div  style='height:50px' class='hr hr-invisible   avia-builder-el-8  el_after_av_social_share  el_before_av_comments_list '><span class='hr-inner ' ><span class='hr-inner-style'><\/span><\/span><\/div>\n<div  class='av-buildercomment  av-blog-meta-html-info-disabled av-blog-meta-tag-disabled  '><\/div>\n","protected":false},"excerpt":{"rendered":"","protected":false},"author":1,"featured_media":13306,"comment_status":"open","ping_status":"open","sticky":false,"template":"","format":"standard","meta":{"footnotes":""},"categories":[38],"tags":[],"class_list":["post-13305","post","type-post","status-publish","format-standard","has-post-thumbnail","hentry","category-regional"],"jetpack_featured_media_url":"https:\/\/radiorevelacionfm.cl\/wp-content\/uploads\/2022\/01\/proyecto-plaza-Nirehuao-1_optimized.jpg","_links":{"self":[{"href":"https:\/\/radiorevelacionfm.cl\/index.php?rest_route=\/wp\/v2\/posts\/13305","targetHints":{"allow":["GET"]}}],"collection":[{"href":"https:\/\/radiorevelacionfm.cl\/index.php?rest_route=\/wp\/v2\/posts"}],"about":[{"href":"https:\/\/radiorevelacionfm.cl\/index.php?rest_route=\/wp\/v2\/types\/post"}],"author":[{"embeddable":true,"href":"https:\/\/radiorevelacionfm.cl\/index.php?rest_route=\/wp\/v2\/users\/1"}],"replies":[{"embeddable":true,"href":"https:\/\/radiorevelacionfm.cl\/index.php?rest_route=%2Fwp%2Fv2%2Fcomments&post=13305"}],"version-history":[{"count":4,"href":"https:\/\/radiorevelacionfm.cl\/index.php?rest_route=\/wp\/v2\/posts\/13305\/revisions"}],"predecessor-version":[{"id":13315,"href":"https:\/\/radiorevelacionfm.cl\/index.php?rest_route=\/wp\/v2\/posts\/13305\/revisions\/13315"}],"wp:featuredmedia":[{"embeddable":true,"href":"https:\/\/radiorevelacionfm.cl\/index.php?rest_route=\/wp\/v2\/media\/13306"}],"wp:attachment":[{"href":"https:\/\/radiorevelacionfm.cl\/index.php?rest_route=%2Fwp%2Fv2%2Fmedia&parent=13305"}],"wp:term":[{"taxonomy":"category","embeddable":true,"href":"https:\/\/radiorevelacionfm.cl\/index.php?rest_route=%2Fwp%2Fv2%2Fcategories&post=13305"},{"taxonomy":"post_tag","embeddable":true,"href":"https:\/\/radiorevelacionfm.cl\/index.php?rest_route=%2Fwp%2Fv2%2Ftags&post=13305"}],"curies":[{"name":"wp","href":"https:\/\/api.w.org\/{rel}","templated":true}]}}