{"id":13301,"date":"2022-01-27T18:46:14","date_gmt":"2022-01-27T21:46:14","guid":{"rendered":"https:\/\/radiorevelacionfm.cl\/?p=13301"},"modified":"2022-01-27T18:46:14","modified_gmt":"2022-01-27T21:46:14","slug":"en-coyhaique-inician-instalacion-de-trampas-para-monitorear-presencia-de-polilla-de-la-vid","status":"publish","type":"post","link":"https:\/\/radiorevelacionfm.cl\/?p=13301","title":{"rendered":"En Coyhaique inician instalaci\u00f3n de trampas para monitorear presencia de polilla de la vid"},"content":{"rendered":"<div class=\"flex_column av_one_full  flex_column_div av-zero-column-padding first  avia-builder-el-0  el_before_av_one_full  avia-builder-el-first  \" style='border-radius:0px; '><div  class='avia-image-container  av-styling-    avia-builder-el-1  avia-builder-el-no-sibling  avia-align-center '  itemprop=\"image\" itemscope=\"itemscope\" itemtype=\"https:\/\/schema.org\/ImageObject\"  ><div class='avia-image-container-inner'><div class='avia-image-overlay-wrap'><img decoding=\"async\" class='wp-image-13302 avia-img-lazy-loading-not-13302 avia_image' src=\"https:\/\/radiorevelacionfm.cl\/wp-content\/uploads\/2022\/01\/image-5_optimized.jpg\" alt='' title='image-(5)_optimized' height=\"600\" width=\"839\"  itemprop=\"thumbnailUrl\" srcset=\"https:\/\/radiorevelacionfm.cl\/wp-content\/uploads\/2022\/01\/image-5_optimized.jpg 839w, https:\/\/radiorevelacionfm.cl\/wp-content\/uploads\/2022\/01\/image-5_optimized-300x215.jpg 300w, https:\/\/radiorevelacionfm.cl\/wp-content\/uploads\/2022\/01\/image-5_optimized-768x549.jpg 768w, https:\/\/radiorevelacionfm.cl\/wp-content\/uploads\/2022\/01\/image-5_optimized-260x185.jpg 260w, https:\/\/radiorevelacionfm.cl\/wp-content\/uploads\/2022\/01\/image-5_optimized-705x504.jpg 705w, https:\/\/radiorevelacionfm.cl\/wp-content\/uploads\/2022\/01\/image-5_optimized-600x429.jpg 600w\" sizes=\"(max-width: 839px) 100vw, 839px\" \/><\/div><\/div><\/div><\/div><div class=\"flex_column av_one_full  flex_column_div av-zero-column-padding first  avia-builder-el-2  el_after_av_one_full  el_before_av_one_full  column-top-margin\" style='border-radius:0px; '><section class=\"av_textblock_section \"  itemscope=\"itemscope\" itemtype=\"https:\/\/schema.org\/BlogPosting\" itemprop=\"blogPost\" ><div class='avia_textblock  '   itemprop=\"text\" ><p style=\"text-align: center;\"><strong><span style=\"font-size: 18pt;\">En Coyhaique inician instalaci\u00f3n de trampas para monitorear presencia de polilla de la vid<\/span><\/strong><\/p>\n<div id=\"gtx-trans\" style=\"position: absolute; left: -50px; top: 4.31534px;\">\n<div class=\"gtx-trans-icon\"><\/div>\n<\/div>\n<\/div><\/section><\/div><div class=\"flex_column av_one_full  flex_column_div av-zero-column-padding first  avia-builder-el-4  el_after_av_one_full  el_before_av_hr  column-top-margin\" style='border-radius:0px; '><section class=\"av_textblock_section \"  itemscope=\"itemscope\" itemtype=\"https:\/\/schema.org\/BlogPosting\" itemprop=\"blogPost\" ><div class='avia_textblock  '   itemprop=\"text\" ><p style=\"text-align: justify;\">Entre las labores de control y vigilancia que realiza el Servicio Agr\u00edcola y Ganadero, se encuentra el control de la plaga cuarentenaria Lobesia botrana (Polilla del racimo de la vid).\u00a0<u><\/u>\u00a0<u><\/u><\/p>\n<p style=\"text-align: justify;\">Cada temporada el Servicio define una ruta de instalaci\u00f3n de trampas de vigilancia espec\u00edficas para estos insectos. Esta labor se enmarca en el \u00e1mbito de sanidad vegetal que tiene como objetivo la detecci\u00f3n oportuna de plagas cuarentenarias que en este caso corresponde a\u00a0<em>Lobesia botrana<\/em>\u201d que hoy se encuentra bajo control oficial indic\u00f3 profesional\u00a0<span lang=\"ES\">Sectorial<\/span>\u00a0SAG, Milixsa Gonz\u00e1lez.<u><\/u>\u00a0<u><\/u><\/p>\n<p style=\"text-align: justify;\"><span lang=\"ES\">\u201c<\/span><span lang=\"ES\">E<\/span>n una revisi\u00f3n de estas trampas se realiz\u00f3 la detecci\u00f3n de ejemplares en la zona urbana de Coyhaique y de acuerdo a lo dispuesto en las Resoluci\u00f3n Exenta N\u00b0 37 del 25 de enero 2022, se deben ejecutar las medidas fitosanitarias preventivas de control urbano, lo que significa,\u00a0instalaci\u00f3n de 25.000 emisores de confusi\u00f3n sexual, los cuales ayudan a que estos insectos no contin\u00faen reproduci\u00e9ndose, el \u00e1rea total de instalaci\u00f3n corresponde a 50 hect\u00e1reas\u201d<u><\/u>\u00a0<u><\/u><\/p>\n<p style=\"text-align: justify;\"><u><\/u>Los dispositivos comenzaron a ser instalados en sectores del radio urbano de Coyhaique:<u><\/u>\u00a0<u><\/u><\/p>\n<p style=\"text-align: justify;\"><u><\/u>\u00a0<u><\/u>Zonas comprendidas: Monreal \u2013 Alfonso Serrano, Monreal Oriente y Freire.<u><\/u>\u00a0<u><\/u><\/p>\n<p style=\"text-align: justify;\">Zonas comprendidas: 21 de Mayo \u2013 Independencia \u2013 Brasil \u2013 Per\u00fa hasta el R\u00edo Coyhaique.<u><\/u>\u00a0<u><\/u><\/p>\n<p style=\"text-align: justify;\"><u><\/u>Cabe indicar que este sistema de control estar\u00e1 operativo hasta el mes de abril al que la ruta de monitoreo de trampas que ser\u00e1 revisada en intervalos de 10 d\u00edas por inspectores del SAG que est\u00e1n entrenados en el reconocimiento de esta especie.<u><\/u>\u00a0<u><\/u><\/p>\n<p style=\"text-align: justify;\">Jorge P\u00e9rez, director (s) regional del SAG indico, \u201ces importante se\u00f1alar que estos\u00a0dispositivos (las trampas)\u00a0no presenta riesgos para la salud de personas y animales dom\u00e9sticos, no produce efectos secundarios negativos debido a su especificidad, sensibilidad y nula toxicidad, no contamina el medio ambiente, es de f\u00e1cil aplicaci\u00f3n, la plaga no desarrolla resistencia ni tampoco deja residuos en la fruta, por lo tanto, es una herramienta de control absolutamente inocua para la comunidad\u201d.\u00a0<u><\/u>\u00a0<u><\/u><\/p>\n<p style=\"text-align: justify;\">Finalmente, el Director (s) realiza un llamado a la comunidad a permitir el acceso de los inspectores del SAG en las \u00e1reas urbanas comprometidas de la ciudad de Coyhaique. Los funcionarios y funcionaria se encontraran debidamente identificados y cumpliendo con las medidas sanitarias dispuestas por el Ministerio de Salud. Por otra parte, es importante se\u00f1alar que estos emisores no afectan a los \u00e1rboles u otros donde ser\u00e1n instalados, por lo que se solicita a la comunidad que los cuiden, no manipulen y no las destruyan, ya que cumplen un rol fundamental en el control de esta plaga.<u><\/u>\u00a0<u><\/u><\/p>\n<p style=\"text-align: justify;\">\n<\/div><\/section><\/div><div  style='height:50px' class='hr hr-invisible   avia-builder-el-6  el_after_av_one_full  el_before_av_social_share '><span class='hr-inner ' ><span class='hr-inner-style'><\/span><\/span><\/div><\/p>\n<div  class='av-social-sharing-box  avia-builder-el-7  el_after_av_hr  el_before_av_hr  '><div class='av-share-box'><h5 class='av-share-link-description av-no-toc '>Compartir esta noticia<\/h5><ul class='av-share-box-list noLightbox'><li class='av-share-link av-social-link-facebook' ><a target=\"_blank\" aria-label=\"Compartir en Facebook\" href='https:\/\/www.facebook.com\/sharer.php?u=https:\/\/radiorevelacionfm.cl\/?p=13301&#038;t=En%20Coyhaique%20inician%20instalaci%C3%B3n%20de%20trampas%20para%20monitorear%20presencia%20de%20polilla%20de%20la%20vid' aria-hidden='false' data-av_icon='\ue8f3' data-av_iconfont='entypo-fontello' title='' data-avia-related-tooltip='Compartir en Facebook' rel=\"noopener\"><span class='avia_hidden_link_text'>Compartir en Facebook<\/span><\/a><\/li><li class='av-share-link av-social-link-twitter' ><a target=\"_blank\" aria-label=\"Compartir en Twitter\" href='https:\/\/twitter.com\/share?text=En%20Coyhaique%20inician%20instalaci%C3%B3n%20de%20trampas%20para%20monitorear%20presencia%20de%20polilla%20de%20la%20vid&#038;url=https:\/\/radiorevelacionfm.cl\/?p=13301' aria-hidden='false' data-av_icon='\ue8f1' data-av_iconfont='entypo-fontello' title='' data-avia-related-tooltip='Compartir en Twitter' rel=\"noopener\"><span class='avia_hidden_link_text'>Compartir en Twitter<\/span><\/a><\/li><li class='av-share-link av-social-link-whatsapp' ><a target=\"_blank\" aria-label=\"Compartir en Whatsapp\" href='https:\/\/api.whatsapp.com\/send?text=https:\/\/radiorevelacionfm.cl\/?p=13301' aria-hidden='false' data-av_icon='\uf232' data-av_iconfont='entypo-fontello' title='' data-avia-related-tooltip='Compartir en Whatsapp' rel=\"noopener\"><span class='avia_hidden_link_text'>Compartir en Whatsapp<\/span><\/a><\/li><li class='av-share-link av-social-link-linkedin' ><a target=\"_blank\" aria-label=\"Compartir en LinkedIn\" href='https:\/\/linkedin.com\/shareArticle?mini=true&#038;title=En%20Coyhaique%20inician%20instalaci%C3%B3n%20de%20trampas%20para%20monitorear%20presencia%20de%20polilla%20de%20la%20vid&#038;url=https:\/\/radiorevelacionfm.cl\/?p=13301' aria-hidden='false' data-av_icon='\ue8fc' data-av_iconfont='entypo-fontello' title='' data-avia-related-tooltip='Compartir en LinkedIn' rel=\"noopener\"><span class='avia_hidden_link_text'>Compartir en LinkedIn<\/span><\/a><\/li><li class='av-share-link av-social-link-mail' ><a  aria-label=\"Compartir por correo\" href='mailto:?subject=En%20Coyhaique%20inician%20instalaci%C3%B3n%20de%20trampas%20para%20monitorear%20presencia%20de%20polilla%20de%20la%20vid&#038;body=https:\/\/radiorevelacionfm.cl\/?p=13301' aria-hidden='false' data-av_icon='\ue805' data-av_iconfont='entypo-fontello' title='' data-avia-related-tooltip='Compartir por correo'><span class='avia_hidden_link_text'>Compartir por correo<\/span><\/a><\/li><\/ul><\/div><\/div>\n<div  style='height:50px' class='hr hr-invisible   avia-builder-el-8  el_after_av_social_share  el_before_av_comments_list '><span class='hr-inner ' ><span class='hr-inner-style'><\/span><\/span><\/div>\n<div  class='av-buildercomment  av-blog-meta-html-info-disabled av-blog-meta-tag-disabled  '><\/div>\n","protected":false},"excerpt":{"rendered":"","protected":false},"author":1,"featured_media":13302,"comment_status":"open","ping_status":"open","sticky":false,"template":"","format":"standard","meta":{"footnotes":""},"categories":[58],"tags":[],"class_list":["post-13301","post","type-post","status-publish","format-standard","has-post-thumbnail","hentry","category-agricultura"],"jetpack_featured_media_url":"https:\/\/radiorevelacionfm.cl\/wp-content\/uploads\/2022\/01\/image-5_optimized.jpg","_links":{"self":[{"href":"https:\/\/radiorevelacionfm.cl\/index.php?rest_route=\/wp\/v2\/posts\/13301","targetHints":{"allow":["GET"]}}],"collection":[{"href":"https:\/\/radiorevelacionfm.cl\/index.php?rest_route=\/wp\/v2\/posts"}],"about":[{"href":"https:\/\/radiorevelacionfm.cl\/index.php?rest_route=\/wp\/v2\/types\/post"}],"author":[{"embeddable":true,"href":"https:\/\/radiorevelacionfm.cl\/index.php?rest_route=\/wp\/v2\/users\/1"}],"replies":[{"embeddable":true,"href":"https:\/\/radiorevelacionfm.cl\/index.php?rest_route=%2Fwp%2Fv2%2Fcomments&post=13301"}],"version-history":[{"count":2,"href":"https:\/\/radiorevelacionfm.cl\/index.php?rest_route=\/wp\/v2\/posts\/13301\/revisions"}],"predecessor-version":[{"id":13304,"href":"https:\/\/radiorevelacionfm.cl\/index.php?rest_route=\/wp\/v2\/posts\/13301\/revisions\/13304"}],"wp:featuredmedia":[{"embeddable":true,"href":"https:\/\/radiorevelacionfm.cl\/index.php?rest_route=\/wp\/v2\/media\/13302"}],"wp:attachment":[{"href":"https:\/\/radiorevelacionfm.cl\/index.php?rest_route=%2Fwp%2Fv2%2Fmedia&parent=13301"}],"wp:term":[{"taxonomy":"category","embeddable":true,"href":"https:\/\/radiorevelacionfm.cl\/index.php?rest_route=%2Fwp%2Fv2%2Fcategories&post=13301"},{"taxonomy":"post_tag","embeddable":true,"href":"https:\/\/radiorevelacionfm.cl\/index.php?rest_route=%2Fwp%2Fv2%2Ftags&post=13301"}],"curies":[{"name":"wp","href":"https:\/\/api.w.org\/{rel}","templated":true}]}}