{"id":13297,"date":"2022-01-27T16:50:41","date_gmt":"2022-01-27T19:50:41","guid":{"rendered":"https:\/\/radiorevelacionfm.cl\/?p=13297"},"modified":"2022-01-27T16:50:41","modified_gmt":"2022-01-27T19:50:41","slug":"se-firma-acuerdo-supra-regional-que-permitira-fortalecer-la-conservacion-y-desarrollo-de-las-areas-protegidas-de-la-patagonia","status":"publish","type":"post","link":"https:\/\/radiorevelacionfm.cl\/?p=13297","title":{"rendered":"Se firma acuerdo Supra Regional que permitir\u00e1 fortalecer la conservaci\u00f3n y desarrollo de\u00a0las \u00e1reas protegidas de la Patagonia"},"content":{"rendered":"<div class=\"flex_column av_one_full  flex_column_div av-zero-column-padding first  avia-builder-el-0  el_before_av_one_full  avia-builder-el-first  \" style='border-radius:0px; '><div  class='avia-image-container  av-styling-    avia-builder-el-1  avia-builder-el-no-sibling  avia-align-center '  itemprop=\"image\" itemscope=\"itemscope\" itemtype=\"https:\/\/schema.org\/ImageObject\"  ><div class='avia-image-container-inner'><div class='avia-image-overlay-wrap'><img decoding=\"async\" class='wp-image-13298 avia-img-lazy-loading-not-13298 avia_image' src=\"https:\/\/radiorevelacionfm.cl\/wp-content\/uploads\/2022\/01\/dsc7182-1_optimized.jpg\" alt='' title='_dsc7182-(1)_optimized' height=\"600\" width=\"900\"  itemprop=\"thumbnailUrl\" srcset=\"https:\/\/radiorevelacionfm.cl\/wp-content\/uploads\/2022\/01\/dsc7182-1_optimized.jpg 900w, https:\/\/radiorevelacionfm.cl\/wp-content\/uploads\/2022\/01\/dsc7182-1_optimized-300x200.jpg 300w, https:\/\/radiorevelacionfm.cl\/wp-content\/uploads\/2022\/01\/dsc7182-1_optimized-768x512.jpg 768w, https:\/\/radiorevelacionfm.cl\/wp-content\/uploads\/2022\/01\/dsc7182-1_optimized-705x470.jpg 705w, https:\/\/radiorevelacionfm.cl\/wp-content\/uploads\/2022\/01\/dsc7182-1_optimized-600x400.jpg 600w\" sizes=\"(max-width: 900px) 100vw, 900px\" \/><\/div><\/div><\/div><\/div><div class=\"flex_column av_one_full  flex_column_div av-zero-column-padding first  avia-builder-el-2  el_after_av_one_full  el_before_av_one_full  column-top-margin\" style='border-radius:0px; '><section class=\"av_textblock_section \"  itemscope=\"itemscope\" itemtype=\"https:\/\/schema.org\/BlogPosting\" itemprop=\"blogPost\" ><div class='avia_textblock  '   itemprop=\"text\" ><p style=\"text-align: center;\"><span style=\"font-size: 18pt;\"><strong>Se firma acuerdo Supra Regional que permitir\u00e1 fortalecer la conservaci\u00f3n y desarrollo de\u00a0las \u00e1reas protegidas de la Patagonia <\/strong><\/span><\/p>\n<div id=\"gtx-trans\" style=\"position: absolute; left: -50px; top: 4.31534px;\">\n<div class=\"gtx-trans-icon\"><\/div>\n<\/div>\n<\/div><\/section><\/div><div class=\"flex_column av_one_full  flex_column_div av-zero-column-padding first  avia-builder-el-4  el_after_av_one_full  el_before_av_hr  column-top-margin\" style='border-radius:0px; '><section class=\"av_textblock_section \"  itemscope=\"itemscope\" itemtype=\"https:\/\/schema.org\/BlogPosting\" itemprop=\"blogPost\" ><div class='avia_textblock  '   itemprop=\"text\" ><div>\n<p style=\"text-align: justify;\">En representaci\u00f3n de la Asociaci\u00f3n de Municipalidades de la Regi\u00f3n de Ays\u00e9n, el jefe comunal de R\u00edo Ib\u00e1\u00f1ez, se\u00a0traslad\u00f3\u00a0hasta Punta Arenas para reunirse con gobernadores regionales, alcaldes, academia y organizaciones no gubernamentales, con el fin de pactar este convenio que ubica a la conservaci\u00f3n en el centro del desarrollo de\u00a0las \u00e1reas protegidas de la Patagonia Chilena.<\/p>\n<\/div>\n<div>\n<p style=\"text-align: justify;\">Entre lengas, coig\u00fces y \u00f1irres de la Reserva Nacional Magallanes, se oficializ\u00f3 este mi\u00e9rcoles 26 de enero, un in\u00e9dito convenio que sella un trabajo colaborativo de m\u00e1s de un a\u00f1o, el cual busca entregar mayores oportunidades de desarrollo para las comunidades de la Patagonia, manteniendo como uno de sus principales pilares, la conservaci\u00f3n efectiva de las \u00e1reas protegidas.<\/p>\n<p style=\"text-align: justify;\">Desde diciembre del 2020 se trabaj\u00f3 en el dise\u00f1o colaborativo de la Estrategia de Comunidades Portal de las \u00e1reas protegidas de la Patagonia chilena en com\u00fan acuerdo con los alcaldes y alcaldesas de 26 municipios de la Patagonia chilena, los Gobiernos Regionales de Los Lagos, Ays\u00e9n y Magallanes y Ant\u00e1rtica Chilena, Conaf, Ministerio del Medio Ambiente, Ministerio de Bienes Nacionales, apoyados t\u00e9cnicamente por el Programa Austral Patagonia de la Universidad Austral de Chile, Balloon Latam, Round River Conservation Studies y la organizaci\u00f3n sin fines de lucro The Pew Charitable Trusts.<\/p>\n<p style=\"text-align: justify;\">Por esta raz\u00f3n, el alcalde de R\u00edo Ib\u00e1\u00f1ez y en representaci\u00f3n como presidente de la Asociaci\u00f3n Municipal de la Regi\u00f3n de Ays\u00e9n, Marcelo Santana, cree que este trabajo colaborativo \u201cp<span style=\"color: #32213a;\">ermitir\u00e1 incidir positivamente en pol\u00edticas p\u00fablicas en beneficio de la macro regi\u00f3n y sus habitantes, y lograr levantar recursos p\u00fablicos y privados para la implementaci\u00f3n de la estrategia, que finalmente busca posicionar a la conservaci\u00f3n de nuestro territorio y de nuestra cultura Patagonia, como un pilar del progreso local<\/span>\u201d.<\/p>\n<p style=\"text-align: justify;\">La Estrategia proyecta, que para 2030, las comunidades y los gobiernos locales y regionales se vinculen activamente con las \u00e1reas protegidas terrestres y marinas de la Patagonia chilena, contribuyendo a su manejo y conservaci\u00f3n, as\u00ed como al desarrollo local y el bienestar de sus habitantes.<\/p>\n<p style=\"text-align: justify;\">Ese v\u00ednculo pretende potenciarse a trav\u00e9s de la implementaci\u00f3n gradual de la<b>\u00a0<\/b>Estrategia de Comunidades Portal de las \u00e1reas Protegidas de la Patagonia chilena, reconociendo a esos espacios naturales en los principales instrumentos de planificaci\u00f3n y gesti\u00f3n tanto regional como comunal, fortaleciendo la participaci\u00f3n ciudadana e identificando las necesidades en infraestructura, educaci\u00f3n, incidencia en pol\u00edticas p\u00fablicas y apalancamiento de financiamiento p\u00fablico y privado para dar sostenibilidad a la iniciativa.<\/p>\n<p style=\"text-align: justify;\">Como anfitri\u00f3n del evento, el Gobernador Jorge Flies,\u00a0mostr\u00f3 con agrado que este in\u00e9dito trabajo se selle\u00a0en la regi\u00f3n de Magallanes: \u201cLa idea es poder trabajar en conjunto en temas de investigaci\u00f3n, capacitaci\u00f3n y fomento entre los Gobiernos Regionales para identificar aquellas inversiones, programas e infraestructuras que sean de relevancia para nuestras \u00e1reas de reserva y parques nacionales\u201d.<\/p>\n<p style=\"text-align: justify;\">Los siguientes pasos del trabajo son la conformaci\u00f3n de la mesa suprarregional de gobernanza de Comunidades Portal, compuesta por los municipios y gobiernos regionales de las 3 regiones involucradas, para iniciar la implementaci\u00f3n gradual de la Estrategia, con acciones que van desde la formulaci\u00f3n de proyectos de inversi\u00f3n al reconocimiento de las \u00e1reas protegidas en los principales instrumentos de planificaci\u00f3n como la Estrategia Regional de Desarrollo (ERD), Planes de Desarrollo Comunal (PLADECO) y Planes de Desarrollo Tur\u00edstico (PLADETUR).<\/p>\n<\/div>\n<\/div><\/section><\/div><div  style='height:50px' class='hr hr-invisible   avia-builder-el-6  el_after_av_one_full  el_before_av_social_share '><span class='hr-inner ' ><span class='hr-inner-style'><\/span><\/span><\/div><\/p>\n<div  class='av-social-sharing-box  avia-builder-el-7  el_after_av_hr  el_before_av_hr  '><div class='av-share-box'><h5 class='av-share-link-description av-no-toc '>Compartir esta noticia<\/h5><ul class='av-share-box-list noLightbox'><li class='av-share-link av-social-link-facebook' ><a target=\"_blank\" aria-label=\"Compartir en Facebook\" href='https:\/\/www.facebook.com\/sharer.php?u=https:\/\/radiorevelacionfm.cl\/?p=13297&#038;t=Se%20firma%20acuerdo%20Supra%20Regional%20que%20permitir%C3%A1%20fortalecer%20la%20conservaci%C3%B3n%20y%20desarrollo%20de%C2%A0las%20%C3%A1reas%20protegidas%20de%20la%20Patagonia' aria-hidden='false' data-av_icon='\ue8f3' data-av_iconfont='entypo-fontello' title='' data-avia-related-tooltip='Compartir en Facebook' rel=\"noopener\"><span class='avia_hidden_link_text'>Compartir en Facebook<\/span><\/a><\/li><li class='av-share-link av-social-link-twitter' ><a target=\"_blank\" aria-label=\"Compartir en Twitter\" href='https:\/\/twitter.com\/share?text=Se%20firma%20acuerdo%20Supra%20Regional%20que%20permitir%C3%A1%20fortalecer%20la%20conservaci%C3%B3n%20y%20desarrollo%20de%C2%A0las%20%C3%A1reas%20protegidas%20de%20la%20Patagonia&#038;url=https:\/\/radiorevelacionfm.cl\/?p=13297' aria-hidden='false' data-av_icon='\ue8f1' data-av_iconfont='entypo-fontello' title='' data-avia-related-tooltip='Compartir en Twitter' rel=\"noopener\"><span class='avia_hidden_link_text'>Compartir en Twitter<\/span><\/a><\/li><li class='av-share-link av-social-link-whatsapp' ><a target=\"_blank\" aria-label=\"Compartir en Whatsapp\" href='https:\/\/api.whatsapp.com\/send?text=https:\/\/radiorevelacionfm.cl\/?p=13297' aria-hidden='false' data-av_icon='\uf232' data-av_iconfont='entypo-fontello' title='' data-avia-related-tooltip='Compartir en Whatsapp' rel=\"noopener\"><span class='avia_hidden_link_text'>Compartir en Whatsapp<\/span><\/a><\/li><li class='av-share-link av-social-link-linkedin' ><a target=\"_blank\" aria-label=\"Compartir en LinkedIn\" href='https:\/\/linkedin.com\/shareArticle?mini=true&#038;title=Se%20firma%20acuerdo%20Supra%20Regional%20que%20permitir%C3%A1%20fortalecer%20la%20conservaci%C3%B3n%20y%20desarrollo%20de%C2%A0las%20%C3%A1reas%20protegidas%20de%20la%20Patagonia&#038;url=https:\/\/radiorevelacionfm.cl\/?p=13297' aria-hidden='false' data-av_icon='\ue8fc' data-av_iconfont='entypo-fontello' title='' data-avia-related-tooltip='Compartir en LinkedIn' rel=\"noopener\"><span class='avia_hidden_link_text'>Compartir en LinkedIn<\/span><\/a><\/li><li class='av-share-link av-social-link-mail' ><a  aria-label=\"Compartir por correo\" href='mailto:?subject=Se%20firma%20acuerdo%20Supra%20Regional%20que%20permitir%C3%A1%20fortalecer%20la%20conservaci%C3%B3n%20y%20desarrollo%20de%C2%A0las%20%C3%A1reas%20protegidas%20de%20la%20Patagonia&#038;body=https:\/\/radiorevelacionfm.cl\/?p=13297' aria-hidden='false' data-av_icon='\ue805' data-av_iconfont='entypo-fontello' title='' data-avia-related-tooltip='Compartir por correo'><span class='avia_hidden_link_text'>Compartir por correo<\/span><\/a><\/li><\/ul><\/div><\/div>\n<div  style='height:50px' class='hr hr-invisible   avia-builder-el-8  el_after_av_social_share  el_before_av_comments_list '><span class='hr-inner ' ><span class='hr-inner-style'><\/span><\/span><\/div>\n<div  class='av-buildercomment  av-blog-meta-html-info-disabled av-blog-meta-tag-disabled  '><\/div>\n","protected":false},"excerpt":{"rendered":"","protected":false},"author":1,"featured_media":13298,"comment_status":"open","ping_status":"open","sticky":false,"template":"","format":"standard","meta":{"footnotes":""},"categories":[38],"tags":[],"class_list":["post-13297","post","type-post","status-publish","format-standard","has-post-thumbnail","hentry","category-regional"],"jetpack_featured_media_url":"https:\/\/radiorevelacionfm.cl\/wp-content\/uploads\/2022\/01\/dsc7182-1_optimized.jpg","_links":{"self":[{"href":"https:\/\/radiorevelacionfm.cl\/index.php?rest_route=\/wp\/v2\/posts\/13297","targetHints":{"allow":["GET"]}}],"collection":[{"href":"https:\/\/radiorevelacionfm.cl\/index.php?rest_route=\/wp\/v2\/posts"}],"about":[{"href":"https:\/\/radiorevelacionfm.cl\/index.php?rest_route=\/wp\/v2\/types\/post"}],"author":[{"embeddable":true,"href":"https:\/\/radiorevelacionfm.cl\/index.php?rest_route=\/wp\/v2\/users\/1"}],"replies":[{"embeddable":true,"href":"https:\/\/radiorevelacionfm.cl\/index.php?rest_route=%2Fwp%2Fv2%2Fcomments&post=13297"}],"version-history":[{"count":2,"href":"https:\/\/radiorevelacionfm.cl\/index.php?rest_route=\/wp\/v2\/posts\/13297\/revisions"}],"predecessor-version":[{"id":13300,"href":"https:\/\/radiorevelacionfm.cl\/index.php?rest_route=\/wp\/v2\/posts\/13297\/revisions\/13300"}],"wp:featuredmedia":[{"embeddable":true,"href":"https:\/\/radiorevelacionfm.cl\/index.php?rest_route=\/wp\/v2\/media\/13298"}],"wp:attachment":[{"href":"https:\/\/radiorevelacionfm.cl\/index.php?rest_route=%2Fwp%2Fv2%2Fmedia&parent=13297"}],"wp:term":[{"taxonomy":"category","embeddable":true,"href":"https:\/\/radiorevelacionfm.cl\/index.php?rest_route=%2Fwp%2Fv2%2Fcategories&post=13297"},{"taxonomy":"post_tag","embeddable":true,"href":"https:\/\/radiorevelacionfm.cl\/index.php?rest_route=%2Fwp%2Fv2%2Ftags&post=13297"}],"curies":[{"name":"wp","href":"https:\/\/api.w.org\/{rel}","templated":true}]}}