{"id":13293,"date":"2022-01-27T16:30:27","date_gmt":"2022-01-27T19:30:27","guid":{"rendered":"https:\/\/radiorevelacionfm.cl\/?p=13293"},"modified":"2022-01-27T16:30:27","modified_gmt":"2022-01-27T19:30:27","slug":"un-total-de-13-familias-de-coyhaique-recibieron-las-escrituras-de-sus-viviendas","status":"publish","type":"post","link":"https:\/\/radiorevelacionfm.cl\/?p=13293","title":{"rendered":"Un total de 13 familias de Coyhaique recibieron las escrituras de sus viviendas"},"content":{"rendered":"<div class=\"flex_column av_one_full  flex_column_div av-zero-column-padding first  avia-builder-el-0  el_before_av_one_full  avia-builder-el-first  \" style='border-radius:0px; '><div  class='avia-image-container  av-styling-    avia-builder-el-1  avia-builder-el-no-sibling  avia-align-center '  itemprop=\"image\" itemscope=\"itemscope\" itemtype=\"https:\/\/schema.org\/ImageObject\"  ><div class='avia-image-container-inner'><div class='avia-image-overlay-wrap'><img decoding=\"async\" class='wp-image-13294 avia-img-lazy-loading-not-13294 avia_image' src=\"https:\/\/radiorevelacionfm.cl\/wp-content\/uploads\/2022\/01\/Entrega-Escrituras-Coyhaique1-1-1.jpg\" alt='' title='Entrega Escrituras Coyhaique1 (1) (1)' height=\"600\" width=\"900\"  itemprop=\"thumbnailUrl\" srcset=\"https:\/\/radiorevelacionfm.cl\/wp-content\/uploads\/2022\/01\/Entrega-Escrituras-Coyhaique1-1-1.jpg 900w, https:\/\/radiorevelacionfm.cl\/wp-content\/uploads\/2022\/01\/Entrega-Escrituras-Coyhaique1-1-1-300x200.jpg 300w, https:\/\/radiorevelacionfm.cl\/wp-content\/uploads\/2022\/01\/Entrega-Escrituras-Coyhaique1-1-1-768x512.jpg 768w, https:\/\/radiorevelacionfm.cl\/wp-content\/uploads\/2022\/01\/Entrega-Escrituras-Coyhaique1-1-1-705x470.jpg 705w, https:\/\/radiorevelacionfm.cl\/wp-content\/uploads\/2022\/01\/Entrega-Escrituras-Coyhaique1-1-1-600x400.jpg 600w\" sizes=\"(max-width: 900px) 100vw, 900px\" \/><\/div><\/div><\/div><\/div><div class=\"flex_column av_one_full  flex_column_div av-zero-column-padding first  avia-builder-el-2  el_after_av_one_full  el_before_av_one_full  column-top-margin\" style='border-radius:0px; '><section class=\"av_textblock_section \"  itemscope=\"itemscope\" itemtype=\"https:\/\/schema.org\/BlogPosting\" itemprop=\"blogPost\" ><div class='avia_textblock  '   itemprop=\"text\" ><p style=\"text-align: center;\"><strong><span style=\"font-size: 18pt;\">Un total de 13 familias de Coyhaique recibieron las escrituras de sus viviendas<\/span><\/strong><\/p>\n<div id=\"gtx-trans\" style=\"position: absolute; left: -50px; top: 4.31534px;\">\n<div class=\"gtx-trans-icon\"><\/div>\n<\/div>\n<\/div><\/section><\/div><div class=\"flex_column av_one_full  flex_column_div av-zero-column-padding first  avia-builder-el-4  el_after_av_one_full  el_before_av_hr  column-top-margin\" style='border-radius:0px; '><section class=\"av_textblock_section \"  itemscope=\"itemscope\" itemtype=\"https:\/\/schema.org\/BlogPosting\" itemprop=\"blogPost\" ><div class='avia_textblock  '   itemprop=\"text\" ><p>Se trata del comit\u00e9 de vivienda \u201cRonchi II\u201d compuesto por 13 familias de la comuna de Coyhaique, quienes esta semana recibieron sus escrituras por parte del Seremi de Vivienda y Urbanismo, Diego Silva Barrera.<\/p>\n<p style=\"text-align: justify;\">\u201cAhora por fin uno dice esto es m\u00edo y nadie le va a decir a uno v\u00e1yase porque esto no es suyo. Es un sue\u00f1o hecho realidad\u201d. As\u00ed expresaba su felicidad Mar\u00eda Z\u00fa\u00f1iga, vecina del conjunto habitacional Ronchi II, de Coyhaique y que junto a 12 familias m\u00e1s, recibi\u00f3 la escritura que acredita que ya es propietaria de su hogar.<\/p>\n<p style=\"text-align: justify;\">Ella, hasta el 2019, cuando recibi\u00f3 su casa propia, vivi\u00f3 16 a\u00f1os en un campamento y por eso, tener la escritura de su vivienda en su poder \u201ces una satisfacci\u00f3n y es un sue\u00f1o cumplido. Lo del campamento ya qued\u00f3 atr\u00e1s, los recuerdos y todo eso. Para nosotros es un gran desaf\u00edo como personas y nos cambi\u00f3 la vida cien por ciento\u201d, reconoce.<\/p>\n<p style=\"text-align: justify;\">Y es que 8 de las 13 familias pertenec\u00edan a los campamentos Err\u00e1zuriz (3) y Santiago Bueras (5), ambos asentamientos precarios que estaban en el Catastro 2011 del Minvu y que ya est\u00e1n cerrados.<\/p>\n<p style=\"text-align: justify;\">V\u00edctor Mart\u00ednez, presidente del Comit\u00e9 Ronchi II, dijo estar \u201cbien realizado y feliz, porque uno pasa a ser due\u00f1o de su casita propia. Yo como dirigente luch\u00e9 durante varios a\u00f1os para llegar a tener nuestra casa junto a todos mis vecinos. Me sacrifiqu\u00e9, pero vali\u00f3 la pena porque yo, al igual que todos mis vecinos, estamos con nuestras escrituras en la mano\u201d.<\/p>\n<p style=\"text-align: justify;\">El seremi de vivienda, Diego Silva, destac\u00f3 este hito. \u201cEstamos cerrando un ciclo muy importante, porque familias que fueron de campamentos, hoy est\u00e1n recibiendo sus escrituras. Cerca de 11 a\u00f1os para poder llegar a este momento\u201d.<\/p>\n<p style=\"text-align: justify;\">Silva enfatiz\u00f3 en que \u201ceste documento es la llave para que puedan optar a muchos beneficios que tiene el Ministerio de Vivienda, como los revestimientos t\u00e9rmicos PDA, ampliaciones, mejoramientos y otros\u201d.<\/p>\n<p style=\"text-align: justify;\">Quien tambi\u00e9n estuvo presente en la entrega de las escrituras para el Comit\u00e9 Ronchi II, fue el alcalde de Coyhaique, Carlos Gatica, quien valor\u00f3 \u201cel trabajo que ha liderado el Ministerio de Vivienda y Urbanismo, que ha sido desarrollado de manera conjunta con la colaboraci\u00f3n que este municipio ha prestado y con el que hemos podido lograr grandes cosas en tan poco tiempo\u201d.<\/p>\n<p style=\"text-align: justify;\">Las casas entregadas por el Minvu, del proyecto Ronchi II, incluyeron 10 viviendas de dos pisos con 48.35 m2, que considera una ampliaci\u00f3n futura de 9.20 m2 m\u00e1s. Adem\u00e1s, hay 3 viviendas de un piso, 2 de las cuales ya tienen la ampliaci\u00f3n construida, que fueron destinadas para personas con movilidad reducida y tienen una superficie de\u00a0 66.84 m2.<\/p>\n<\/div><\/section><\/div><div  style='height:50px' class='hr hr-invisible   avia-builder-el-6  el_after_av_one_full  el_before_av_social_share '><span class='hr-inner ' ><span class='hr-inner-style'><\/span><\/span><\/div><\/p>\n<div  class='av-social-sharing-box  avia-builder-el-7  el_after_av_hr  el_before_av_hr  '><div class='av-share-box'><h5 class='av-share-link-description av-no-toc '>Compartir esta noticia<\/h5><ul class='av-share-box-list noLightbox'><li class='av-share-link av-social-link-facebook' ><a target=\"_blank\" aria-label=\"Compartir en Facebook\" href='https:\/\/www.facebook.com\/sharer.php?u=https:\/\/radiorevelacionfm.cl\/?p=13293&#038;t=Un%20total%20de%2013%20familias%20de%20Coyhaique%20recibieron%20las%20escrituras%20de%20sus%20viviendas' aria-hidden='false' data-av_icon='\ue8f3' data-av_iconfont='entypo-fontello' title='' data-avia-related-tooltip='Compartir en Facebook' rel=\"noopener\"><span class='avia_hidden_link_text'>Compartir en Facebook<\/span><\/a><\/li><li class='av-share-link av-social-link-twitter' ><a target=\"_blank\" aria-label=\"Compartir en Twitter\" href='https:\/\/twitter.com\/share?text=Un%20total%20de%2013%20familias%20de%20Coyhaique%20recibieron%20las%20escrituras%20de%20sus%20viviendas&#038;url=https:\/\/radiorevelacionfm.cl\/?p=13293' aria-hidden='false' data-av_icon='\ue8f1' data-av_iconfont='entypo-fontello' title='' data-avia-related-tooltip='Compartir en Twitter' rel=\"noopener\"><span class='avia_hidden_link_text'>Compartir en Twitter<\/span><\/a><\/li><li class='av-share-link av-social-link-whatsapp' ><a target=\"_blank\" aria-label=\"Compartir en Whatsapp\" href='https:\/\/api.whatsapp.com\/send?text=https:\/\/radiorevelacionfm.cl\/?p=13293' aria-hidden='false' data-av_icon='\uf232' data-av_iconfont='entypo-fontello' title='' data-avia-related-tooltip='Compartir en Whatsapp' rel=\"noopener\"><span class='avia_hidden_link_text'>Compartir en Whatsapp<\/span><\/a><\/li><li class='av-share-link av-social-link-linkedin' ><a target=\"_blank\" aria-label=\"Compartir en LinkedIn\" href='https:\/\/linkedin.com\/shareArticle?mini=true&#038;title=Un%20total%20de%2013%20familias%20de%20Coyhaique%20recibieron%20las%20escrituras%20de%20sus%20viviendas&#038;url=https:\/\/radiorevelacionfm.cl\/?p=13293' aria-hidden='false' data-av_icon='\ue8fc' data-av_iconfont='entypo-fontello' title='' data-avia-related-tooltip='Compartir en LinkedIn' rel=\"noopener\"><span class='avia_hidden_link_text'>Compartir en LinkedIn<\/span><\/a><\/li><li class='av-share-link av-social-link-mail' ><a  aria-label=\"Compartir por correo\" href='mailto:?subject=Un%20total%20de%2013%20familias%20de%20Coyhaique%20recibieron%20las%20escrituras%20de%20sus%20viviendas&#038;body=https:\/\/radiorevelacionfm.cl\/?p=13293' aria-hidden='false' data-av_icon='\ue805' data-av_iconfont='entypo-fontello' title='' data-avia-related-tooltip='Compartir por correo'><span class='avia_hidden_link_text'>Compartir por correo<\/span><\/a><\/li><\/ul><\/div><\/div>\n<div  style='height:50px' class='hr hr-invisible   avia-builder-el-8  el_after_av_social_share  el_before_av_comments_list '><span class='hr-inner ' ><span class='hr-inner-style'><\/span><\/span><\/div>\n<div  class='av-buildercomment  av-blog-meta-html-info-disabled av-blog-meta-tag-disabled  '><\/div>\n","protected":false},"excerpt":{"rendered":"","protected":false},"author":1,"featured_media":13294,"comment_status":"open","ping_status":"open","sticky":false,"template":"","format":"standard","meta":{"footnotes":""},"categories":[57],"tags":[],"class_list":["post-13293","post","type-post","status-publish","format-standard","has-post-thumbnail","hentry","category-vivienda"],"jetpack_featured_media_url":"https:\/\/radiorevelacionfm.cl\/wp-content\/uploads\/2022\/01\/Entrega-Escrituras-Coyhaique1-1-1.jpg","_links":{"self":[{"href":"https:\/\/radiorevelacionfm.cl\/index.php?rest_route=\/wp\/v2\/posts\/13293","targetHints":{"allow":["GET"]}}],"collection":[{"href":"https:\/\/radiorevelacionfm.cl\/index.php?rest_route=\/wp\/v2\/posts"}],"about":[{"href":"https:\/\/radiorevelacionfm.cl\/index.php?rest_route=\/wp\/v2\/types\/post"}],"author":[{"embeddable":true,"href":"https:\/\/radiorevelacionfm.cl\/index.php?rest_route=\/wp\/v2\/users\/1"}],"replies":[{"embeddable":true,"href":"https:\/\/radiorevelacionfm.cl\/index.php?rest_route=%2Fwp%2Fv2%2Fcomments&post=13293"}],"version-history":[{"count":2,"href":"https:\/\/radiorevelacionfm.cl\/index.php?rest_route=\/wp\/v2\/posts\/13293\/revisions"}],"predecessor-version":[{"id":13296,"href":"https:\/\/radiorevelacionfm.cl\/index.php?rest_route=\/wp\/v2\/posts\/13293\/revisions\/13296"}],"wp:featuredmedia":[{"embeddable":true,"href":"https:\/\/radiorevelacionfm.cl\/index.php?rest_route=\/wp\/v2\/media\/13294"}],"wp:attachment":[{"href":"https:\/\/radiorevelacionfm.cl\/index.php?rest_route=%2Fwp%2Fv2%2Fmedia&parent=13293"}],"wp:term":[{"taxonomy":"category","embeddable":true,"href":"https:\/\/radiorevelacionfm.cl\/index.php?rest_route=%2Fwp%2Fv2%2Fcategories&post=13293"},{"taxonomy":"post_tag","embeddable":true,"href":"https:\/\/radiorevelacionfm.cl\/index.php?rest_route=%2Fwp%2Fv2%2Ftags&post=13293"}],"curies":[{"name":"wp","href":"https:\/\/api.w.org\/{rel}","templated":true}]}}