{"id":13289,"date":"2022-01-27T14:58:36","date_gmt":"2022-01-27T17:58:36","guid":{"rendered":"https:\/\/radiorevelacionfm.cl\/?p=13289"},"modified":"2022-01-27T14:58:36","modified_gmt":"2022-01-27T17:58:36","slug":"cerca-de-23-kilos-de-cocaina-y-93-kilos-de-marihuana-se-han-decomisado-en-aysen-en-ultimos-cuatro-anos","status":"publish","type":"post","link":"https:\/\/radiorevelacionfm.cl\/?p=13289","title":{"rendered":"Cerca de 23 kilos de coca\u00edna y 93 kilos de marihuana se han decomisado en Ays\u00e9n en \u00faltimos cuatro a\u00f1os"},"content":{"rendered":"<div class=\"flex_column av_one_full  flex_column_div av-zero-column-padding first  avia-builder-el-0  el_before_av_one_full  avia-builder-el-first  \" style='border-radius:0px; '><div  class='avia-image-container  av-styling-    avia-builder-el-1  avia-builder-el-no-sibling  avia-align-center '  itemprop=\"image\" itemscope=\"itemscope\" itemtype=\"https:\/\/schema.org\/ImageObject\"  ><div class='avia-image-container-inner'><div class='avia-image-overlay-wrap'><img decoding=\"async\" class='wp-image-13290 avia-img-lazy-loading-not-13290 avia_image' src=\"https:\/\/radiorevelacionfm.cl\/wp-content\/uploads\/2022\/01\/evidencia-brianco-11-08-2021-control-antidrogas-003-1-1-1_optimized.jpg\" alt='' title='evidencia-brianco-11-08-2021-control-antidrogas-003-(1)-(1)-(1)_optimized' height=\"600\" width=\"1066\"  itemprop=\"thumbnailUrl\" srcset=\"https:\/\/radiorevelacionfm.cl\/wp-content\/uploads\/2022\/01\/evidencia-brianco-11-08-2021-control-antidrogas-003-1-1-1_optimized.jpg 1066w, https:\/\/radiorevelacionfm.cl\/wp-content\/uploads\/2022\/01\/evidencia-brianco-11-08-2021-control-antidrogas-003-1-1-1_optimized-300x169.jpg 300w, https:\/\/radiorevelacionfm.cl\/wp-content\/uploads\/2022\/01\/evidencia-brianco-11-08-2021-control-antidrogas-003-1-1-1_optimized-1030x580.jpg 1030w, https:\/\/radiorevelacionfm.cl\/wp-content\/uploads\/2022\/01\/evidencia-brianco-11-08-2021-control-antidrogas-003-1-1-1_optimized-768x432.jpg 768w, https:\/\/radiorevelacionfm.cl\/wp-content\/uploads\/2022\/01\/evidencia-brianco-11-08-2021-control-antidrogas-003-1-1-1_optimized-705x397.jpg 705w, https:\/\/radiorevelacionfm.cl\/wp-content\/uploads\/2022\/01\/evidencia-brianco-11-08-2021-control-antidrogas-003-1-1-1_optimized-600x338.jpg 600w\" sizes=\"(max-width: 1066px) 100vw, 1066px\" \/><\/div><\/div><\/div><\/div><div class=\"flex_column av_one_full  flex_column_div av-zero-column-padding first  avia-builder-el-2  el_after_av_one_full  el_before_av_one_full  column-top-margin\" style='border-radius:0px; '><section class=\"av_textblock_section \"  itemscope=\"itemscope\" itemtype=\"https:\/\/schema.org\/BlogPosting\" itemprop=\"blogPost\" ><div class='avia_textblock  '   itemprop=\"text\" ><p style=\"text-align: center;\"><strong><span style=\"font-size: 18pt;\">Cerca de 23 kilos de coca\u00edna y 93 kilos de marihuana se han decomisado en Ays\u00e9n en \u00faltimos cuatro a\u00f1os<\/span><\/strong><\/p>\n<div id=\"gtx-trans\" style=\"position: absolute; left: -50px; top: 4.31534px;\">\n<div class=\"gtx-trans-icon\"><\/div>\n<\/div>\n<\/div><\/section><\/div><div class=\"flex_column av_one_full  flex_column_div av-zero-column-padding first  avia-builder-el-4  el_after_av_one_full  el_before_av_hr  column-top-margin\" style='border-radius:0px; '><section class=\"av_textblock_section \"  itemscope=\"itemscope\" itemtype=\"https:\/\/schema.org\/BlogPosting\" itemprop=\"blogPost\" ><div class='avia_textblock  '   itemprop=\"text\" ><p style=\"text-align: justify;\">El trabajo minucioso del Ministerio P\u00fablico, Carabineros, PDI, Aduanas, Armada y Gendarmer\u00eda, ha permitido en los 4 a\u00f1os de administraci\u00f3n del Fiscal Regional, Carlos Palma, la tramitaci\u00f3n de 1.465 causas en el marco de la ley de drogas, pasando de 239 causas el a\u00f1o 2017 a 419 el a\u00f1o 2021.<\/p>\n<p style=\"text-align: justify;\">Este tipo de investigaciones se relaciona principalmente con tr\u00e1fico de drogas, microtr\u00e1fico, asociaciones il\u00edcitas, cultivo y cosecha.<\/p>\n<p style=\"text-align: justify;\">\u201cLo anterior, es producto de un trabajo profesional de las y los fiscales con las polic\u00edas especializadas en la materia y otras instituciones, orientado a generar m\u00e1s investigaciones en el marco de la ley de drogas\u201d, explic\u00f3 el Fiscal Regional, en el marco de su reciente cuenta p\u00fablica a la comunidad, donde concurri\u00f3 el Fiscal Nacional, Jorge Abbott y el Director General de la PDI, Sergio Mu\u00f1oz, entre otras importantes autoridades.<\/p>\n<p style=\"text-align: justify;\">COCA\u00cdNA<\/p>\n<p style=\"text-align: justify;\">El l\u00edder de los fiscales en Ays\u00e9n, detall\u00f3 que durante el a\u00f1o 2021, se incautaron 9 kilos 846 gramos de coca\u00edna y 23 kilos 155 gramos de marihuana, como parte de un trabajo conjunto con la PDI, Carabineros, Armada, Aduanas y Gendarmer\u00eda.<\/p>\n<p style=\"text-align: justify;\">Por su parte, en los 4 a\u00f1os de administraci\u00f3n del fiscal Palma, se han incautado m\u00e1s de 22 kilos 742 gramos de coca\u00edna y otros 92 kilos 906 gramos de marihuana prensada, tarea que es una de las prioridades del Ministerio P\u00fablico y las polic\u00edas en Ays\u00e9n.<\/p>\n<p style=\"text-align: justify;\">GESTI\u00d3N 2021<\/p>\n<p style=\"text-align: justify;\">En el marco de su cuenta p\u00fablica, el Fiscal Regional tambi\u00e9n explic\u00f3 que el 70<strong>%<\/strong>\u00a0del total de los casos que ingresaron a la Fiscal\u00eda en la regi\u00f3n -incluyendo todo tipo de delitos-, tuvieron un t\u00e9rmino judicial, superando largamente el promedio nacional que lleg\u00f3 al 45 %.<\/p>\n<p style=\"text-align: justify;\">A su vez, el 19% de los t\u00e9rminos judiciales correspondi\u00f3 a las salidas alternativas de suspensi\u00f3n condicional del procedimiento y acuerdos reparatorios. En el \u00faltimo a\u00f1o, las suspensiones condicionales pasaron de 9% a 13% y los acuerdos reparatorios, de 3% a 6%.<\/p>\n<p style=\"text-align: justify;\">Asimismo, durante el a\u00f1o 2021 se efectuaron 94 juicios orales, obteniendo un 83% de sentencias condenatorias, es decir 78 juicios orales.<\/p>\n<p style=\"text-align: justify;\">Desde el inicio de la administraci\u00f3n actual de la Fiscal\u00eda, se han logrado m\u00e1s de 9.784 condenas ante los Tribunales, 2.313\u00a0 obtenidas el a\u00f1o pasado.<\/p>\n<p style=\"text-align: justify;\">5.901 personas han sido condenadas en estos 4 a\u00f1os de gesti\u00f3n y el 2021, un total de 1.629 personas fueron sentenciadas por diversos delitos, como parte de la labor de investigaci\u00f3n y persecuci\u00f3n penal de la Fiscal\u00eda, que en esta regi\u00f3n presenta los mejores resultados del pa\u00eds, situaci\u00f3n que fue reconocida p\u00fablicamente, por el Fiscal Nacional, Jorge Abbott.<\/p>\n<\/div><\/section><\/div><div  style='height:50px' class='hr hr-invisible   avia-builder-el-6  el_after_av_one_full  el_before_av_social_share '><span class='hr-inner ' ><span class='hr-inner-style'><\/span><\/span><\/div><\/p>\n<div  class='av-social-sharing-box  avia-builder-el-7  el_after_av_hr  el_before_av_hr  '><div class='av-share-box'><h5 class='av-share-link-description av-no-toc '>Compartir esta noticia<\/h5><ul class='av-share-box-list noLightbox'><li class='av-share-link av-social-link-facebook' ><a target=\"_blank\" aria-label=\"Compartir en Facebook\" href='https:\/\/www.facebook.com\/sharer.php?u=https:\/\/radiorevelacionfm.cl\/?p=13289&#038;t=Cerca%20de%2023%20kilos%20de%20coca%C3%ADna%20y%2093%20kilos%20de%20marihuana%20se%20han%20decomisado%20en%20Ays%C3%A9n%20en%20%C3%BAltimos%20cuatro%20a%C3%B1os' aria-hidden='false' data-av_icon='\ue8f3' data-av_iconfont='entypo-fontello' title='' data-avia-related-tooltip='Compartir en Facebook' rel=\"noopener\"><span class='avia_hidden_link_text'>Compartir en Facebook<\/span><\/a><\/li><li class='av-share-link av-social-link-twitter' ><a target=\"_blank\" aria-label=\"Compartir en Twitter\" href='https:\/\/twitter.com\/share?text=Cerca%20de%2023%20kilos%20de%20coca%C3%ADna%20y%2093%20kilos%20de%20marihuana%20se%20han%20decomisado%20en%20Ays%C3%A9n%20en%20%C3%BAltimos%20cuatro%20a%C3%B1os&#038;url=https:\/\/radiorevelacionfm.cl\/?p=13289' aria-hidden='false' data-av_icon='\ue8f1' data-av_iconfont='entypo-fontello' title='' data-avia-related-tooltip='Compartir en Twitter' rel=\"noopener\"><span class='avia_hidden_link_text'>Compartir en Twitter<\/span><\/a><\/li><li class='av-share-link av-social-link-whatsapp' ><a target=\"_blank\" aria-label=\"Compartir en Whatsapp\" href='https:\/\/api.whatsapp.com\/send?text=https:\/\/radiorevelacionfm.cl\/?p=13289' aria-hidden='false' data-av_icon='\uf232' data-av_iconfont='entypo-fontello' title='' data-avia-related-tooltip='Compartir en Whatsapp' rel=\"noopener\"><span class='avia_hidden_link_text'>Compartir en Whatsapp<\/span><\/a><\/li><li class='av-share-link av-social-link-linkedin' ><a target=\"_blank\" aria-label=\"Compartir en LinkedIn\" href='https:\/\/linkedin.com\/shareArticle?mini=true&#038;title=Cerca%20de%2023%20kilos%20de%20coca%C3%ADna%20y%2093%20kilos%20de%20marihuana%20se%20han%20decomisado%20en%20Ays%C3%A9n%20en%20%C3%BAltimos%20cuatro%20a%C3%B1os&#038;url=https:\/\/radiorevelacionfm.cl\/?p=13289' aria-hidden='false' data-av_icon='\ue8fc' data-av_iconfont='entypo-fontello' title='' data-avia-related-tooltip='Compartir en LinkedIn' rel=\"noopener\"><span class='avia_hidden_link_text'>Compartir en LinkedIn<\/span><\/a><\/li><li class='av-share-link av-social-link-mail' ><a  aria-label=\"Compartir por correo\" href='mailto:?subject=Cerca%20de%2023%20kilos%20de%20coca%C3%ADna%20y%2093%20kilos%20de%20marihuana%20se%20han%20decomisado%20en%20Ays%C3%A9n%20en%20%C3%BAltimos%20cuatro%20a%C3%B1os&#038;body=https:\/\/radiorevelacionfm.cl\/?p=13289' aria-hidden='false' data-av_icon='\ue805' data-av_iconfont='entypo-fontello' title='' data-avia-related-tooltip='Compartir por correo'><span class='avia_hidden_link_text'>Compartir por correo<\/span><\/a><\/li><\/ul><\/div><\/div>\n<div  style='height:50px' class='hr hr-invisible   avia-builder-el-8  el_after_av_social_share  el_before_av_comments_list '><span class='hr-inner ' ><span class='hr-inner-style'><\/span><\/span><\/div>\n<div  class='av-buildercomment  av-blog-meta-html-info-disabled av-blog-meta-tag-disabled  '><\/div>\n","protected":false},"excerpt":{"rendered":"","protected":false},"author":1,"featured_media":13290,"comment_status":"open","ping_status":"open","sticky":false,"template":"","format":"standard","meta":{"footnotes":""},"categories":[55],"tags":[],"class_list":["post-13289","post","type-post","status-publish","format-standard","has-post-thumbnail","hentry","category-justicia"],"jetpack_featured_media_url":"https:\/\/radiorevelacionfm.cl\/wp-content\/uploads\/2022\/01\/evidencia-brianco-11-08-2021-control-antidrogas-003-1-1-1_optimized.jpg","_links":{"self":[{"href":"https:\/\/radiorevelacionfm.cl\/index.php?rest_route=\/wp\/v2\/posts\/13289","targetHints":{"allow":["GET"]}}],"collection":[{"href":"https:\/\/radiorevelacionfm.cl\/index.php?rest_route=\/wp\/v2\/posts"}],"about":[{"href":"https:\/\/radiorevelacionfm.cl\/index.php?rest_route=\/wp\/v2\/types\/post"}],"author":[{"embeddable":true,"href":"https:\/\/radiorevelacionfm.cl\/index.php?rest_route=\/wp\/v2\/users\/1"}],"replies":[{"embeddable":true,"href":"https:\/\/radiorevelacionfm.cl\/index.php?rest_route=%2Fwp%2Fv2%2Fcomments&post=13289"}],"version-history":[{"count":2,"href":"https:\/\/radiorevelacionfm.cl\/index.php?rest_route=\/wp\/v2\/posts\/13289\/revisions"}],"predecessor-version":[{"id":13292,"href":"https:\/\/radiorevelacionfm.cl\/index.php?rest_route=\/wp\/v2\/posts\/13289\/revisions\/13292"}],"wp:featuredmedia":[{"embeddable":true,"href":"https:\/\/radiorevelacionfm.cl\/index.php?rest_route=\/wp\/v2\/media\/13290"}],"wp:attachment":[{"href":"https:\/\/radiorevelacionfm.cl\/index.php?rest_route=%2Fwp%2Fv2%2Fmedia&parent=13289"}],"wp:term":[{"taxonomy":"category","embeddable":true,"href":"https:\/\/radiorevelacionfm.cl\/index.php?rest_route=%2Fwp%2Fv2%2Fcategories&post=13289"},{"taxonomy":"post_tag","embeddable":true,"href":"https:\/\/radiorevelacionfm.cl\/index.php?rest_route=%2Fwp%2Fv2%2Ftags&post=13289"}],"curies":[{"name":"wp","href":"https:\/\/api.w.org\/{rel}","templated":true}]}}