{"id":13285,"date":"2022-01-27T12:55:09","date_gmt":"2022-01-27T15:55:09","guid":{"rendered":"https:\/\/radiorevelacionfm.cl\/?p=13285"},"modified":"2022-01-27T12:55:09","modified_gmt":"2022-01-27T15:55:09","slug":"delegada-margarita-ossa-gracias-al-esfuerzo-de-todos-pudimos-levantar-un-plan-regional-que-le-ha-ido-cambiando-el-rostro-a-la-region-de-aysen","status":"publish","type":"post","link":"https:\/\/radiorevelacionfm.cl\/?p=13285","title":{"rendered":"Delegada Margarita Ossa: \u201cGracias al esfuerzo de todos pudimos levantar un Plan Regional que le ha ido cambiando el rostro a la regi\u00f3n de Ays\u00e9n\u201d"},"content":{"rendered":"<div class=\"flex_column av_one_full  flex_column_div av-zero-column-padding first  avia-builder-el-0  el_before_av_one_full  avia-builder-el-first  \" style='border-radius:0px; '><div  class='avia-image-container  av-styling-    avia-builder-el-1  avia-builder-el-no-sibling  avia-align-center '  itemprop=\"image\" itemscope=\"itemscope\" itemtype=\"https:\/\/schema.org\/ImageObject\"  ><div class='avia-image-container-inner'><div class='avia-image-overlay-wrap'><img decoding=\"async\" class='wp-image-13286 avia-img-lazy-loading-not-13286 avia_image' src=\"https:\/\/radiorevelacionfm.cl\/wp-content\/uploads\/2022\/01\/Delegada-Presidencial-2022-01-26-1-1.jpeg\" alt='' title='Delegada Presidencial 2022-01-26 (1) (1)' height=\"600\" width=\"900\"  itemprop=\"thumbnailUrl\" srcset=\"https:\/\/radiorevelacionfm.cl\/wp-content\/uploads\/2022\/01\/Delegada-Presidencial-2022-01-26-1-1.jpeg 900w, https:\/\/radiorevelacionfm.cl\/wp-content\/uploads\/2022\/01\/Delegada-Presidencial-2022-01-26-1-1-300x200.jpeg 300w, https:\/\/radiorevelacionfm.cl\/wp-content\/uploads\/2022\/01\/Delegada-Presidencial-2022-01-26-1-1-768x512.jpeg 768w, https:\/\/radiorevelacionfm.cl\/wp-content\/uploads\/2022\/01\/Delegada-Presidencial-2022-01-26-1-1-705x470.jpeg 705w, https:\/\/radiorevelacionfm.cl\/wp-content\/uploads\/2022\/01\/Delegada-Presidencial-2022-01-26-1-1-600x400.jpeg 600w\" sizes=\"(max-width: 900px) 100vw, 900px\" \/><\/div><\/div><\/div><\/div><div class=\"flex_column av_one_full  flex_column_div av-zero-column-padding first  avia-builder-el-2  el_after_av_one_full  el_before_av_one_full  column-top-margin\" style='border-radius:0px; '><section class=\"av_textblock_section \"  itemscope=\"itemscope\" itemtype=\"https:\/\/schema.org\/BlogPosting\" itemprop=\"blogPost\" ><div class='avia_textblock  '   itemprop=\"text\" ><p style=\"text-align: center;\"><span style=\"font-size: 18pt;\"><strong>Delegada Margarita Ossa: \u201cGracias al esfuerzo de todos pudimos levantar un Plan Regional que le ha ido cambiando el rostro a la regi\u00f3n de Ays\u00e9n\u201d<\/strong><\/span><\/p>\n<div id=\"gtx-trans\" style=\"position: absolute; left: -50px; top: 4.31534px;\">\n<div class=\"gtx-trans-icon\"><\/div>\n<\/div>\n<\/div><\/section><\/div><div class=\"flex_column av_one_full  flex_column_div av-zero-column-padding first  avia-builder-el-4  el_after_av_one_full  el_before_av_hr  column-top-margin\" style='border-radius:0px; '><section class=\"av_textblock_section \"  itemscope=\"itemscope\" itemtype=\"https:\/\/schema.org\/BlogPosting\" itemprop=\"blogPost\" ><div class='avia_textblock  '   itemprop=\"text\" ><p style=\"text-align: justify;\">La representante del Presidente Sebasti\u00e1n Pi\u00f1era recalc\u00f3 que de las 96 iniciativas planificadas, 48 fueron ejecutadas con fondos sectoriales y que representan el 70% del financiamiento y que entre otras cosas, \u201cnos permitieron poder recuperar casi el 70% de los empleos perdidos en pandemia\u201d, dijo Margarita Ossa.<\/p>\n<p style=\"text-align: justify;\">A semanas de culminar el segundo gobierno del Presidente Sebasti\u00e1n Pi\u00f1era, es hora de empezar a realizar balances del trabajo desplegado en terreno aysenino desde el 11 de marzo de 2018 a la fecha, el cual estuvo marcado por la presentaci\u00f3n del Plan Regional de Ays\u00e9n, iniciativa que englobaba muchas demandas y que fue consensuado con los alcaldes y la comunidad.<\/p>\n<p style=\"text-align: justify;\">Seg\u00fan explic\u00f3 la Delegada Presidencial Regional de Ays\u00e9n, Margarita Ossa Rojas, dicho programa \u201cjam\u00e1s contempl\u00f3 ejecutarse en medio de una pandemia y aun as\u00ed, fuimos capaces de comprometer y atraer recursos por m\u00e1s de US$ 5 mil 780 millones para el periodo 2018-2026 y de esa manera afianzar y fortalecer nuestra regi\u00f3n en materia de infraestructura y conectividad; salud y medio ambiente, seguridad p\u00fablica y justicia y crecimiento econ\u00f3mico\u201d, dijo.<\/p>\n<p style=\"text-align: justify;\">En esa misma l\u00ednea, Ossa Rojas ahond\u00f3 en que \u201cgracias al esfuerzo de todos pudimos levantar un Plan Regional que le ha ido cambiando el rostro a la regi\u00f3n de Ays\u00e9n, principalmente gracias al financiamiento sectorial que abarc\u00f3 el 70% y del FNDR del 25%, \u00a0y espero que el pr\u00f3ximo gobierno pueda concluir lo pendiente porque son proyectos necesarios, que la gente lleva esperando por a\u00f1os poder concretar y que son de continuidad; tal como lo hicimos nosotros y los anteriores gobiernos con otros planes como el PEDZE que a pesar de algunas diferencias, se mantuvo en iniciativas priorizadas\u201d.<\/p>\n<p style=\"text-align: justify;\">En materia presupuestaria por su parte, la Delegada Presidencial Regional de Ays\u00e9n record\u00f3 que para este 2022 \u201cel gobierno del Presidente Sebasti\u00e1n Pi\u00f1era increment\u00f3 el presupuesto para el FNDR para la regi\u00f3n de Ays\u00e9n en un 6,2% &#8211; que equivale a $64.463 millones \u2013 y adem\u00e1s increment\u00f3 fuertemente los fondos para ministerios como Vivienda y el MOP que este a\u00f1o crecer\u00e1n un 20% y 7% respectivamente para de esa forma garantizar m\u00e1s recursos para nuestra regi\u00f3n\u201d, dijo Margarita Ossa.<\/p>\n<p style=\"text-align: justify;\"><strong>Empleos y vacunas<\/strong><\/p>\n<p style=\"text-align: justify;\">Primero fue el estallido social y luego la pandemia. Ambos hitos tuvieron como cosa en com\u00fan que afectaron gravemente la fuente laboral de miles de ayseninos y millones de chilenos que en el territorio tuvo un impacto en m\u00e1s de 5.300 personas.<\/p>\n<p style=\"text-align: justify;\">Gracias a la inyecci\u00f3n de recursos para la ejecuci\u00f3n del Plan Regional, y a los fondos destinados para enfrentar la pandemia de la Red de Protecci\u00f3n Social, la regi\u00f3n de Ays\u00e9n anot\u00f3 en estos \u00faltimos meses uno de los repuntes m\u00e1s fuertes en materia de empleabilidad, recuperando casi el 70% de los puestos perdidos por el Covid-19.<\/p>\n<p style=\"text-align: justify;\">Sobre aquello, la Delegada Ossa precis\u00f3 que \u201cson datos que no pueden ser desmentidos, fuimos el gobierno que recuper\u00f3 gran parte de los empleos, en tiempos de recesi\u00f3n y complejidades sanitarias, el cual fue posible gracias a un gran acuerdo pol\u00edtico que espero se pueda mantener para que las familias no vuelvan a pasar por esas incertidumbres\u201d, explic\u00f3.<\/p>\n<p style=\"text-align: justify;\">Por \u00faltimo, Margarita Ossa valor\u00f3 es esfuerzo y visi\u00f3n del gobierno en el manejo de la pandemia, \u201cespecialmente en lo que tiene que ver con la compra de las vacunas, situaci\u00f3n sin duda ejemplar en el mundo y que en nuestra regi\u00f3n se ha desarrollado exitosamente. Por lo mismo, creo que el tiempo lo terminar\u00e1 por reconocer y valorar positivamente\u201d, concluy\u00f3.<\/p>\n<\/div><\/section><\/div><div  style='height:50px' class='hr hr-invisible   avia-builder-el-6  el_after_av_one_full  el_before_av_social_share '><span class='hr-inner ' ><span class='hr-inner-style'><\/span><\/span><\/div><\/p>\n<div  class='av-social-sharing-box  avia-builder-el-7  el_after_av_hr  el_before_av_hr  '><div class='av-share-box'><h5 class='av-share-link-description av-no-toc '>Compartir esta noticia<\/h5><ul class='av-share-box-list noLightbox'><li class='av-share-link av-social-link-facebook' ><a target=\"_blank\" aria-label=\"Compartir en Facebook\" href='https:\/\/www.facebook.com\/sharer.php?u=https:\/\/radiorevelacionfm.cl\/?p=13285&#038;t=Delegada%20Margarita%20Ossa%3A%20%E2%80%9CGracias%20al%20esfuerzo%20de%20todos%20pudimos%20levantar%20un%20Plan%20Regional%20que%20le%20ha%20ido%20cambiando%20el%20rostro%20a%20la%20regi%C3%B3n%20de%20Ays%C3%A9n%E2%80%9D' aria-hidden='false' data-av_icon='\ue8f3' data-av_iconfont='entypo-fontello' title='' data-avia-related-tooltip='Compartir en Facebook' rel=\"noopener\"><span class='avia_hidden_link_text'>Compartir en Facebook<\/span><\/a><\/li><li class='av-share-link av-social-link-twitter' ><a target=\"_blank\" aria-label=\"Compartir en Twitter\" href='https:\/\/twitter.com\/share?text=Delegada%20Margarita%20Ossa%3A%20%E2%80%9CGracias%20al%20esfuerzo%20de%20todos%20pudimos%20levantar%20un%20Plan%20Regional%20que%20le%20ha%20ido%20cambiando%20el%20rostro%20a%20la%20regi%C3%B3n%20de%20Ays%C3%A9n%E2%80%9D&#038;url=https:\/\/radiorevelacionfm.cl\/?p=13285' aria-hidden='false' data-av_icon='\ue8f1' data-av_iconfont='entypo-fontello' title='' data-avia-related-tooltip='Compartir en Twitter' rel=\"noopener\"><span class='avia_hidden_link_text'>Compartir en Twitter<\/span><\/a><\/li><li class='av-share-link av-social-link-whatsapp' ><a target=\"_blank\" aria-label=\"Compartir en Whatsapp\" href='https:\/\/api.whatsapp.com\/send?text=https:\/\/radiorevelacionfm.cl\/?p=13285' aria-hidden='false' data-av_icon='\uf232' data-av_iconfont='entypo-fontello' title='' data-avia-related-tooltip='Compartir en Whatsapp' rel=\"noopener\"><span class='avia_hidden_link_text'>Compartir en Whatsapp<\/span><\/a><\/li><li class='av-share-link av-social-link-linkedin' ><a target=\"_blank\" aria-label=\"Compartir en LinkedIn\" href='https:\/\/linkedin.com\/shareArticle?mini=true&#038;title=Delegada%20Margarita%20Ossa%3A%20%E2%80%9CGracias%20al%20esfuerzo%20de%20todos%20pudimos%20levantar%20un%20Plan%20Regional%20que%20le%20ha%20ido%20cambiando%20el%20rostro%20a%20la%20regi%C3%B3n%20de%20Ays%C3%A9n%E2%80%9D&#038;url=https:\/\/radiorevelacionfm.cl\/?p=13285' aria-hidden='false' data-av_icon='\ue8fc' data-av_iconfont='entypo-fontello' title='' data-avia-related-tooltip='Compartir en LinkedIn' rel=\"noopener\"><span class='avia_hidden_link_text'>Compartir en LinkedIn<\/span><\/a><\/li><li class='av-share-link av-social-link-mail' ><a  aria-label=\"Compartir por correo\" href='mailto:?subject=Delegada%20Margarita%20Ossa%3A%20%E2%80%9CGracias%20al%20esfuerzo%20de%20todos%20pudimos%20levantar%20un%20Plan%20Regional%20que%20le%20ha%20ido%20cambiando%20el%20rostro%20a%20la%20regi%C3%B3n%20de%20Ays%C3%A9n%E2%80%9D&#038;body=https:\/\/radiorevelacionfm.cl\/?p=13285' aria-hidden='false' data-av_icon='\ue805' data-av_iconfont='entypo-fontello' title='' data-avia-related-tooltip='Compartir por correo'><span class='avia_hidden_link_text'>Compartir por correo<\/span><\/a><\/li><\/ul><\/div><\/div>\n<div  style='height:50px' class='hr hr-invisible   avia-builder-el-8  el_after_av_social_share  el_before_av_comments_list '><span class='hr-inner ' ><span class='hr-inner-style'><\/span><\/span><\/div>\n<div  class='av-buildercomment  av-blog-meta-html-info-disabled av-blog-meta-tag-disabled  '><\/div>\n","protected":false},"excerpt":{"rendered":"","protected":false},"author":1,"featured_media":13286,"comment_status":"open","ping_status":"open","sticky":false,"template":"","format":"standard","meta":{"footnotes":""},"categories":[38],"tags":[],"class_list":["post-13285","post","type-post","status-publish","format-standard","has-post-thumbnail","hentry","category-regional"],"jetpack_featured_media_url":"https:\/\/radiorevelacionfm.cl\/wp-content\/uploads\/2022\/01\/Delegada-Presidencial-2022-01-26-1-1.jpeg","_links":{"self":[{"href":"https:\/\/radiorevelacionfm.cl\/index.php?rest_route=\/wp\/v2\/posts\/13285","targetHints":{"allow":["GET"]}}],"collection":[{"href":"https:\/\/radiorevelacionfm.cl\/index.php?rest_route=\/wp\/v2\/posts"}],"about":[{"href":"https:\/\/radiorevelacionfm.cl\/index.php?rest_route=\/wp\/v2\/types\/post"}],"author":[{"embeddable":true,"href":"https:\/\/radiorevelacionfm.cl\/index.php?rest_route=\/wp\/v2\/users\/1"}],"replies":[{"embeddable":true,"href":"https:\/\/radiorevelacionfm.cl\/index.php?rest_route=%2Fwp%2Fv2%2Fcomments&post=13285"}],"version-history":[{"count":2,"href":"https:\/\/radiorevelacionfm.cl\/index.php?rest_route=\/wp\/v2\/posts\/13285\/revisions"}],"predecessor-version":[{"id":13288,"href":"https:\/\/radiorevelacionfm.cl\/index.php?rest_route=\/wp\/v2\/posts\/13285\/revisions\/13288"}],"wp:featuredmedia":[{"embeddable":true,"href":"https:\/\/radiorevelacionfm.cl\/index.php?rest_route=\/wp\/v2\/media\/13286"}],"wp:attachment":[{"href":"https:\/\/radiorevelacionfm.cl\/index.php?rest_route=%2Fwp%2Fv2%2Fmedia&parent=13285"}],"wp:term":[{"taxonomy":"category","embeddable":true,"href":"https:\/\/radiorevelacionfm.cl\/index.php?rest_route=%2Fwp%2Fv2%2Fcategories&post=13285"},{"taxonomy":"post_tag","embeddable":true,"href":"https:\/\/radiorevelacionfm.cl\/index.php?rest_route=%2Fwp%2Fv2%2Ftags&post=13285"}],"curies":[{"name":"wp","href":"https:\/\/api.w.org\/{rel}","templated":true}]}}