{"id":13274,"date":"2022-01-26T23:56:06","date_gmt":"2022-01-27T02:56:06","guid":{"rendered":"https:\/\/radiorevelacionfm.cl\/?p=13274"},"modified":"2022-01-26T23:56:06","modified_gmt":"2022-01-27T02:56:06","slug":"fiscalia-y-os-7-investiga-y-detiene-a-un-sujeto-por-trafico-de-drogas-en-puerto-cisnes","status":"publish","type":"post","link":"https:\/\/radiorevelacionfm.cl\/?p=13274","title":{"rendered":"Fiscal\u00eda y OS 7 investiga y detiene a un sujeto por tr\u00e1fico de drogas en Puerto Cisnes"},"content":{"rendered":"<div class=\"flex_column av_one_full  flex_column_div av-zero-column-padding first  avia-builder-el-0  el_before_av_one_full  avia-builder-el-first  \" style='border-radius:0px; '><div  class='avia-image-container  av-styling-    avia-builder-el-1  avia-builder-el-no-sibling  avia-align-center '  itemprop=\"image\" itemscope=\"itemscope\" itemtype=\"https:\/\/schema.org\/ImageObject\"  ><div class='avia-image-container-inner'><div class='avia-image-overlay-wrap'><img decoding=\"async\" class='wp-image-5530 avia-img-lazy-loading-not-5530 avia_image' src=\"https:\/\/radiorevelacionfm.cl\/wp-content\/uploads\/2021\/06\/PUERTO-CISNES_01-1-1.jpg\" alt='' title='PUERTO CISNES_01 (1) (1)' height=\"600\" width=\"801\"  itemprop=\"thumbnailUrl\" srcset=\"https:\/\/radiorevelacionfm.cl\/wp-content\/uploads\/2021\/06\/PUERTO-CISNES_01-1-1.jpg 801w, https:\/\/radiorevelacionfm.cl\/wp-content\/uploads\/2021\/06\/PUERTO-CISNES_01-1-1-300x225.jpg 300w, https:\/\/radiorevelacionfm.cl\/wp-content\/uploads\/2021\/06\/PUERTO-CISNES_01-1-1-768x575.jpg 768w, https:\/\/radiorevelacionfm.cl\/wp-content\/uploads\/2021\/06\/PUERTO-CISNES_01-1-1-705x528.jpg 705w, https:\/\/radiorevelacionfm.cl\/wp-content\/uploads\/2021\/06\/PUERTO-CISNES_01-1-1-600x449.jpg 600w\" sizes=\"(max-width: 801px) 100vw, 801px\" \/><\/div><\/div><\/div><\/div><div class=\"flex_column av_one_full  flex_column_div av-zero-column-padding first  avia-builder-el-2  el_after_av_one_full  el_before_av_one_full  column-top-margin\" style='border-radius:0px; '><section class=\"av_textblock_section \"  itemscope=\"itemscope\" itemtype=\"https:\/\/schema.org\/BlogPosting\" itemprop=\"blogPost\" ><div class='avia_textblock  '   itemprop=\"text\" ><p style=\"text-align: center;\"><strong><span style=\"font-size: 18pt;\">Fiscal\u00eda y OS 7 investiga y detiene a un sujeto por tr\u00e1fico de drogas en Puerto Cisnes<\/span><\/strong><\/p>\n<div id=\"gtx-trans\" style=\"position: absolute; left: -50px; top: 4.31534px;\">\n<div class=\"gtx-trans-icon\"><\/div>\n<\/div>\n<\/div><\/section><\/div><div class=\"flex_column av_one_full  flex_column_div av-zero-column-padding first  avia-builder-el-4  el_after_av_one_full  el_before_av_hr  column-top-margin\" style='border-radius:0px; '><section class=\"av_textblock_section \"  itemscope=\"itemscope\" itemtype=\"https:\/\/schema.org\/BlogPosting\" itemprop=\"blogPost\" ><div class='avia_textblock  '   itemprop=\"text\" ><p style=\"text-align: justify;\">En las \u00faltimas horas la Fiscal\u00eda local de Ays\u00e9n en conjunto al OS 7 de Carabineros de Coyhaique, realizaron una diligencia en la localidad de Puerto Cisnes donde se detuvo a un sujeto, residente de la localidad, quien se dedicaba a la comercializaci\u00f3n de sustancias il\u00edcitas mediante las redes sociales.<\/p>\n<p style=\"text-align: justify;\">Fue mediante un agente encubierto de la polic\u00eda que se logr\u00f3 la detenci\u00f3n en flagrancia del imputado. As\u00ed lo detall\u00f3 el fiscal jefe de Puerto Ays\u00e9n, Pedro Poblete Viejo. \u201cLa Fiscal\u00eda local de Puerto Ays\u00e9n se encuentra realizando una investigaci\u00f3n por el delito de tr\u00e1fico de drogas, estos hechos habr\u00edan ocurrido en la localidad de Puerto Cisnes. Donde en el marco de diligencias instruidas por la Fiscal\u00eda local Cisnes al departamento OS 7 de Carabineros, se pudo proceder a la detenci\u00f3n de un sujeto, vecino de esta localidad, quien se dedicaba a la venta de estas sustancias il\u00edcitas a trav\u00e9s de redes sociales\u201d.<\/p>\n<p style=\"text-align: justify;\">Seg\u00fan agrega el fiscal Poblete, la diligencia continua, \u201ca trav\u00e9s de la utilizaci\u00f3n de las t\u00e9cnicas previstas en la ley 20 mil, se pudo disponer de la detenci\u00f3n de esta persona el d\u00eda lunes, en situaci\u00f3n de flagrancia, cuando agentes reveladores adquirieron esta sustancia. Fue puesto a disposici\u00f3n del Tribunal de Garant\u00eda el d\u00eda de hoy, oportunidad en la cual, fue formalizado por este delito de tr\u00e1fico de drogas, estamos hablando aproximadamente de 100 gramos tanto de clorhidrato de coca\u00edna como de cannabis sativa, que el imputado manten\u00eda en su poder\u201d.<\/p>\n<p style=\"text-align: justify;\">El imputado fue sorprendido tambi\u00e9n con elementos propios para la dosificaci\u00f3n, que luego dar\u00eda paso a la distribuci\u00f3n y comercializado en los consumidores de la comuna. El Tribunal determin\u00f3 un plazo de 90 d\u00edas para el t\u00e9rmino de la investigaci\u00f3n.<\/p>\n<\/div><\/section><\/div><div  style='height:50px' class='hr hr-invisible   avia-builder-el-6  el_after_av_one_full  el_before_av_social_share '><span class='hr-inner ' ><span class='hr-inner-style'><\/span><\/span><\/div><\/p>\n<div  class='av-social-sharing-box  avia-builder-el-7  el_after_av_hr  el_before_av_hr  '><div class='av-share-box'><h5 class='av-share-link-description av-no-toc '>Compartir esta noticia<\/h5><ul class='av-share-box-list noLightbox'><li class='av-share-link av-social-link-facebook' ><a target=\"_blank\" aria-label=\"Compartir en Facebook\" href='https:\/\/www.facebook.com\/sharer.php?u=https:\/\/radiorevelacionfm.cl\/?p=13274&#038;t=Fiscal%C3%ADa%20y%20OS%207%20investiga%20y%20detiene%20a%20un%20sujeto%20por%20tr%C3%A1fico%20de%20drogas%20en%20Puerto%20Cisnes' aria-hidden='false' data-av_icon='\ue8f3' data-av_iconfont='entypo-fontello' title='' data-avia-related-tooltip='Compartir en Facebook' rel=\"noopener\"><span class='avia_hidden_link_text'>Compartir en Facebook<\/span><\/a><\/li><li class='av-share-link av-social-link-twitter' ><a target=\"_blank\" aria-label=\"Compartir en Twitter\" href='https:\/\/twitter.com\/share?text=Fiscal%C3%ADa%20y%20OS%207%20investiga%20y%20detiene%20a%20un%20sujeto%20por%20tr%C3%A1fico%20de%20drogas%20en%20Puerto%20Cisnes&#038;url=https:\/\/radiorevelacionfm.cl\/?p=13274' aria-hidden='false' data-av_icon='\ue8f1' data-av_iconfont='entypo-fontello' title='' data-avia-related-tooltip='Compartir en Twitter' rel=\"noopener\"><span class='avia_hidden_link_text'>Compartir en Twitter<\/span><\/a><\/li><li class='av-share-link av-social-link-whatsapp' ><a target=\"_blank\" aria-label=\"Compartir en Whatsapp\" href='https:\/\/api.whatsapp.com\/send?text=https:\/\/radiorevelacionfm.cl\/?p=13274' aria-hidden='false' data-av_icon='\uf232' data-av_iconfont='entypo-fontello' title='' data-avia-related-tooltip='Compartir en Whatsapp' rel=\"noopener\"><span class='avia_hidden_link_text'>Compartir en Whatsapp<\/span><\/a><\/li><li class='av-share-link av-social-link-linkedin' ><a target=\"_blank\" aria-label=\"Compartir en LinkedIn\" href='https:\/\/linkedin.com\/shareArticle?mini=true&#038;title=Fiscal%C3%ADa%20y%20OS%207%20investiga%20y%20detiene%20a%20un%20sujeto%20por%20tr%C3%A1fico%20de%20drogas%20en%20Puerto%20Cisnes&#038;url=https:\/\/radiorevelacionfm.cl\/?p=13274' aria-hidden='false' data-av_icon='\ue8fc' data-av_iconfont='entypo-fontello' title='' data-avia-related-tooltip='Compartir en LinkedIn' rel=\"noopener\"><span class='avia_hidden_link_text'>Compartir en LinkedIn<\/span><\/a><\/li><li class='av-share-link av-social-link-mail' ><a  aria-label=\"Compartir por correo\" href='mailto:?subject=Fiscal%C3%ADa%20y%20OS%207%20investiga%20y%20detiene%20a%20un%20sujeto%20por%20tr%C3%A1fico%20de%20drogas%20en%20Puerto%20Cisnes&#038;body=https:\/\/radiorevelacionfm.cl\/?p=13274' aria-hidden='false' data-av_icon='\ue805' data-av_iconfont='entypo-fontello' title='' data-avia-related-tooltip='Compartir por correo'><span class='avia_hidden_link_text'>Compartir por correo<\/span><\/a><\/li><\/ul><\/div><\/div>\n<div  style='height:50px' class='hr hr-invisible   avia-builder-el-8  el_after_av_social_share  el_before_av_comments_list '><span class='hr-inner ' ><span class='hr-inner-style'><\/span><\/span><\/div>\n<div  class='av-buildercomment  av-blog-meta-html-info-disabled av-blog-meta-tag-disabled  '><\/div>\n","protected":false},"excerpt":{"rendered":"","protected":false},"author":1,"featured_media":5530,"comment_status":"open","ping_status":"open","sticky":false,"template":"","format":"standard","meta":{"footnotes":""},"categories":[36],"tags":[],"class_list":["post-13274","post","type-post","status-publish","format-standard","has-post-thumbnail","hentry","category-policial"],"jetpack_featured_media_url":"https:\/\/radiorevelacionfm.cl\/wp-content\/uploads\/2021\/06\/PUERTO-CISNES_01-1-1.jpg","_links":{"self":[{"href":"https:\/\/radiorevelacionfm.cl\/index.php?rest_route=\/wp\/v2\/posts\/13274","targetHints":{"allow":["GET"]}}],"collection":[{"href":"https:\/\/radiorevelacionfm.cl\/index.php?rest_route=\/wp\/v2\/posts"}],"about":[{"href":"https:\/\/radiorevelacionfm.cl\/index.php?rest_route=\/wp\/v2\/types\/post"}],"author":[{"embeddable":true,"href":"https:\/\/radiorevelacionfm.cl\/index.php?rest_route=\/wp\/v2\/users\/1"}],"replies":[{"embeddable":true,"href":"https:\/\/radiorevelacionfm.cl\/index.php?rest_route=%2Fwp%2Fv2%2Fcomments&post=13274"}],"version-history":[{"count":2,"href":"https:\/\/radiorevelacionfm.cl\/index.php?rest_route=\/wp\/v2\/posts\/13274\/revisions"}],"predecessor-version":[{"id":13277,"href":"https:\/\/radiorevelacionfm.cl\/index.php?rest_route=\/wp\/v2\/posts\/13274\/revisions\/13277"}],"wp:featuredmedia":[{"embeddable":true,"href":"https:\/\/radiorevelacionfm.cl\/index.php?rest_route=\/wp\/v2\/media\/5530"}],"wp:attachment":[{"href":"https:\/\/radiorevelacionfm.cl\/index.php?rest_route=%2Fwp%2Fv2%2Fmedia&parent=13274"}],"wp:term":[{"taxonomy":"category","embeddable":true,"href":"https:\/\/radiorevelacionfm.cl\/index.php?rest_route=%2Fwp%2Fv2%2Fcategories&post=13274"},{"taxonomy":"post_tag","embeddable":true,"href":"https:\/\/radiorevelacionfm.cl\/index.php?rest_route=%2Fwp%2Fv2%2Ftags&post=13274"}],"curies":[{"name":"wp","href":"https:\/\/api.w.org\/{rel}","templated":true}]}}