{"id":13271,"date":"2022-01-27T09:46:56","date_gmt":"2022-01-27T12:46:56","guid":{"rendered":"https:\/\/radiorevelacionfm.cl\/?p=13271"},"modified":"2022-01-27T09:46:56","modified_gmt":"2022-01-27T12:46:56","slug":"invitan-a-emprendedores-y-emprendedoras-de-aysen-a-postular-a-programas-semilla-inicia-y-semilla-expande","status":"publish","type":"post","link":"https:\/\/radiorevelacionfm.cl\/?p=13271","title":{"rendered":"Invitan a emprendedores y emprendedoras de Ays\u00e9n a postular a programas Semilla Inicia y Semilla Expande"},"content":{"rendered":"<div class=\"flex_column av_one_full  flex_column_div av-zero-column-padding first  avia-builder-el-0  el_before_av_one_full  avia-builder-el-first  \" style='border-radius:0px; '><div  class='avia-image-container  av-styling-    avia-builder-el-1  avia-builder-el-no-sibling  avia-align-center '  itemprop=\"image\" itemscope=\"itemscope\" itemtype=\"https:\/\/schema.org\/ImageObject\"  ><div class='avia-image-container-inner'><div class='avia-image-overlay-wrap'><img decoding=\"async\" class='wp-image-13272 avia-img-lazy-loading-not-13272 avia_image' src=\"https:\/\/radiorevelacionfm.cl\/wp-content\/uploads\/2022\/01\/Semilla-Inicia-2022_2-1-1.jpg\" alt='' title='Semilla Inicia 2022_2 (1) (1)' height=\"600\" width=\"1162\"  itemprop=\"thumbnailUrl\" srcset=\"https:\/\/radiorevelacionfm.cl\/wp-content\/uploads\/2022\/01\/Semilla-Inicia-2022_2-1-1.jpg 1162w, https:\/\/radiorevelacionfm.cl\/wp-content\/uploads\/2022\/01\/Semilla-Inicia-2022_2-1-1-300x155.jpg 300w, https:\/\/radiorevelacionfm.cl\/wp-content\/uploads\/2022\/01\/Semilla-Inicia-2022_2-1-1-1030x532.jpg 1030w, https:\/\/radiorevelacionfm.cl\/wp-content\/uploads\/2022\/01\/Semilla-Inicia-2022_2-1-1-768x397.jpg 768w, https:\/\/radiorevelacionfm.cl\/wp-content\/uploads\/2022\/01\/Semilla-Inicia-2022_2-1-1-705x364.jpg 705w, https:\/\/radiorevelacionfm.cl\/wp-content\/uploads\/2022\/01\/Semilla-Inicia-2022_2-1-1-600x310.jpg 600w\" sizes=\"(max-width: 1162px) 100vw, 1162px\" \/><\/div><\/div><\/div><\/div><div class=\"flex_column av_one_full  flex_column_div av-zero-column-padding first  avia-builder-el-2  el_after_av_one_full  el_before_av_one_full  column-top-margin\" style='border-radius:0px; '><section class=\"av_textblock_section \"  itemscope=\"itemscope\" itemtype=\"https:\/\/schema.org\/BlogPosting\" itemprop=\"blogPost\" ><div class='avia_textblock  '   itemprop=\"text\" ><p style=\"text-align: center;\"><span style=\"font-size: 18pt;\"><strong>Invitan a emprendedores y emprendedoras de Ays\u00e9n a postular a programas Semilla Inicia y Semilla Expande<\/strong><\/span><\/p>\n<div id=\"gtx-trans\" style=\"position: absolute; left: -50px; top: 4.31534px;\">\n<div class=\"gtx-trans-icon\"><\/div>\n<\/div>\n<\/div><\/section><\/div><div class=\"flex_column av_one_full  flex_column_div av-zero-column-padding first  avia-builder-el-4  el_after_av_one_full  el_before_av_hr  column-top-margin\" style='border-radius:0px; '><section class=\"av_textblock_section \"  itemscope=\"itemscope\" itemtype=\"https:\/\/schema.org\/BlogPosting\" itemprop=\"blogPost\" ><div class='avia_textblock  '   itemprop=\"text\" ><p style=\"text-align: justify;\">Corfo abri\u00f3 las postulaciones a dos de sus emblem\u00e1ticos programas de emprendimiento para las 16 regiones del pa\u00eds: <strong>Semilla Inicia y Semilla Expande<\/strong>. Este \u00faltimo por primera vez est\u00e1 dirigido exclusivamente a empresas lideradas por mujeres.<\/p>\n<p style=\"text-align: justify;\">Ambos instrumentos cuentan con focos seg\u00fan la etapa de desarrollo en la que se encuentren los emprendimientos, ya sea en fase de idea y validaci\u00f3n en el mercado (Semilla Inicia), o bien, con ventas iniciales esperando lograr la consolidaci\u00f3n de su negocio (Semilla Expande).<\/p>\n<p style=\"text-align: justify;\">Omar Mu\u00f1oz Sierra, director de Corfo Ays\u00e9n, explic\u00f3 que \u201cuno de los prop\u00f3sitos de Corfo es generar las condiciones para que m\u00e1s personas puedan emprender. Es por ello que hemos abierto estas dos convocatorias para apoyar a quienes est\u00e9n buscando emprender o bien para que empresas lideradas por mujeres puedan consolidar su modelo de negocio a nivel nacional e internacional. Estas convocatorias est\u00e1n orientadas a apoyar emprendimientos innovadores, esto es, proyectos cuya soluci\u00f3n propuesta a una problem\u00e1tica relevante, representa un nuevo o mejorado producto o servicio, que corresponda a un desarrollo del equipo emprendedor, que tenga un alcance nacional y potencial de exportar\u201d.<\/p>\n<p style=\"text-align: justify;\">El Director Regional se\u00f1al\u00f3 que en Ays\u00e9n existen ejemplos de iniciativas apoyadas por estos programas, como es el caso de Camila Gratac\u00f3s y Camila Gonz\u00e1lez de <a href=\"https:\/\/www.instagram.com\/aguadal_patagonia\/\"><strong>Aguadal<\/strong><\/a>, iniciativa apoyada con el Semilla Inicia que a trav\u00e9s de la reutilizaci\u00f3n del aceite quemado, elaboran detergente biodegradable o el caso de Carolina Jara, fundadora de <a href=\"https:\/\/www.instagram.com\/suryuispatagonia\/?hl=es-la\"><strong>Suryuis<\/strong><\/a>, extracto con frutos silvestres de Maqui y Calafate que tienen un alto poder de antioxidantes, que a trav\u00e9s del programa Semilla Expande, se abri\u00f3 al mercado asi\u00e1tico.<\/p>\n<p style=\"text-align: justify;\"><strong>PROGRAMAS <\/strong><\/p>\n<p style=\"text-align: justify;\"><a href=\"https:\/\/www.corfo.cl\/sites\/cpp\/convocatorias\/semilla_inicia_\"><strong>Semilla Inicia<\/strong><\/a><strong>:<\/strong> Subsidio destinado a aquellos emprendimientos en fase inicial (etapa de idea, prototipo o con la soluci\u00f3n ya terminada)<strong>, <\/strong>sin ventas y \u00a0que se puedan implementar r\u00e1pidamente, para que desarrollen actividades con el fin de lograr la validaci\u00f3n t\u00e9cnica y comercial del proyecto.<\/p>\n<p style=\"text-align: justify;\">Corfo cofinanciar\u00e1 hasta el 75% del costo total del proyecto, con un tope de hasta $15.000.000. Pero si el emprendimiento es liderado por mujeres, este cofinanciamiento aumenta hasta un 85% del total del proyecto, con un tope de hasta $17.000.000.<\/p>\n<p style=\"text-align: justify;\">Pueden postular a Semilla Inicia las Personas Naturales (mayores de 18 a\u00f1os con residencia en Chile), o Personas Jur\u00eddicas (constituidas en Chile con una antig\u00fcedad de hasta 18 meses).<\/p>\n<p style=\"text-align: justify;\"><a href=\"https:\/\/www.corfo.cl\/sites\/cpp\/convocatorias\/semilla_expande_emprendimientos_liderados_por_mujeres\"><strong>Semilla Expande para empresas lideradas por mujeres<\/strong><\/a><strong>:<\/strong> Programa destinado a emprendimientos que cuenten con ventas iniciales, permitiendo financiar actividades para lograr el despegue comercial de su negocio.<\/p>\n<p style=\"text-align: justify;\">Corfo entregar\u00e1 un cofinanciamiento hasta el 85% del costo total del proyecto, distribuido en dos etapas: la primera con acceso a $28.333.334; los proyectos que logren buenos resultados en ese periodo, tendr\u00e1n la opci\u00f3n de una extensi\u00f3n (segunda etapa), con un cofinanciamiento adicional de hasta $22.666.667.<\/p>\n<p style=\"text-align: justify;\">A este instrumento pueden postular Personas Jur\u00eddicas constituidas en Chile, lideradas por mujeres; con menos de 36 meses de inicio de actividades ante el SII, y con ventas menores a $60 millones, en los \u00faltimos 12 meses.<\/p>\n<p style=\"text-align: justify;\">Ambas convocatorias tienen distintas fechas de cierre: <strong>Semilla Inicia<\/strong> estar\u00e1 disponible hasta el jueves 24 de febrero, mientras que <strong>Semilla Expande para empresas lideradas por mujeres<\/strong> hasta el martes 22 de febrero.<\/p>\n<p style=\"text-align: justify;\">Las postulaciones a los programas ya se encuentran disponibles a trav\u00e9s del sitio web de la Corporaci\u00f3n <a href=\"http:\/\/www.corfo.cl\">www.corfo.cl<\/a><\/p>\n<p style=\"text-align: justify;\"><strong>APOYANDO LA INTERNACIONALIZACI\u00d3N<\/strong><\/p>\n<p style=\"text-align: justify;\">Corfo tambi\u00e9n anunci\u00f3 la apertura de su programa <a href=\"https:\/\/www.corfo.cl\/sites\/cpp\/convocatorias\/viraliza_formacion_int\"><strong>Viraliza de Expansi\u00f3n Internacional<\/strong><\/a>, dirigido a entidades u organizaciones especialistas en la entrega de conocimientos y preparaci\u00f3n para que emprendedores\/as logren llegar a nuevos mercados y\/o levanten capital en el extranjero.<\/p>\n<p style=\"text-align: justify;\">A trav\u00e9s de esta iniciativa, Corfo espera apoyar alrededor de 20 instancias a nivel nacional, que puedan incluir al menos 30 emprendedores cada una, brindando acceso a asesor\u00eda y capacitaci\u00f3n de forma presencial, en la medida que las condiciones sanitarias lo permitan.<\/p>\n<p style=\"text-align: justify;\">Las instituciones interesadas en participar en esta convocatoria podr\u00e1n acceder a un cofinanciamiento de hasta 70% del costo total del proyecto, con un tope de $30 millones, para la creaci\u00f3n de cursos, talleres y\/o encuentros que impartan procesos de capacitaci\u00f3n en internacionalizaci\u00f3n de manera presencial.<\/p>\n<p style=\"text-align: justify;\">Las postulaciones a <a href=\"https:\/\/www.corfo.cl\/sites\/cpp\/convocatorias\/viraliza_formacion_int\"><strong>Viraliza de Expansi\u00f3n Internacional<\/strong><\/a> estar\u00e1n disponibles <strong>hasta el 17 de marzo de 2022<\/strong>.<\/p>\n<p style=\"text-align: justify;\">Las postulaciones de estos programas se realizan a trav\u00e9s del sitio <a href=\"www.corfo.cl\">www.corfo.cl<\/a> M\u00e1s informaci\u00f3n llamando al 67-2451250, escribiendo al correo <a href=\"mailto:oficinapartesaysen@corfo.cl\">oficinapartesaysen@corfo.cl<\/a> o directamente en la oficina de Corfo Ays\u00e9n, ubicada en Sim\u00f3n Bol\u00edvar n\u00b0 262, Coyhaique.<\/p>\n<\/div><\/section><\/div><div  style='height:50px' class='hr hr-invisible   avia-builder-el-6  el_after_av_one_full  el_before_av_social_share '><span class='hr-inner ' ><span class='hr-inner-style'><\/span><\/span><\/div><\/p>\n<div  class='av-social-sharing-box  avia-builder-el-7  el_after_av_hr  el_before_av_hr  '><div class='av-share-box'><h5 class='av-share-link-description av-no-toc '>Compartir esta noticia<\/h5><ul class='av-share-box-list noLightbox'><li class='av-share-link av-social-link-facebook' ><a target=\"_blank\" aria-label=\"Compartir en Facebook\" href='https:\/\/www.facebook.com\/sharer.php?u=https:\/\/radiorevelacionfm.cl\/?p=13271&#038;t=Invitan%20a%20emprendedores%20y%20emprendedoras%20de%20Ays%C3%A9n%20a%20postular%20a%20programas%20Semilla%20Inicia%20y%20Semilla%20Expande' aria-hidden='false' data-av_icon='\ue8f3' data-av_iconfont='entypo-fontello' title='' data-avia-related-tooltip='Compartir en Facebook' rel=\"noopener\"><span class='avia_hidden_link_text'>Compartir en Facebook<\/span><\/a><\/li><li class='av-share-link av-social-link-twitter' ><a target=\"_blank\" aria-label=\"Compartir en Twitter\" href='https:\/\/twitter.com\/share?text=Invitan%20a%20emprendedores%20y%20emprendedoras%20de%20Ays%C3%A9n%20a%20postular%20a%20programas%20Semilla%20Inicia%20y%20Semilla%20Expande&#038;url=https:\/\/radiorevelacionfm.cl\/?p=13271' aria-hidden='false' data-av_icon='\ue8f1' data-av_iconfont='entypo-fontello' title='' data-avia-related-tooltip='Compartir en Twitter' rel=\"noopener\"><span class='avia_hidden_link_text'>Compartir en Twitter<\/span><\/a><\/li><li class='av-share-link av-social-link-whatsapp' ><a target=\"_blank\" aria-label=\"Compartir en Whatsapp\" href='https:\/\/api.whatsapp.com\/send?text=https:\/\/radiorevelacionfm.cl\/?p=13271' aria-hidden='false' data-av_icon='\uf232' data-av_iconfont='entypo-fontello' title='' data-avia-related-tooltip='Compartir en Whatsapp' rel=\"noopener\"><span class='avia_hidden_link_text'>Compartir en Whatsapp<\/span><\/a><\/li><li class='av-share-link av-social-link-linkedin' ><a target=\"_blank\" aria-label=\"Compartir en LinkedIn\" href='https:\/\/linkedin.com\/shareArticle?mini=true&#038;title=Invitan%20a%20emprendedores%20y%20emprendedoras%20de%20Ays%C3%A9n%20a%20postular%20a%20programas%20Semilla%20Inicia%20y%20Semilla%20Expande&#038;url=https:\/\/radiorevelacionfm.cl\/?p=13271' aria-hidden='false' data-av_icon='\ue8fc' data-av_iconfont='entypo-fontello' title='' data-avia-related-tooltip='Compartir en LinkedIn' rel=\"noopener\"><span class='avia_hidden_link_text'>Compartir en LinkedIn<\/span><\/a><\/li><li class='av-share-link av-social-link-mail' ><a  aria-label=\"Compartir por correo\" href='mailto:?subject=Invitan%20a%20emprendedores%20y%20emprendedoras%20de%20Ays%C3%A9n%20a%20postular%20a%20programas%20Semilla%20Inicia%20y%20Semilla%20Expande&#038;body=https:\/\/radiorevelacionfm.cl\/?p=13271' aria-hidden='false' data-av_icon='\ue805' data-av_iconfont='entypo-fontello' title='' data-avia-related-tooltip='Compartir por correo'><span class='avia_hidden_link_text'>Compartir por correo<\/span><\/a><\/li><\/ul><\/div><\/div>\n<div  style='height:50px' class='hr hr-invisible   avia-builder-el-8  el_after_av_social_share  el_before_av_comments_list '><span class='hr-inner ' ><span class='hr-inner-style'><\/span><\/span><\/div>\n<div  class='av-buildercomment  av-blog-meta-html-info-disabled av-blog-meta-tag-disabled  '><\/div>\n","protected":false},"excerpt":{"rendered":"","protected":false},"author":1,"featured_media":13272,"comment_status":"open","ping_status":"open","sticky":false,"template":"","format":"standard","meta":{"footnotes":""},"categories":[38],"tags":[],"class_list":["post-13271","post","type-post","status-publish","format-standard","has-post-thumbnail","hentry","category-regional"],"jetpack_featured_media_url":"https:\/\/radiorevelacionfm.cl\/wp-content\/uploads\/2022\/01\/Semilla-Inicia-2022_2-1-1.jpg","_links":{"self":[{"href":"https:\/\/radiorevelacionfm.cl\/index.php?rest_route=\/wp\/v2\/posts\/13271","targetHints":{"allow":["GET"]}}],"collection":[{"href":"https:\/\/radiorevelacionfm.cl\/index.php?rest_route=\/wp\/v2\/posts"}],"about":[{"href":"https:\/\/radiorevelacionfm.cl\/index.php?rest_route=\/wp\/v2\/types\/post"}],"author":[{"embeddable":true,"href":"https:\/\/radiorevelacionfm.cl\/index.php?rest_route=\/wp\/v2\/users\/1"}],"replies":[{"embeddable":true,"href":"https:\/\/radiorevelacionfm.cl\/index.php?rest_route=%2Fwp%2Fv2%2Fcomments&post=13271"}],"version-history":[{"count":2,"href":"https:\/\/radiorevelacionfm.cl\/index.php?rest_route=\/wp\/v2\/posts\/13271\/revisions"}],"predecessor-version":[{"id":13280,"href":"https:\/\/radiorevelacionfm.cl\/index.php?rest_route=\/wp\/v2\/posts\/13271\/revisions\/13280"}],"wp:featuredmedia":[{"embeddable":true,"href":"https:\/\/radiorevelacionfm.cl\/index.php?rest_route=\/wp\/v2\/media\/13272"}],"wp:attachment":[{"href":"https:\/\/radiorevelacionfm.cl\/index.php?rest_route=%2Fwp%2Fv2%2Fmedia&parent=13271"}],"wp:term":[{"taxonomy":"category","embeddable":true,"href":"https:\/\/radiorevelacionfm.cl\/index.php?rest_route=%2Fwp%2Fv2%2Fcategories&post=13271"},{"taxonomy":"post_tag","embeddable":true,"href":"https:\/\/radiorevelacionfm.cl\/index.php?rest_route=%2Fwp%2Fv2%2Ftags&post=13271"}],"curies":[{"name":"wp","href":"https:\/\/api.w.org\/{rel}","templated":true}]}}