{"id":13265,"date":"2022-01-26T20:31:42","date_gmt":"2022-01-26T23:31:42","guid":{"rendered":"https:\/\/radiorevelacionfm.cl\/?p=13265"},"modified":"2022-01-26T20:31:42","modified_gmt":"2022-01-26T23:31:42","slug":"detienen-a-sujeto-que-sustrajo-vehiculo-en-coyhaique-e-incautan-arma-a-fogueo-modificada-y-un-rifle","status":"publish","type":"post","link":"https:\/\/radiorevelacionfm.cl\/?p=13265","title":{"rendered":"Detienen a sujeto que sustrajo veh\u00edculo en Coyhaique e incautan arma a fogueo modificada y un rifle"},"content":{"rendered":"<div class=\"flex_column av_one_full  flex_column_div av-zero-column-padding first  avia-builder-el-0  el_before_av_one_full  avia-builder-el-first  \" style='border-radius:0px; '><div  class='avia-image-container  av-styling-    avia-builder-el-1  avia-builder-el-no-sibling  avia-align-center '  itemprop=\"image\" itemscope=\"itemscope\" itemtype=\"https:\/\/schema.org\/ImageObject\"  ><div class='avia-image-container-inner'><div class='avia-image-overlay-wrap'><img decoding=\"async\" class='wp-image-13266 avia-img-lazy-loading-not-13266 avia_image' src=\"https:\/\/radiorevelacionfm.cl\/wp-content\/uploads\/2022\/01\/91d04edc-15e0-4f8d-a72f-04b789360c0b-1.jpg\" alt='' title='91d04edc-15e0-4f8d-a72f-04b789360c0b (1)' height=\"600\" width=\"800\"  itemprop=\"thumbnailUrl\" srcset=\"https:\/\/radiorevelacionfm.cl\/wp-content\/uploads\/2022\/01\/91d04edc-15e0-4f8d-a72f-04b789360c0b-1.jpg 800w, https:\/\/radiorevelacionfm.cl\/wp-content\/uploads\/2022\/01\/91d04edc-15e0-4f8d-a72f-04b789360c0b-1-300x225.jpg 300w, https:\/\/radiorevelacionfm.cl\/wp-content\/uploads\/2022\/01\/91d04edc-15e0-4f8d-a72f-04b789360c0b-1-768x576.jpg 768w, https:\/\/radiorevelacionfm.cl\/wp-content\/uploads\/2022\/01\/91d04edc-15e0-4f8d-a72f-04b789360c0b-1-705x529.jpg 705w, https:\/\/radiorevelacionfm.cl\/wp-content\/uploads\/2022\/01\/91d04edc-15e0-4f8d-a72f-04b789360c0b-1-600x450.jpg 600w\" sizes=\"(max-width: 800px) 100vw, 800px\" \/><\/div><\/div><\/div><\/div><div class=\"flex_column av_one_full  flex_column_div av-zero-column-padding first  avia-builder-el-2  el_after_av_one_full  el_before_av_one_full  column-top-margin\" style='border-radius:0px; '><section class=\"av_textblock_section \"  itemscope=\"itemscope\" itemtype=\"https:\/\/schema.org\/BlogPosting\" itemprop=\"blogPost\" ><div class='avia_textblock  '   itemprop=\"text\" ><p style=\"text-align: center;\"><strong><span style=\"font-size: 18pt;\">Detienen a sujeto que sustrajo veh\u00edculo en Coyhaique e incautan arma a fogueo modificada y un rifle <\/span><\/strong><\/p>\n<div id=\"gtx-trans\" style=\"position: absolute; left: -50px; top: 4.31534px;\">\n<div class=\"gtx-trans-icon\"><\/div>\n<\/div>\n<\/div><\/section><\/div><div class=\"flex_column av_one_full  flex_column_div av-zero-column-padding first  avia-builder-el-4  el_after_av_one_full  el_before_av_hr  column-top-margin\" style='border-radius:0px; '><section class=\"av_textblock_section \"  itemscope=\"itemscope\" itemtype=\"https:\/\/schema.org\/BlogPosting\" itemprop=\"blogPost\" ><div class='avia_textblock  '   itemprop=\"text\" ><p class=\"v1MsoNormal\" style=\"text-align: justify;\">La oportuna denuncia efectuada por vecinos a la Central de Comunicaciones (Cenco) de Carabineros -a trav\u00e9s del nivel de emergencias 133- permiti\u00f3 al personal de la Primera Comisar\u00eda de Coyhaique la detenci\u00f3n de un sujeto de 27 a\u00f1os de edad, sumado a la recuperaci\u00f3n de un arma a fogueo modificada, un rifle y un autom\u00f3vil que hab\u00eda sido sustra\u00eddo a su propietaria.<\/p>\n<p class=\"v1MsoNormal\" style=\"text-align: justify;\">El Comisario de Coyhaique, Mayor Franco Herrera Quezada, indic\u00f3 que alrededor de las 18:30 horas del martes la comunidad aport\u00f3 antecedentes que daban cuenta de la presencia de un veh\u00edculo de color azul con dos personas a bordo, quienes se encontrar\u00edan efectuando disparos en el sector alto de la ciudad.<\/p>\n<p class=\"v1MsoNormal\" style=\"text-align: justify;\">\u00abCarabineros concurri\u00f3 en forma inmediata al lugar \u2013dando prioridad a este tipo de procedimiento- logrando divisar a distancia el veh\u00edculo, comenzando un seguimiento, el cual finaliz\u00f3 en calle Canal Vicu\u00f1a, pr\u00f3ximo a un sitio eriazo, donde los sujetos se bajan del veh\u00edculo y se dan a la fuga, siendo detenido en el lugar el conductor\u00bb, expres\u00f3 el Oficial.<\/p>\n<p class=\"v1MsoNormal\" style=\"text-align: justify;\">Asimismo el copiloto huy\u00f3 a trav\u00e9s de este sitio eriazo cargando un rifle entre sus manos.<\/p>\n<p class=\"v1MsoNormal\" style=\"text-align: justify;\"><b>Recuperaci\u00f3n de veh\u00edculo<\/b><\/p>\n<p class=\"v1MsoNormal\" style=\"text-align: justify;\">\u00abLuego de la detenci\u00f3n del conductor, se revis\u00f3 el interior del m\u00f3vil, logrando acreditar que este manten\u00eda una pistola a fogueo adaptada para el tiro, adem\u00e1s, este veh\u00edculo hab\u00eda sido sustra\u00eddo ese mismo d\u00eda en horas de la tarde\u00bb, a\u00f1adi\u00f3.<\/p>\n<p class=\"v1MsoNormal\" style=\"text-align: justify;\">En este mismo lugar se present\u00f3 la propietaria del m\u00f3vil, quien indic\u00f3 al personal que mientras cerraba el port\u00f3n de acceso a su domicilio, dej\u00f3 el veh\u00edculo estacionado con el motor en marcha, tras lo cual los sujetos \u2013aprovechando un descuido de esta- se habr\u00edan llevado el m\u00f3vil sin su consentimiento.<\/p>\n<p class=\"v1MsoNormal\" style=\"text-align: justify;\">Respecto del detenido, se trata de una persona de nacionalidad chilena quien posee antecedentes anteriores por los delitos de robo con intimidaci\u00f3n y porte de arma blanca, siendo puesto a disposici\u00f3n de la Fiscal\u00eda.<\/p>\n<p class=\"v1MsoNormal\" style=\"text-align: justify;\">\u00abGracias a la oportuna acci\u00f3n del personal que adopt\u00f3 el procedimiento, no alcanz\u00f3 \u2013este sujeto- a hacer uso de las armas que portaban en contra del personal policial (&#8230;) no hubo disparos en el lugar y se devolvi\u00f3 el veh\u00edculo sustra\u00eddo a su propietaria, sumado a la incautaci\u00f3n de esta arma\u00bb, precis\u00f3 el Comisario de Carabineros de Coyhaique.<\/p>\n<p class=\"v1MsoNormal\" style=\"text-align: justify;\"><b>N\u00famero de serie borrado<\/b><\/p>\n<p class=\"v1MsoNormal\" style=\"text-align: justify;\">M\u00e1s tarde, vecinos localizaron un rifle que llevaba el sujeto que se dio a la fuga, el cual fue incautado. \u00abSe estableci\u00f3 que es un rifle Cal. 22 que mantiene su n\u00famero de serie borrado y es parte de las pericias el poder acreditar qui\u00e9n es el propietario y si mantiene o no alg\u00fan tipo de encargo\u00bb, expres\u00f3 el Mayor Herrera.<\/p>\n<p class=\"v1MsoNormal\" style=\"text-align: justify;\">Los antecedentes del procedimiento fueron derivados a la Fiscal\u00eda, siendo dispuesta la concurrencia del laboratorio de Criminal\u00edstica de Carabineros (Labocar) para el trabajo del sitio del suceso, sumado a la fijaci\u00f3n y levantamiento de evidencias de inter\u00e9s criminal\u00edstico.<\/p>\n<p class=\"v1MsoNormal\" style=\"text-align: justify;\">Carabineros a trav\u00e9s de la Secci\u00f3n de Investigaci\u00f3n Policial (S.I.P) contin\u00faa el desarrollo de diversas diligencias con la finalidad de dar con el paradero del sujeto que huy\u00f3 del lugar.<\/p>\n<p class=\"v1MsoNormal\" style=\"text-align: justify;\">La Instituci\u00f3n reiter\u00f3 el llamado a la comunidad a adoptar los resguardos y poner en pr\u00e1ctica medidas de autocuidado, evitando dejar veh\u00edculos en marcha, con las llaves en la chapa de contacto o con las puertas sin seguro, dada la presencia de desconocidos que aprovechan un descuido para la sustracci\u00f3n de estos o de especies desde su interior.<\/p>\n<\/div><\/section><\/div><div  style='height:50px' class='hr hr-invisible   avia-builder-el-6  el_after_av_one_full  el_before_av_social_share '><span class='hr-inner ' ><span class='hr-inner-style'><\/span><\/span><\/div><\/p>\n<div  class='av-social-sharing-box  avia-builder-el-7  el_after_av_hr  el_before_av_hr  '><div class='av-share-box'><h5 class='av-share-link-description av-no-toc '>Compartir esta noticia<\/h5><ul class='av-share-box-list noLightbox'><li class='av-share-link av-social-link-facebook' ><a target=\"_blank\" aria-label=\"Compartir en Facebook\" href='https:\/\/www.facebook.com\/sharer.php?u=https:\/\/radiorevelacionfm.cl\/?p=13265&#038;t=Detienen%20a%20sujeto%20que%20sustrajo%20veh%C3%ADculo%20en%20Coyhaique%20e%20incautan%20arma%20a%20fogueo%20modificada%20y%20un%20rifle' aria-hidden='false' data-av_icon='\ue8f3' data-av_iconfont='entypo-fontello' title='' data-avia-related-tooltip='Compartir en Facebook' rel=\"noopener\"><span class='avia_hidden_link_text'>Compartir en Facebook<\/span><\/a><\/li><li class='av-share-link av-social-link-twitter' ><a target=\"_blank\" aria-label=\"Compartir en Twitter\" href='https:\/\/twitter.com\/share?text=Detienen%20a%20sujeto%20que%20sustrajo%20veh%C3%ADculo%20en%20Coyhaique%20e%20incautan%20arma%20a%20fogueo%20modificada%20y%20un%20rifle&#038;url=https:\/\/radiorevelacionfm.cl\/?p=13265' aria-hidden='false' data-av_icon='\ue8f1' data-av_iconfont='entypo-fontello' title='' data-avia-related-tooltip='Compartir en Twitter' rel=\"noopener\"><span class='avia_hidden_link_text'>Compartir en Twitter<\/span><\/a><\/li><li class='av-share-link av-social-link-whatsapp' ><a target=\"_blank\" aria-label=\"Compartir en Whatsapp\" href='https:\/\/api.whatsapp.com\/send?text=https:\/\/radiorevelacionfm.cl\/?p=13265' aria-hidden='false' data-av_icon='\uf232' data-av_iconfont='entypo-fontello' title='' data-avia-related-tooltip='Compartir en Whatsapp' rel=\"noopener\"><span class='avia_hidden_link_text'>Compartir en Whatsapp<\/span><\/a><\/li><li class='av-share-link av-social-link-linkedin' ><a target=\"_blank\" aria-label=\"Compartir en LinkedIn\" href='https:\/\/linkedin.com\/shareArticle?mini=true&#038;title=Detienen%20a%20sujeto%20que%20sustrajo%20veh%C3%ADculo%20en%20Coyhaique%20e%20incautan%20arma%20a%20fogueo%20modificada%20y%20un%20rifle&#038;url=https:\/\/radiorevelacionfm.cl\/?p=13265' aria-hidden='false' data-av_icon='\ue8fc' data-av_iconfont='entypo-fontello' title='' data-avia-related-tooltip='Compartir en LinkedIn' rel=\"noopener\"><span class='avia_hidden_link_text'>Compartir en LinkedIn<\/span><\/a><\/li><li class='av-share-link av-social-link-mail' ><a  aria-label=\"Compartir por correo\" href='mailto:?subject=Detienen%20a%20sujeto%20que%20sustrajo%20veh%C3%ADculo%20en%20Coyhaique%20e%20incautan%20arma%20a%20fogueo%20modificada%20y%20un%20rifle&#038;body=https:\/\/radiorevelacionfm.cl\/?p=13265' aria-hidden='false' data-av_icon='\ue805' data-av_iconfont='entypo-fontello' title='' data-avia-related-tooltip='Compartir por correo'><span class='avia_hidden_link_text'>Compartir por correo<\/span><\/a><\/li><\/ul><\/div><\/div>\n<div  style='height:50px' class='hr hr-invisible   avia-builder-el-8  el_after_av_social_share  el_before_av_comments_list '><span class='hr-inner ' ><span class='hr-inner-style'><\/span><\/span><\/div>\n<div  class='av-buildercomment  av-blog-meta-html-info-disabled av-blog-meta-tag-disabled  '><\/div>\n","protected":false},"excerpt":{"rendered":"","protected":false},"author":1,"featured_media":13266,"comment_status":"open","ping_status":"open","sticky":false,"template":"","format":"standard","meta":{"footnotes":""},"categories":[36],"tags":[],"class_list":["post-13265","post","type-post","status-publish","format-standard","has-post-thumbnail","hentry","category-policial"],"jetpack_featured_media_url":"https:\/\/radiorevelacionfm.cl\/wp-content\/uploads\/2022\/01\/91d04edc-15e0-4f8d-a72f-04b789360c0b-1.jpg","_links":{"self":[{"href":"https:\/\/radiorevelacionfm.cl\/index.php?rest_route=\/wp\/v2\/posts\/13265","targetHints":{"allow":["GET"]}}],"collection":[{"href":"https:\/\/radiorevelacionfm.cl\/index.php?rest_route=\/wp\/v2\/posts"}],"about":[{"href":"https:\/\/radiorevelacionfm.cl\/index.php?rest_route=\/wp\/v2\/types\/post"}],"author":[{"embeddable":true,"href":"https:\/\/radiorevelacionfm.cl\/index.php?rest_route=\/wp\/v2\/users\/1"}],"replies":[{"embeddable":true,"href":"https:\/\/radiorevelacionfm.cl\/index.php?rest_route=%2Fwp%2Fv2%2Fcomments&post=13265"}],"version-history":[{"count":2,"href":"https:\/\/radiorevelacionfm.cl\/index.php?rest_route=\/wp\/v2\/posts\/13265\/revisions"}],"predecessor-version":[{"id":13268,"href":"https:\/\/radiorevelacionfm.cl\/index.php?rest_route=\/wp\/v2\/posts\/13265\/revisions\/13268"}],"wp:featuredmedia":[{"embeddable":true,"href":"https:\/\/radiorevelacionfm.cl\/index.php?rest_route=\/wp\/v2\/media\/13266"}],"wp:attachment":[{"href":"https:\/\/radiorevelacionfm.cl\/index.php?rest_route=%2Fwp%2Fv2%2Fmedia&parent=13265"}],"wp:term":[{"taxonomy":"category","embeddable":true,"href":"https:\/\/radiorevelacionfm.cl\/index.php?rest_route=%2Fwp%2Fv2%2Fcategories&post=13265"},{"taxonomy":"post_tag","embeddable":true,"href":"https:\/\/radiorevelacionfm.cl\/index.php?rest_route=%2Fwp%2Fv2%2Ftags&post=13265"}],"curies":[{"name":"wp","href":"https:\/\/api.w.org\/{rel}","templated":true}]}}