{"id":13261,"date":"2022-01-26T18:38:02","date_gmt":"2022-01-26T21:38:02","guid":{"rendered":"https:\/\/radiorevelacionfm.cl\/?p=13261"},"modified":"2022-01-26T18:38:02","modified_gmt":"2022-01-26T21:38:02","slug":"pdi-detuvo-a-sujeto-con-orden-de-detencion-pendiente-en-paso-fronterizo-huemules","status":"publish","type":"post","link":"https:\/\/radiorevelacionfm.cl\/?p=13261","title":{"rendered":"PDI detuvo a sujeto con orden de detenci\u00f3n pendiente en paso fronterizo Huemules"},"content":{"rendered":"<div class=\"flex_column av_one_full  flex_column_div av-zero-column-padding first  avia-builder-el-0  el_before_av_one_full  avia-builder-el-first  \" style='border-radius:0px; '><div  class='avia-image-container  av-styling-    avia-builder-el-1  avia-builder-el-no-sibling  avia-align-center '  itemprop=\"image\" itemscope=\"itemscope\" itemtype=\"https:\/\/schema.org\/ImageObject\"  ><div class='avia-image-container-inner'><div class='avia-image-overlay-wrap'><img decoding=\"async\" class='wp-image-13262 avia-img-lazy-loading-not-13262 avia_image' src=\"https:\/\/radiorevelacionfm.cl\/wp-content\/uploads\/2022\/01\/paso_huemules4-2-1.jpg\" alt='' title='paso_huemules4 (2) (1)' height=\"600\" width=\"956\"  itemprop=\"thumbnailUrl\" srcset=\"https:\/\/radiorevelacionfm.cl\/wp-content\/uploads\/2022\/01\/paso_huemules4-2-1.jpg 956w, https:\/\/radiorevelacionfm.cl\/wp-content\/uploads\/2022\/01\/paso_huemules4-2-1-300x188.jpg 300w, https:\/\/radiorevelacionfm.cl\/wp-content\/uploads\/2022\/01\/paso_huemules4-2-1-768x482.jpg 768w, https:\/\/radiorevelacionfm.cl\/wp-content\/uploads\/2022\/01\/paso_huemules4-2-1-705x442.jpg 705w, https:\/\/radiorevelacionfm.cl\/wp-content\/uploads\/2022\/01\/paso_huemules4-2-1-600x377.jpg 600w\" sizes=\"(max-width: 956px) 100vw, 956px\" \/><\/div><\/div><\/div><\/div><div class=\"flex_column av_one_full  flex_column_div av-zero-column-padding first  avia-builder-el-2  el_after_av_one_full  el_before_av_one_full  column-top-margin\" style='border-radius:0px; '><section class=\"av_textblock_section \"  itemscope=\"itemscope\" itemtype=\"https:\/\/schema.org\/BlogPosting\" itemprop=\"blogPost\" ><div class='avia_textblock  '   itemprop=\"text\" ><p style=\"text-align: center;\"><span style=\"font-size: 18pt;\"><strong>PDI detuvo a sujeto con orden de detenci\u00f3n pendiente en paso fronterizo Huemules<\/strong><\/span><\/p>\n<div id=\"gtx-trans\" style=\"position: absolute; left: -50px; top: 4.31534px;\">\n<div class=\"gtx-trans-icon\"><\/div>\n<\/div>\n<\/div><\/section><\/div><div class=\"flex_column av_one_full  flex_column_div av-zero-column-padding first  avia-builder-el-4  el_after_av_one_full  el_before_av_hr  column-top-margin\" style='border-radius:0px; '><section class=\"av_textblock_section \"  itemscope=\"itemscope\" itemtype=\"https:\/\/schema.org\/BlogPosting\" itemprop=\"blogPost\" ><div class='avia_textblock  '   itemprop=\"text\" ><p style=\"text-align: justify;\">Tras los permanentes controles en los pasos fronterizos habilitados de la regi\u00f3n, el pasado fin de semana detectives del Departamento de Migraciones Coyhaique de la PDI detuvieron en el paso fronterizo Huemules a un sujeto, mayor de edad, por mantener una orden de detenci\u00f3n pendiente por delitos de la Ley de Tr\u00e1nsito emanada por el Juzgado de Garant\u00eda de Los \u00c1ngeles.<\/p>\n<p style=\"text-align: justify;\">Al respecto, la subcomisaria Cynthia Berm\u00fadez, jefa del Departamento de Migraciones y Polic\u00eda Internacional Coyhaique, se\u00f1al\u00f3 que \u201cel pasado fin de semana, detectives de Migraciones Coyhaique lograron la detenci\u00f3n de un hombre, mayor de edad, por mantener una orden de detenci\u00f3n vigente por delitos de la Ley de Tr\u00e1nsito, emanada por el Juzgado de Los \u00c1ngeles\u201d.<\/p>\n<p style=\"text-align: justify;\">Adem\u00e1s, la oficial Berm\u00fadez indic\u00f3 que \u201cgracias a los controles que realizamos d\u00eda a d\u00eda del flujo migratorio en los pasos fronterizos habilitados de la regi\u00f3n y tras la revisi\u00f3n de antecedentes e informaci\u00f3n en nuestros sistemas institucionales, logramos verificar a quienes mantienen causas vigentes con la justicia, poni\u00e9ndolos a disposici\u00f3n de los Tribunales respectivos\u201d.<\/p>\n<p style=\"text-align: justify;\">El sujeto fue puesto a disposici\u00f3n del Juzgado de Garant\u00eda de Coyhaique para su control de detenci\u00f3n y continuar con su proceso judicial pendiente.<\/p>\n<\/div><\/section><\/div><div  style='height:50px' class='hr hr-invisible   avia-builder-el-6  el_after_av_one_full  el_before_av_social_share '><span class='hr-inner ' ><span class='hr-inner-style'><\/span><\/span><\/div><\/p>\n<div  class='av-social-sharing-box  avia-builder-el-7  el_after_av_hr  el_before_av_hr  '><div class='av-share-box'><h5 class='av-share-link-description av-no-toc '>Compartir esta noticia<\/h5><ul class='av-share-box-list noLightbox'><li class='av-share-link av-social-link-facebook' ><a target=\"_blank\" aria-label=\"Compartir en Facebook\" href='https:\/\/www.facebook.com\/sharer.php?u=https:\/\/radiorevelacionfm.cl\/?p=13261&#038;t=PDI%20detuvo%20a%20sujeto%20con%20orden%20de%20detenci%C3%B3n%20pendiente%20en%20paso%20fronterizo%20Huemules' aria-hidden='false' data-av_icon='\ue8f3' data-av_iconfont='entypo-fontello' title='' data-avia-related-tooltip='Compartir en Facebook' rel=\"noopener\"><span class='avia_hidden_link_text'>Compartir en Facebook<\/span><\/a><\/li><li class='av-share-link av-social-link-twitter' ><a target=\"_blank\" aria-label=\"Compartir en Twitter\" href='https:\/\/twitter.com\/share?text=PDI%20detuvo%20a%20sujeto%20con%20orden%20de%20detenci%C3%B3n%20pendiente%20en%20paso%20fronterizo%20Huemules&#038;url=https:\/\/radiorevelacionfm.cl\/?p=13261' aria-hidden='false' data-av_icon='\ue8f1' data-av_iconfont='entypo-fontello' title='' data-avia-related-tooltip='Compartir en Twitter' rel=\"noopener\"><span class='avia_hidden_link_text'>Compartir en Twitter<\/span><\/a><\/li><li class='av-share-link av-social-link-whatsapp' ><a target=\"_blank\" aria-label=\"Compartir en Whatsapp\" href='https:\/\/api.whatsapp.com\/send?text=https:\/\/radiorevelacionfm.cl\/?p=13261' aria-hidden='false' data-av_icon='\uf232' data-av_iconfont='entypo-fontello' title='' data-avia-related-tooltip='Compartir en Whatsapp' rel=\"noopener\"><span class='avia_hidden_link_text'>Compartir en Whatsapp<\/span><\/a><\/li><li class='av-share-link av-social-link-linkedin' ><a target=\"_blank\" aria-label=\"Compartir en LinkedIn\" href='https:\/\/linkedin.com\/shareArticle?mini=true&#038;title=PDI%20detuvo%20a%20sujeto%20con%20orden%20de%20detenci%C3%B3n%20pendiente%20en%20paso%20fronterizo%20Huemules&#038;url=https:\/\/radiorevelacionfm.cl\/?p=13261' aria-hidden='false' data-av_icon='\ue8fc' data-av_iconfont='entypo-fontello' title='' data-avia-related-tooltip='Compartir en LinkedIn' rel=\"noopener\"><span class='avia_hidden_link_text'>Compartir en LinkedIn<\/span><\/a><\/li><li class='av-share-link av-social-link-mail' ><a  aria-label=\"Compartir por correo\" href='mailto:?subject=PDI%20detuvo%20a%20sujeto%20con%20orden%20de%20detenci%C3%B3n%20pendiente%20en%20paso%20fronterizo%20Huemules&#038;body=https:\/\/radiorevelacionfm.cl\/?p=13261' aria-hidden='false' data-av_icon='\ue805' data-av_iconfont='entypo-fontello' title='' data-avia-related-tooltip='Compartir por correo'><span class='avia_hidden_link_text'>Compartir por correo<\/span><\/a><\/li><\/ul><\/div><\/div>\n<div  style='height:50px' class='hr hr-invisible   avia-builder-el-8  el_after_av_social_share  el_before_av_comments_list '><span class='hr-inner ' ><span class='hr-inner-style'><\/span><\/span><\/div>\n<div  class='av-buildercomment  av-blog-meta-html-info-disabled av-blog-meta-tag-disabled  '><\/div>\n","protected":false},"excerpt":{"rendered":"","protected":false},"author":1,"featured_media":13262,"comment_status":"open","ping_status":"open","sticky":false,"template":"","format":"standard","meta":{"footnotes":""},"categories":[36],"tags":[],"class_list":["post-13261","post","type-post","status-publish","format-standard","has-post-thumbnail","hentry","category-policial"],"jetpack_featured_media_url":"https:\/\/radiorevelacionfm.cl\/wp-content\/uploads\/2022\/01\/paso_huemules4-2-1.jpg","_links":{"self":[{"href":"https:\/\/radiorevelacionfm.cl\/index.php?rest_route=\/wp\/v2\/posts\/13261","targetHints":{"allow":["GET"]}}],"collection":[{"href":"https:\/\/radiorevelacionfm.cl\/index.php?rest_route=\/wp\/v2\/posts"}],"about":[{"href":"https:\/\/radiorevelacionfm.cl\/index.php?rest_route=\/wp\/v2\/types\/post"}],"author":[{"embeddable":true,"href":"https:\/\/radiorevelacionfm.cl\/index.php?rest_route=\/wp\/v2\/users\/1"}],"replies":[{"embeddable":true,"href":"https:\/\/radiorevelacionfm.cl\/index.php?rest_route=%2Fwp%2Fv2%2Fcomments&post=13261"}],"version-history":[{"count":2,"href":"https:\/\/radiorevelacionfm.cl\/index.php?rest_route=\/wp\/v2\/posts\/13261\/revisions"}],"predecessor-version":[{"id":13264,"href":"https:\/\/radiorevelacionfm.cl\/index.php?rest_route=\/wp\/v2\/posts\/13261\/revisions\/13264"}],"wp:featuredmedia":[{"embeddable":true,"href":"https:\/\/radiorevelacionfm.cl\/index.php?rest_route=\/wp\/v2\/media\/13262"}],"wp:attachment":[{"href":"https:\/\/radiorevelacionfm.cl\/index.php?rest_route=%2Fwp%2Fv2%2Fmedia&parent=13261"}],"wp:term":[{"taxonomy":"category","embeddable":true,"href":"https:\/\/radiorevelacionfm.cl\/index.php?rest_route=%2Fwp%2Fv2%2Fcategories&post=13261"},{"taxonomy":"post_tag","embeddable":true,"href":"https:\/\/radiorevelacionfm.cl\/index.php?rest_route=%2Fwp%2Fv2%2Ftags&post=13261"}],"curies":[{"name":"wp","href":"https:\/\/api.w.org\/{rel}","templated":true}]}}