{"id":13257,"date":"2022-01-27T09:26:42","date_gmt":"2022-01-27T12:26:42","guid":{"rendered":"https:\/\/radiorevelacionfm.cl\/?p=13257"},"modified":"2022-01-27T09:26:42","modified_gmt":"2022-01-27T12:26:42","slug":"codesa-renueva-directorio-erwin-sandoval-es-el-nuevo-presidente-de-la-corporacion","status":"publish","type":"post","link":"https:\/\/radiorevelacionfm.cl\/?p=13257","title":{"rendered":"Codesa renueva directorio: Erwin Sandoval es el nuevo presidente de la corporaci\u00f3n"},"content":{"rendered":"<div class=\"flex_column av_one_full  flex_column_div av-zero-column-padding first  avia-builder-el-0  el_before_av_one_full  avia-builder-el-first  \" style='border-radius:0px; '><div  class='avia-image-container  av-styling-    avia-builder-el-1  avia-builder-el-no-sibling  avia-align-center '  itemprop=\"image\" itemscope=\"itemscope\" itemtype=\"https:\/\/schema.org\/ImageObject\"  ><div class='avia-image-container-inner'><div class='avia-image-overlay-wrap'><img decoding=\"async\" class='wp-image-13258 avia-img-lazy-loading-not-13258 avia_image' src=\"https:\/\/radiorevelacionfm.cl\/wp-content\/uploads\/2022\/01\/Erwin-Sandoval2-1-1.jpg\" alt='' title='Erwin Sandoval2 (1) (1)' height=\"600\" width=\"659\"  itemprop=\"thumbnailUrl\" srcset=\"https:\/\/radiorevelacionfm.cl\/wp-content\/uploads\/2022\/01\/Erwin-Sandoval2-1-1.jpg 659w, https:\/\/radiorevelacionfm.cl\/wp-content\/uploads\/2022\/01\/Erwin-Sandoval2-1-1-300x273.jpg 300w, https:\/\/radiorevelacionfm.cl\/wp-content\/uploads\/2022\/01\/Erwin-Sandoval2-1-1-600x546.jpg 600w\" sizes=\"(max-width: 659px) 100vw, 659px\" \/><\/div><\/div><\/div><\/div><div class=\"flex_column av_one_full  flex_column_div av-zero-column-padding first  avia-builder-el-2  el_after_av_one_full  el_before_av_one_full  column-top-margin\" style='border-radius:0px; '><section class=\"av_textblock_section \"  itemscope=\"itemscope\" itemtype=\"https:\/\/schema.org\/BlogPosting\" itemprop=\"blogPost\" ><div class='avia_textblock  '   itemprop=\"text\" ><p style=\"text-align: center;\"><span style=\"font-size: 18pt;\"><b><span lang=\"ES\">Codesa renueva directorio: Erwin Sandoval es el nuevo presidente de la corporaci<\/span><\/b><b><span lang=\"X-NONE\">\u00f3n<\/span><\/b><\/span><\/p>\n<div id=\"gtx-trans\" style=\"position: absolute; left: -50px; top: 4.31534px;\">\n<div class=\"gtx-trans-icon\"><\/div>\n<\/div>\n<\/div><\/section><\/div><div class=\"flex_column av_one_full  flex_column_div av-zero-column-padding first  avia-builder-el-4  el_after_av_one_full  el_before_av_hr  column-top-margin\" style='border-radius:0px; '><section class=\"av_textblock_section \"  itemscope=\"itemscope\" itemtype=\"https:\/\/schema.org\/BlogPosting\" itemprop=\"blogPost\" ><div class='avia_textblock  '   itemprop=\"text\" ><p class=\"v1MsoNormal\" style=\"text-align: justify;\"><span lang=\"ES\">Con una renovaci<\/span><span lang=\"X-NONE\">\u00f3n parcial del directorio, la Corporaci\u00f3n Privada para el Desarrollo de Ays\u00e9n (Codesa) eligi\u00f3 al nuevo presidente de la organizaci\u00f3n, el egresado de derecho Erwin Sandoval Gallardo. De esta forma, reemplaza a la soci\u00f3loga Ver\u00f3nica Venegas Quintana, quien condujo Codesa durante los \u00faltimos tres a\u00f1os.<\/span><\/p>\n<p class=\"v1MsoNormal\" style=\"text-align: justify;\"><span lang=\"X-NONE\">La reuni\u00f3n de directorio donde se definieron los cargos se desarroll\u00f3 el s\u00e1bado 14 de enero en el sector de Pen\u00ednsula Bah\u00eda Catalina, en las cercan\u00edas de Puerto Guadal. En la ocasi\u00f3n se realiz\u00f3 la planificaci\u00f3n del per\u00edodo que se inicia, entre las cuales se encuentra conmemorar los 30 a\u00f1os de existencia de Codesa, a trav\u00e9s de un proceso de reflexi\u00f3n colectiva sobre el habitar y desarrollo regional durante los pr\u00f3ximos a\u00f1os.<\/span><\/p>\n<p class=\"v1MsoNormal\" style=\"text-align: justify;\"><span lang=\"X-NONE\">\u00abEstamos en un proceso de consolidaci\u00f3n de cambios profundos en nuestro pa\u00eds; que obliga ciertamente a instituciones como CODESA, igualmente, a evaluar el camino recorrido, el ideario que ha sustentado a la organizaci\u00f3n en estos 30 a\u00f1os, su pr\u00e1ctica y a delinear el que queremos sea su rol en este nuevo escenario\u00bb explic\u00f3 Erwin Sandoval. En su opini\u00f3n \u00abCODESA, sin duda, ha sido un actor relevante en la deliberaci\u00f3n sobre el desarrollo sustentable de la regi\u00f3n de Ays\u00e9n desde su origen.\u00a0<span class=\"v1gmail-Apple-converted-space\">\u00a0<\/span>Nuestro desaf\u00edo hoy es continuar la senda por el Ays\u00e9n Reserva de Vida, haciendo frente a los nuevos dilemas que impone la democracia ambiental, la justicia ambiental e Intergeneracional, y la crisis clim\u00e1tica y de biodiversidad, entre otros\u00bb acot\u00f3.<span class=\"v1gmail-Apple-converted-space\">\u00a0<\/span><\/span><\/p>\n<p class=\"v1MsoNormal\" style=\"text-align: justify;\"><span lang=\"X-NONE\">Adem\u00e1s de dirigente, Erwin Sandoval ha liderado las acciones legales y administrativas que ha impulsado la organizaci\u00f3n ante irregularidades que han cometido la industria energ\u00e9tica, salmonera y minera, logrando m\u00faltiples fallos que han permitido proteger el territorio y comunidades de Ays\u00e9n. Estuvo tras los positivos resultados de Mina Javiera de Cerro Bayo, Los Domos de Equus Mining, Los Maquis de Edelays\u00e9n, por mencionar algunos casos.<\/span><\/p>\n<p class=\"v1MsoNormal\" style=\"text-align: justify;\"><span lang=\"X-NONE\">El 30 de noviembre de 2021 se realiz\u00f3 la asamblea anual de la corporaci\u00f3n donde se eligieron lo\/as directore\/as y directoras para el per\u00edodo 2021-2024, que tras su reuni\u00f3n constitutiva estableci\u00f3 los cargos.\u00a0<span class=\"v1gmail-Apple-converted-space\">\u00a0<\/span>Junto al presidente estar\u00e1n<span class=\"v1gmail-Apple-converted-space\">\u00a0<\/span>Ver\u00f3nica Venegas Quintana<span class=\"v1gmail-Apple-converted-space\">\u00a0<\/span>como vicepresidenta,<span class=\"v1gmail-Apple-converted-space\">\u00a0<\/span>Fabien Bourlon Chaboudcomo secretario,<span class=\"v1gmail-Apple-converted-space\">\u00a0<\/span>Patricio Segura Ortiz<span class=\"v1gmail-Apple-converted-space\">\u00a0<\/span>como tesorero. Directore\/as titulares son<span class=\"v1gmail-Apple-converted-space\">\u00a0<\/span>Francisca Vargas Valderrama,<span class=\"v1gmail-Apple-converted-space\">\u00a0<\/span>Alexandra Salazar Maturana<span class=\"v1gmail-Apple-converted-space\">\u00a0<\/span>y<span class=\"v1gmail-Apple-converted-space\">\u00a0<\/span>Flor Quiroz Vidal. Directore\/as suplentes<span class=\"v1gmail-Apple-converted-space\">\u00a0<\/span>Luis G\u00f3mez Parada,<span class=\"v1gmail-Apple-converted-space\">\u00a0<\/span>Isabel Venegas Valenzuela,<span class=\"v1gmail-Apple-converted-space\">\u00a0<\/span>Josefina Ruiz Catal\u00e1n,<span class=\"v1gmail-Apple-converted-space\">\u00a0<\/span>Miriam Chible Contreras<span class=\"v1gmail-Apple-converted-space\">\u00a0<\/span>\u00a0y<span class=\"v1gmail-Apple-converted-space\">\u00a0<\/span>Claudia Torres Delgado.<\/span><\/p>\n<\/div><\/section><\/div><div  style='height:50px' class='hr hr-invisible   avia-builder-el-6  el_after_av_one_full  el_before_av_social_share '><span class='hr-inner ' ><span class='hr-inner-style'><\/span><\/span><\/div><\/p>\n<div  class='av-social-sharing-box  avia-builder-el-7  el_after_av_hr  el_before_av_hr  '><div class='av-share-box'><h5 class='av-share-link-description av-no-toc '>Compartir esta noticia<\/h5><ul class='av-share-box-list noLightbox'><li class='av-share-link av-social-link-facebook' ><a target=\"_blank\" aria-label=\"Compartir en Facebook\" href='https:\/\/www.facebook.com\/sharer.php?u=https:\/\/radiorevelacionfm.cl\/?p=13257&#038;t=Codesa%20renueva%20directorio%3A%20Erwin%20Sandoval%20es%20el%20nuevo%20presidente%20de%20la%20corporaci%C3%B3n' aria-hidden='false' data-av_icon='\ue8f3' data-av_iconfont='entypo-fontello' title='' data-avia-related-tooltip='Compartir en Facebook' rel=\"noopener\"><span class='avia_hidden_link_text'>Compartir en Facebook<\/span><\/a><\/li><li class='av-share-link av-social-link-twitter' ><a target=\"_blank\" aria-label=\"Compartir en Twitter\" href='https:\/\/twitter.com\/share?text=Codesa%20renueva%20directorio%3A%20Erwin%20Sandoval%20es%20el%20nuevo%20presidente%20de%20la%20corporaci%C3%B3n&#038;url=https:\/\/radiorevelacionfm.cl\/?p=13257' aria-hidden='false' data-av_icon='\ue8f1' data-av_iconfont='entypo-fontello' title='' data-avia-related-tooltip='Compartir en Twitter' rel=\"noopener\"><span class='avia_hidden_link_text'>Compartir en Twitter<\/span><\/a><\/li><li class='av-share-link av-social-link-whatsapp' ><a target=\"_blank\" aria-label=\"Compartir en Whatsapp\" href='https:\/\/api.whatsapp.com\/send?text=https:\/\/radiorevelacionfm.cl\/?p=13257' aria-hidden='false' data-av_icon='\uf232' data-av_iconfont='entypo-fontello' title='' data-avia-related-tooltip='Compartir en Whatsapp' rel=\"noopener\"><span class='avia_hidden_link_text'>Compartir en Whatsapp<\/span><\/a><\/li><li class='av-share-link av-social-link-linkedin' ><a target=\"_blank\" aria-label=\"Compartir en LinkedIn\" href='https:\/\/linkedin.com\/shareArticle?mini=true&#038;title=Codesa%20renueva%20directorio%3A%20Erwin%20Sandoval%20es%20el%20nuevo%20presidente%20de%20la%20corporaci%C3%B3n&#038;url=https:\/\/radiorevelacionfm.cl\/?p=13257' aria-hidden='false' data-av_icon='\ue8fc' data-av_iconfont='entypo-fontello' title='' data-avia-related-tooltip='Compartir en LinkedIn' rel=\"noopener\"><span class='avia_hidden_link_text'>Compartir en LinkedIn<\/span><\/a><\/li><li class='av-share-link av-social-link-mail' ><a  aria-label=\"Compartir por correo\" href='mailto:?subject=Codesa%20renueva%20directorio%3A%20Erwin%20Sandoval%20es%20el%20nuevo%20presidente%20de%20la%20corporaci%C3%B3n&#038;body=https:\/\/radiorevelacionfm.cl\/?p=13257' aria-hidden='false' data-av_icon='\ue805' data-av_iconfont='entypo-fontello' title='' data-avia-related-tooltip='Compartir por correo'><span class='avia_hidden_link_text'>Compartir por correo<\/span><\/a><\/li><\/ul><\/div><\/div>\n<div  style='height:50px' class='hr hr-invisible   avia-builder-el-8  el_after_av_social_share  el_before_av_comments_list '><span class='hr-inner ' ><span class='hr-inner-style'><\/span><\/span><\/div>\n<div  class='av-buildercomment  av-blog-meta-html-info-disabled av-blog-meta-tag-disabled  '><\/div>\n","protected":false},"excerpt":{"rendered":"","protected":false},"author":1,"featured_media":13258,"comment_status":"open","ping_status":"open","sticky":false,"template":"","format":"standard","meta":{"footnotes":""},"categories":[38],"tags":[],"class_list":["post-13257","post","type-post","status-publish","format-standard","has-post-thumbnail","hentry","category-regional"],"jetpack_featured_media_url":"https:\/\/radiorevelacionfm.cl\/wp-content\/uploads\/2022\/01\/Erwin-Sandoval2-1-1.jpg","_links":{"self":[{"href":"https:\/\/radiorevelacionfm.cl\/index.php?rest_route=\/wp\/v2\/posts\/13257","targetHints":{"allow":["GET"]}}],"collection":[{"href":"https:\/\/radiorevelacionfm.cl\/index.php?rest_route=\/wp\/v2\/posts"}],"about":[{"href":"https:\/\/radiorevelacionfm.cl\/index.php?rest_route=\/wp\/v2\/types\/post"}],"author":[{"embeddable":true,"href":"https:\/\/radiorevelacionfm.cl\/index.php?rest_route=\/wp\/v2\/users\/1"}],"replies":[{"embeddable":true,"href":"https:\/\/radiorevelacionfm.cl\/index.php?rest_route=%2Fwp%2Fv2%2Fcomments&post=13257"}],"version-history":[{"count":2,"href":"https:\/\/radiorevelacionfm.cl\/index.php?rest_route=\/wp\/v2\/posts\/13257\/revisions"}],"predecessor-version":[{"id":13278,"href":"https:\/\/radiorevelacionfm.cl\/index.php?rest_route=\/wp\/v2\/posts\/13257\/revisions\/13278"}],"wp:featuredmedia":[{"embeddable":true,"href":"https:\/\/radiorevelacionfm.cl\/index.php?rest_route=\/wp\/v2\/media\/13258"}],"wp:attachment":[{"href":"https:\/\/radiorevelacionfm.cl\/index.php?rest_route=%2Fwp%2Fv2%2Fmedia&parent=13257"}],"wp:term":[{"taxonomy":"category","embeddable":true,"href":"https:\/\/radiorevelacionfm.cl\/index.php?rest_route=%2Fwp%2Fv2%2Fcategories&post=13257"},{"taxonomy":"post_tag","embeddable":true,"href":"https:\/\/radiorevelacionfm.cl\/index.php?rest_route=%2Fwp%2Fv2%2Ftags&post=13257"}],"curies":[{"name":"wp","href":"https:\/\/api.w.org\/{rel}","templated":true}]}}